{"id":18422,"date":"2012-08-24T17:18:10","date_gmt":"2012-08-24T20:18:10","guid":{"rendered":"https:\/\/forumjustica.com.br\/live\/?p=18422"},"modified":"2022-09-24T17:26:46","modified_gmt":"2022-09-24T20:26:46","slug":"declaracao-do-encontro-nacional-unitario-dos-trabalhadores-e-trabalhadoras-e-povos-do-campo-das-aguas-e-das-florestas","status":"publish","type":"post","link":"https:\/\/forumjustica.com.br\/en\/declaracao-do-encontro-nacional-unitario-dos-trabalhadores-e-trabalhadoras-e-povos-do-campo-das-aguas-e-das-florestas\/","title":{"rendered":"Declara\u00e7\u00e3o do Encontro Nacional Unit\u00e1rio dos Trabalhadores e Trabalhadoras e Povos do Campo, das \u00c1guas e das Florestas"},"content":{"rendered":"<p class=\"qtranxs-available-languages-message qtranxs-available-languages-message-en\">Sorry, this entry is only available in <a href=\"https:\/\/forumjustica.com.br\/pb\/wp-json\/wp\/v2\/posts\/18422\" class=\"qtranxs-available-language-link qtranxs-available-language-link-pb\" title=\"PT\">PT<\/a>.<\/p>","protected":false},"excerpt":{"rendered":"<p>Sorry, this entry is only available in PT.<\/p>\n","protected":false},"author":13,"featured_media":0,"comment_status":"closed","ping_status":"open","sticky":false,"template":"","format":"standard","meta":{"inline_featured_image":false,"footnotes":""},"categories":[194],"tags":[],"anos":[186],"projetos":[],"autorias":[169],"eixos_tematicos":[177],"locais":[283,282,281],"pessoas":[],"estado":[],"academia":[],"sociedade_civil":[],"class_list":["post-18422","post","type-post","status-publish","format-standard","hentry","category-atualizado","anos-186","autorias-outras-instituicoes","eixos_tematicos-territorios","locais-brasilia-df","locais-distrito-federal","locais-regiao-centro-oeste"],"_links":{"self":[{"href":"https:\/\/forumjustica.com.br\/en\/wp-json\/wp\/v2\/posts\/18422","targetHints":{"allow":["GET"]}}],"collection":[{"href":"https:\/\/forumjustica.com.br\/en\/wp-json\/wp\/v2\/posts"}],"about":[{"href":"https:\/\/forumjustica.com.br\/en\/wp-json\/wp\/v2\/types\/post"}],"author":[{"embeddable":true,"href":"https:\/\/forumjustica.com.br\/en\/wp-json\/wp\/v2\/users\/13"}],"replies":[{"embeddable":true,"href":"https:\/\/forumjustica.com.br\/en\/wp-json\/wp\/v2\/comments?post=18422"}],"version-history":[{"count":2,"href":"https:\/\/forumjustica.com.br\/en\/wp-json\/wp\/v2\/posts\/18422\/revisions"}],"predecessor-version":[{"id":18425,"href":"https:\/\/forumjustica.com.br\/en\/wp-json\/wp\/v2\/posts\/18422\/revisions\/18425"}],"wp:attachment":[{"href":"https:\/\/forumjustica.com.br\/en\/wp-json\/wp\/v2\/media?parent=18422"}],"wp:term":[{"taxonomy":"category","embeddable":true,"href":"https:\/\/forumjustica.com.br\/en\/wp-json\/wp\/v2\/categories?post=18422"},{"taxonomy":"post_tag","embeddable":true,"href":"https:\/\/forumjustica.com.br\/en\/wp-json\/wp\/v2\/tags?post=18422"},{"taxonomy":"anos","embeddable":true,"href":"https:\/\/forumjustica.com.br\/en\/wp-json\/wp\/v2\/anos?post=18422"},{"taxonomy":"projetos","embeddable":true,"href":"https:\/\/forumjustica.com.br\/en\/wp-json\/wp\/v2\/projetos?post=18422"},{"taxonomy":"autorias","embeddable":true,"href":"https:\/\/forumjustica.com.br\/en\/wp-json\/wp\/v2\/autorias?post=18422"},{"taxonomy":"eixos_tematicos","embeddable":true,"href":"https:\/\/forumjustica.com.br\/en\/wp-json\/wp\/v2\/eixos_tematicos?post=18422"},{"taxonomy":"locais","embeddable":true,"href":"https:\/\/forumjustica.com.br\/en\/wp-json\/wp\/v2\/locais?post=18422"},{"taxonomy":"pessoas","embeddable":true,"href":"https:\/\/forumjustica.com.br\/en\/wp-json\/wp\/v2\/pessoas?post=18422"},{"taxonomy":"estado","embeddable":true,"href":"https:\/\/forumjustica.com.br\/en\/wp-json\/wp\/v2\/estado?post=18422"},{"taxonomy":"academia","embeddable":true,"href":"https:\/\/forumjustica.com.br\/en\/wp-json\/wp\/v2\/academia?post=18422"},{"taxonomy":"sociedade_civil","embeddable":true,"href":"https:\/\/forumjustica.com.br\/en\/wp-json\/wp\/v2\/sociedade_civil?post=18422"}],"curies":[{"name":"wp","href":"https:\/\/api.w.org\/{rel}","templated":true}]}}