{"id":2912,"date":"2012-08-21T06:00:40","date_gmt":"2012-08-21T08:00:40","guid":{"rendered":"https:\/\/forumjustica.vlannetwork.com\/?p=2912"},"modified":"2022-09-04T21:16:54","modified_gmt":"2022-09-05T00:16:54","slug":"gt-privados-de-liberdade-reuniao-dia-2408","status":"publish","type":"post","link":"https:\/\/forumjustica.com.br\/en\/gt-privados-de-liberdade-reuniao-dia-2408\/","title":{"rendered":"GT Privados de Liberdade &#8211; Reuni\u00e3o dia 24\/08"},"content":{"rendered":"<p>&#8220;Ol\u00e1 pessoal,<br \/>\nProsseguindo com nossos encontros, venho lembrar que estamos agendadas (os) para o pr\u00f3ximo dia 24.08, \u00e0s 10h, no Conselho Penitenci\u00e1rio, na rua Senador Dantas, 15\/9\u00ba and, com o objetivo de pensar as a\u00e7\u00f5es estrat\u00e9gicas, pertinentes \u00e0 tem\u00e1tica de nosso grupo de trabalho, que pretendemos desenvolver no pr\u00f3ximo semestre.<br \/>\nTamb\u00e9m vamos criar o grupo virtual GT PRIVADOS DE LIBERDADE, mecanismo \u00fatil para otimizar nossas discuss\u00f5es e compatibilizar agendas, al\u00e9m de facilitar a reuni\u00e3o das atividades programadas relacionadas aos interesses desse grupo de trabalho.<br \/>\nPor fim, queria informar que sistema prisional foi escolhido como tema de campanha da Associa\u00e7\u00e3o Nacional de Defensores P\u00fablicos &#8211; ANADEP para o pr\u00f3ximo ano e na minha opini\u00e3o o GT privados de liberdade deveria ter participa\u00e7\u00e3o ativa, inclusive atuando na coleta de diagn\u00f3sticos e fornecendo aportes para a referida campanha.<br \/>\nAna Carolina Costa<br \/>\nFacilitadora do GT Privados de Liberdade&#8221;<\/p>\n","protected":false},"excerpt":{"rendered":"<p>&#8220;Ol\u00e1 pessoal, Prosseguindo com nossos encontros, venho lembrar que estamos agendadas (os) para o pr\u00f3ximo dia 24.08, \u00e0s 10h, no Conselho Penitenci\u00e1rio, na rua Senador Dantas, 15\/9\u00ba and, com o objetivo de pensar as a\u00e7\u00f5es estrat\u00e9gicas, pertinentes \u00e0 tem\u00e1tica de nosso grupo de trabalho, que pretendemos desenvolver no pr\u00f3ximo semestre. Tamb\u00e9m vamos criar o grupo [&hellip;]<\/p>\n","protected":false},"author":13,"featured_media":0,"comment_status":"open","ping_status":"open","sticky":false,"template":"","format":"standard","meta":{"inline_featured_image":false,"footnotes":""},"categories":[1],"tags":[],"anos":[],"projetos":[],"autorias":[],"eixos_tematicos":[],"locais":[],"pessoas":[],"estado":[],"academia":[],"sociedade_civil":[],"class_list":["post-2912","post","type-post","status-publish","format-standard","hentry","category-noticias"],"_links":{"self":[{"href":"https:\/\/forumjustica.com.br\/en\/wp-json\/wp\/v2\/posts\/2912","targetHints":{"allow":["GET"]}}],"collection":[{"href":"https:\/\/forumjustica.com.br\/en\/wp-json\/wp\/v2\/posts"}],"about":[{"href":"https:\/\/forumjustica.com.br\/en\/wp-json\/wp\/v2\/types\/post"}],"author":[{"embeddable":true,"href":"https:\/\/forumjustica.com.br\/en\/wp-json\/wp\/v2\/users\/13"}],"replies":[{"embeddable":true,"href":"https:\/\/forumjustica.com.br\/en\/wp-json\/wp\/v2\/comments?post=2912"}],"version-history":[{"count":1,"href":"https:\/\/forumjustica.com.br\/en\/wp-json\/wp\/v2\/posts\/2912\/revisions"}],"predecessor-version":[{"id":18017,"href":"https:\/\/forumjustica.com.br\/en\/wp-json\/wp\/v2\/posts\/2912\/revisions\/18017"}],"wp:attachment":[{"href":"https:\/\/forumjustica.com.br\/en\/wp-json\/wp\/v2\/media?parent=2912"}],"wp:term":[{"taxonomy":"category","embeddable":true,"href":"https:\/\/forumjustica.com.br\/en\/wp-json\/wp\/v2\/categories?post=2912"},{"taxonomy":"post_tag","embeddable":true,"href":"https:\/\/forumjustica.com.br\/en\/wp-json\/wp\/v2\/tags?post=2912"},{"taxonomy":"anos","embeddable":true,"href":"https:\/\/forumjustica.com.br\/en\/wp-json\/wp\/v2\/anos?post=2912"},{"taxonomy":"projetos","embeddable":true,"href":"https:\/\/forumjustica.com.br\/en\/wp-json\/wp\/v2\/projetos?post=2912"},{"taxonomy":"autorias","embeddable":true,"href":"https:\/\/forumjustica.com.br\/en\/wp-json\/wp\/v2\/autorias?post=2912"},{"taxonomy":"eixos_tematicos","embeddable":true,"href":"https:\/\/forumjustica.com.br\/en\/wp-json\/wp\/v2\/eixos_tematicos?post=2912"},{"taxonomy":"locais","embeddable":true,"href":"https:\/\/forumjustica.com.br\/en\/wp-json\/wp\/v2\/locais?post=2912"},{"taxonomy":"pessoas","embeddable":true,"href":"https:\/\/forumjustica.com.br\/en\/wp-json\/wp\/v2\/pessoas?post=2912"},{"taxonomy":"estado","embeddable":true,"href":"https:\/\/forumjustica.com.br\/en\/wp-json\/wp\/v2\/estado?post=2912"},{"taxonomy":"academia","embeddable":true,"href":"https:\/\/forumjustica.com.br\/en\/wp-json\/wp\/v2\/academia?post=2912"},{"taxonomy":"sociedade_civil","embeddable":true,"href":"https:\/\/forumjustica.com.br\/en\/wp-json\/wp\/v2\/sociedade_civil?post=2912"}],"curies":[{"name":"wp","href":"https:\/\/api.w.org\/{rel}","templated":true}]}}