{"id":2929,"date":"2012-08-21T18:00:53","date_gmt":"2012-08-21T20:00:53","guid":{"rendered":"https:\/\/forumjustica.vlannetwork.com\/?p=2929"},"modified":"2022-09-04T21:16:54","modified_gmt":"2022-09-05T00:16:54","slug":"audiencia-publica-discute-atuacao-extrajudicial-da-defensoria-publica","status":"publish","type":"post","link":"https:\/\/forumjustica.com.br\/en\/audiencia-publica-discute-atuacao-extrajudicial-da-defensoria-publica\/","title":{"rendered":"AUDI\u00caNCIA P\u00daBLICA DISCUTE ATUA\u00c7\u00c3O EXTRAJUDICIAL DA DEFENSORIA P\u00daBLICA"},"content":{"rendered":"<p><img loading=\"lazy\" decoding=\"async\" src=\"https:\/\/forumjustica.com.br\/wp-content\/uploads\/2012\/08\/Boletim_2-300x201.jpg\" alt=\"\" title=\"Boletim_2\" width=\"300\" height=\"201\" class=\"alignright size-medium wp-image-2927\" srcset=\"https:\/\/forumjustica.com.br\/wp-content\/uploads\/2012\/08\/Boletim_2-300x201.jpg 300w, https:\/\/forumjustica.com.br\/wp-content\/uploads\/2012\/08\/Boletim_2.jpg 670w\" sizes=\"auto, (max-width: 300px) 100vw, 300px\" \/><\/a><a href=\"https:\/\/forumjustica.com.br\/wp-content\/uploads\/2012\/08\/Boletim_1.jpg\"><img loading=\"lazy\" decoding=\"async\" src=\"https:\/\/forumjustica.com.br\/wp-content\/uploads\/2012\/08\/Boletim_1-300x201.jpg\" alt=\"\" title=\"Boletim_1\" width=\"300\" height=\"201\" class=\"aligncenter size-medium wp-image-2926\" srcset=\"https:\/\/forumjustica.com.br\/wp-content\/uploads\/2012\/08\/Boletim_1-300x201.jpg 300w, https:\/\/forumjustica.com.br\/wp-content\/uploads\/2012\/08\/Boletim_1.jpg 670w\" sizes=\"auto, (max-width: 300px) 100vw, 300px\" \/><\/a><\/p>\n<p>No dia 9 de agosto, foi realizada uma audi\u00eancia p\u00fablica na Assembleia Legislativa do Estado do Rio de Janeiro \u2013 ALERJ com o tema: \u201cENSINAR, PREVENIR, CONCILIAR: Defensores P\u00fablicos pela garantia extrajudicial dos direitos\u201d, objeto da  Campanha Nacional da Associa\u00e7\u00e3o Nacional dos Defensores P\u00fablicos \u2013 ANADEP.<\/p>\n<p>Integraram a mesa a presidente da Comiss\u00e3o de Defesa dos Direitos da Mulher da ALERJ, deputada In\u00eas Pandel\u00f3 (PT-RJ), a presidente da ADPERJ, Maria Leonor Fragoso Carreira, o presidente da ANADEP, Andr\u00e9 Castro, os defensores p\u00fablicos Patr\u00edcia Magno, Adriana Britto (representando o F\u00f3rum Justi\u00e7a) e Henrique Guelber de Mendon\u00e7a (representando a DPGE e o CONDEGE), a superintendente dos Direitos da Mulher da secretaria de Estado de Assist\u00eancia Social e Direitos Humanos, \u00c2ngela Fontes e o Membro do Conselho Popular de Moradia do Rio, Jorge Santos.<\/p>\n<p>O evento foi promovido pela Associa\u00e7\u00e3o dos Defensores P\u00fablicos do Estado do Rio de Janeiro \u2013 ADPERJ em parceria com a ANADEP e a Comiss\u00e3o de Defesa dos Direitos da Mulher da ALERJ com a finalidade de divulgar a cartilha que aborda as diversas formas de atua\u00e7\u00e3o extrajudicial dos defensores p\u00fablicos.<\/p>\n<p>A defensora p\u00fablica Patr\u00edcia Magno, facilitadora do GT Minoria do F\u00f3rum Justi\u00e7a, apresentou detalhes da cartilha, enfatizando que, al\u00e9m de constituir ve\u00edculo de informa\u00e7\u00e3o e de educa\u00e7\u00e3o para os direitos, esclarece alguns dos servi\u00e7os prestados pela Defensoria P\u00fablica.<\/p>\n<p>Pretendeu-se, sobretudo, possibilitar uma ampla e democr\u00e1tica discuss\u00e3o acerca dessa vertente de atua\u00e7\u00e3o da Defensoria P\u00fablica, impulsionada pela Lei Complementar n\u00ba 132\/2009, que aclarou e enriqueceu com novos mecanismos democr\u00e1ticos a institui\u00e7\u00e3o.<\/p>\n<p>Nesse sentido, o Presidente da ANADEP, Andr\u00e9 Castro, destacou a import\u00e2ncia de se adequar a Lei complementar estadual que trata da Defensoria P\u00fablica a fim de criar procedimentos facilitadores da implementa\u00e7\u00e3o da Lei Org\u00e2nica Nacional. Sugeriu, ainda, que os parlamentares daquela casa legislativa interviessem mais ativamente junto ao Governador, motivando-o a dar in\u00edcio ao correspondente processo legislativo.<\/p>\n<p>A participa\u00e7\u00e3o do F\u00f3rum Justi\u00e7a nessa atividade teve como objetivo divulgar essa livre iniciativa, que visa incrementar pol\u00edticas p\u00fablicas para o sistema de justi\u00e7a, no eixo da democracia e com o paradigma dos direitos humanos. E tamb\u00e9m real\u00e7ar a import\u00e2ncia das audi\u00eancias p\u00fablicas, ao lado de confer\u00eancias p\u00fablicas e ouvidorias externas, como instrumentos de participa\u00e7\u00e3o popular fundamentais para  elevar o grau de intensidade democr\u00e1tica no pa\u00eds.<\/p>\n<p>Na ocasi\u00e3o, com o prop\u00f3sito de fomentar uma pol\u00edtica judicial integradora e de institucionalizar novos mecanismos de democracia funcional na Defensoria P\u00fablica \u2013 necess\u00e1rios a todas as institui\u00e7\u00f5es que comp\u00f5em o sistema de justi\u00e7a \u2013 foram apresentadas tr\u00eas propostas de encaminhamento \u00e0 Administra\u00e7\u00e3o da DP\/RJ:<\/p>\n<p>1.      Implementar Ouvidoria Externa, na forma da LC 132\/2009;<\/p>\n<p>2.      Prever audi\u00eancias e consultas p\u00fablicas no Regimento Interno do Conselho Superior;<\/p>\n<p>3.      Realizar, em todos os N\u00facleos Especializados, audi\u00eancias p\u00fablicas e reuni\u00f5es peri\u00f3dicas de elabora\u00e7\u00e3o de planos de trabalho em conjunto com os usu\u00e1rios da Defensoria P\u00fablica e de representantes de organiza\u00e7\u00f5es e movimentos sociais, al\u00e9m de ativistas aut\u00f4nomos, conforme j\u00e1 previsto nas Delibera\u00e7\u00f5es do N\u00facleo de Terras e Habita\u00e7\u00e3o e do N\u00facleo de Direitos Humanos.<\/p>\n<p>Dentre as diversas manifesta\u00e7\u00f5es do p\u00fablico presente, Elis\u00e2ngela Gabriela Ferreira, integrante do movimento de posseiros de Volta Redonda, agradeceu ao F\u00f3rum Justi\u00e7a por facilitar a interlocu\u00e7\u00e3o do sistema de justi\u00e7a com movimentos sociais, narrando que isso tamb\u00e9m lhe permitiu maior acessibilidade a Defensores P\u00fablicos e com eles estabelecer um di\u00e1logo a respeito de temas de interesse de sua coletividade.<\/p>\n<p>ARTICULA\u00c7\u00c3O DO F\u00d3RUM JUSTI\u00c7A<\/p>\n","protected":false},"excerpt":{"rendered":"<p>No dia 9 de agosto, foi realizada uma audi\u00eancia p\u00fablica na Assembleia Legislativa do Estado do Rio de Janeiro \u2013 ALERJ com o tema: \u201cENSINAR, PREVENIR, CONCILIAR: Defensores P\u00fablicos pela garantia extrajudicial dos direitos\u201d, objeto da Campanha Nacional da Associa\u00e7\u00e3o Nacional dos Defensores P\u00fablicos \u2013 ANADEP. Integraram a mesa a presidente da Comiss\u00e3o de Defesa [&hellip;]<\/p>\n","protected":false},"author":13,"featured_media":0,"comment_status":"open","ping_status":"open","sticky":false,"template":"","format":"standard","meta":{"inline_featured_image":false,"footnotes":""},"categories":[1],"tags":[],"anos":[],"projetos":[],"autorias":[],"eixos_tematicos":[],"locais":[],"pessoas":[],"estado":[],"academia":[],"sociedade_civil":[],"class_list":["post-2929","post","type-post","status-publish","format-standard","hentry","category-noticias"],"_links":{"self":[{"href":"https:\/\/forumjustica.com.br\/en\/wp-json\/wp\/v2\/posts\/2929","targetHints":{"allow":["GET"]}}],"collection":[{"href":"https:\/\/forumjustica.com.br\/en\/wp-json\/wp\/v2\/posts"}],"about":[{"href":"https:\/\/forumjustica.com.br\/en\/wp-json\/wp\/v2\/types\/post"}],"author":[{"embeddable":true,"href":"https:\/\/forumjustica.com.br\/en\/wp-json\/wp\/v2\/users\/13"}],"replies":[{"embeddable":true,"href":"https:\/\/forumjustica.com.br\/en\/wp-json\/wp\/v2\/comments?post=2929"}],"version-history":[{"count":1,"href":"https:\/\/forumjustica.com.br\/en\/wp-json\/wp\/v2\/posts\/2929\/revisions"}],"predecessor-version":[{"id":18015,"href":"https:\/\/forumjustica.com.br\/en\/wp-json\/wp\/v2\/posts\/2929\/revisions\/18015"}],"wp:attachment":[{"href":"https:\/\/forumjustica.com.br\/en\/wp-json\/wp\/v2\/media?parent=2929"}],"wp:term":[{"taxonomy":"category","embeddable":true,"href":"https:\/\/forumjustica.com.br\/en\/wp-json\/wp\/v2\/categories?post=2929"},{"taxonomy":"post_tag","embeddable":true,"href":"https:\/\/forumjustica.com.br\/en\/wp-json\/wp\/v2\/tags?post=2929"},{"taxonomy":"anos","embeddable":true,"href":"https:\/\/forumjustica.com.br\/en\/wp-json\/wp\/v2\/anos?post=2929"},{"taxonomy":"projetos","embeddable":true,"href":"https:\/\/forumjustica.com.br\/en\/wp-json\/wp\/v2\/projetos?post=2929"},{"taxonomy":"autorias","embeddable":true,"href":"https:\/\/forumjustica.com.br\/en\/wp-json\/wp\/v2\/autorias?post=2929"},{"taxonomy":"eixos_tematicos","embeddable":true,"href":"https:\/\/forumjustica.com.br\/en\/wp-json\/wp\/v2\/eixos_tematicos?post=2929"},{"taxonomy":"locais","embeddable":true,"href":"https:\/\/forumjustica.com.br\/en\/wp-json\/wp\/v2\/locais?post=2929"},{"taxonomy":"pessoas","embeddable":true,"href":"https:\/\/forumjustica.com.br\/en\/wp-json\/wp\/v2\/pessoas?post=2929"},{"taxonomy":"estado","embeddable":true,"href":"https:\/\/forumjustica.com.br\/en\/wp-json\/wp\/v2\/estado?post=2929"},{"taxonomy":"academia","embeddable":true,"href":"https:\/\/forumjustica.com.br\/en\/wp-json\/wp\/v2\/academia?post=2929"},{"taxonomy":"sociedade_civil","embeddable":true,"href":"https:\/\/forumjustica.com.br\/en\/wp-json\/wp\/v2\/sociedade_civil?post=2929"}],"curies":[{"name":"wp","href":"https:\/\/api.w.org\/{rel}","templated":true}]}}