{"id":2994,"date":"2012-08-24T07:00:19","date_gmt":"2012-08-24T09:00:19","guid":{"rendered":"https:\/\/forumjustica.vlannetwork.com\/?p=2994"},"modified":"2022-09-04T21:16:54","modified_gmt":"2022-09-05T00:16:54","slug":"marcha-nacional-contra-a-midia-machista","status":"publish","type":"post","link":"https:\/\/forumjustica.com.br\/en\/marcha-nacional-contra-a-midia-machista\/","title":{"rendered":"Marcha Nacional Contra a M\u00eddia Machista"},"content":{"rendered":"<p><a href=\"http:\/\/\">http:\/\/marchanacionalcontramidiamachista.wordpress.com\/manifesto\/<\/a><br \/>\n<img loading=\"lazy\" decoding=\"async\" alt=\"\" src=\"http:\/\/marchanacionalcontramidiamachista.files.wordpress.com\/2012\/08\/304762_142643039209397_1107025108_n.jpg?w=511&#038;h=718\" class=\"alignleft\" width=\"511\" height=\"722\" \/><\/p>\n<p>A m\u00eddia \u00e9 uma das influ\u00eancias mais diretas e efetivas sobre a popula\u00e7\u00e3o. \u00c9 ela que, muitas vezes, forma opini\u00f5es, constr\u00f3i e desconstr\u00f3i mitos sociais, e retrata ou distorce a realidade. No meio midi\u00e1tico h\u00e1 uma grande parcela machista, que refor\u00e7a estere\u00f3tipos femininos e masculinos, alimentando a ideia de que o homem \u00e9 superior \u00e0 mulher e pode usufruir dela como lhe convier. A m\u00eddia machista ignora as conquistas das mulheres \u00e0 medida que as trata como dependentes e brindes dos homens e as apresentam como protagonistas apenas na esfera dom\u00e9stica.<\/p>\n<p>A m\u00eddia machista distorce o real contexto da mulher na sociedade, incentivando e retratando algo que n\u00e3o \u00e9 plaus\u00edvel \u2013 reduz e ignora as conquistas das mulheres enquanto incentiva a popula\u00e7\u00e3o \u00e0 pensar de modo retr\u00f3grado e opressor.<\/p>\n<p>Alguns exemplos de campanhas publicit\u00e1rias machistas s\u00e3o os de cosm\u00e9ticos e vestu\u00e1rio em geral, onde a mulher \u00e9 retratada como a alienada dependente financeiramente do marido. J\u00e1 nas propagandas de carros, o homem sempre dirige e precisa de praticidade para o dia-a-dia do trabalho e agilidade para a pr\u00e1tica de esportes \u2013 j\u00e1 a mulher est\u00e1 quase sempre no banco do passageiro, apenas sorrindo para sua situa\u00e7\u00e3o de depend\u00eancia e controlando a bagun\u00e7a das crian\u00e7as. Os comerciais de produtos de limpeza e servi\u00e7os dom\u00e9sticos em geral tamb\u00e9m se direcionam sempre \u00e0s mulheres, considerando-as as servi\u00e7ais da casa em primeira inst\u00e2ncia, sempre.<\/p>\n<p>J\u00e1 h\u00e1 algum tempo, estamos inconformados e protestando pela mudan\u00e7a do comportamento da m\u00eddia em rela\u00e7\u00e3o \u00e0s mulheres. Uma recente divulga\u00e7\u00e3o da marca de preservativos Prudence fomentou o debate sobre a m\u00eddia machista: a \u201cDieta do Sexo\u201d apresentava as calorias perdidas ao tirar a roupa de uma mulher sem o seu consentimento.<\/p>\n<p>Diante da vis\u00edvel apologia ao estupro, protestos foram feitos via Facebook, o que culminou na retirada da publica\u00e7\u00e3o da rede social. Em meio a tudo isso, surge o debate sobre a campanha publicit\u00e1ria \u201cO Homem Invis\u00edvel\u201d, da Nova Schin, que foi o estopim para a mobiliza\u00e7\u00e3o social e a cria\u00e7\u00e3o da Marcha Contra a M\u00eddia Machista.<\/p>\n<p>H\u00e1 alguns meses, vem sendo veiculada na TV a propaganda da Nova Schin, com apologia ao estupro. No comercial publicit\u00e1rio, cinco homens que bebem num quiosque de praia imaginam: \u201cE se f\u00f4ssemos invis\u00edveis?\u201d J\u00e1 no campo da imagina\u00e7\u00e3o, tudo o que se v\u00ea \u00e9 uma latinha flutuante, e ent\u00e3o, o \u201chomem invis\u00edvel\u201d aproveita de seu \u201cpoder\u201d para passar a m\u00e3o em mulheres deitadas na areia e invadir o vesti\u00e1rio feminino, fazendo as mo\u00e7as sa\u00edrem correndo de dentro do lugar, seminuas.<\/p>\n<p>A propaganda da Nova Schin presta um desservi\u00e7o \u00e0 sociedade enquanto corrobora com a mentalidade de que abusar de uma mulher e invadir sua privacidade \u00e9 aceit\u00e1vel, e pior que isso, engra\u00e7ado. N\u00e3o \u00e9 engra\u00e7ado. O estupro n\u00e3o configura apenas a penetra\u00e7\u00e3o vaginal. Desde 2009, praticar qualquer ato libidinoso sem consentimento da outra parte envolvida \u00e9 estupro \u00e9 \u00c9 CRIME.<\/p>\n<p>Nos mobilizamos, mas a Nova Schin n\u00e3o quer ouvir. Todos os protestos na p\u00e1gina do Facebook s\u00e3o apagados e ignorados, e a propaganda continua no ar, a todo vapor. Por este motivo, apelamos ao CONAR pela retirada imediata de circula\u00e7\u00e3o da propaganda, e exigimos da empresa Nova Schin uma retrata\u00e7\u00e3o correta, n\u00e3o apenas: \u201cN\u00e3o foi nossa inten\u00e7\u00e3o ofender ningu\u00e9m\u201d. O CONAR disse, em resposta aos e-mails de protesto, que o caso foi arquivado em mar\u00e7o, pois, por maioria de votos, foi decidido que a campanha publicit\u00e1ria n\u00e3o representava apologia ao estupro por ser uma situa\u00e7\u00e3o \u201cabsurda\u201d (algu\u00e9m ficar invis\u00edvel), al\u00e9m de, ao fim do comercial, o homem ser ignorado pelas mulheres.<\/p>\n<p>A situa\u00e7\u00e3o \u00e9 absurda no comercial, mas a incita\u00e7\u00e3o ao estupro \u00e9 real, e os fatos tamb\u00e9m s\u00e3o: segundo dados da Secretaria de Seguran\u00e7a P\u00fablica de 2011, pelo menos oito mulheres s\u00e3o agredidas por hora no Brasil, e na capital de S\u00e3o Paulo, uma mulher \u00e9 estuprada a cada tr\u00eas horas. No Brasil, aconteceram cerca de 91 mil assassinatos de mulheres nos \u00faltimos 30 anos, segundo o Mapa da Viol\u00eancia 2012. Ao incentivar este tipo de comportamento abusivo dos homens para com as mulheres, a m\u00eddia colabora para a cultura de estupro e viol\u00eancia contra a mulher brasileira.<\/p>\n<p>Comerciais como o da Nova Schin refor\u00e7am a ideia de que abusar e invadir a intimidade de uma mulher \u00e9 aceit\u00e1vel. Por\u00e9m, este n\u00e3o \u00e9 um caso isolado: a grande maioria da ind\u00fastria cervejeira ignora o papel das mulheres como consumidoras, reduzindo-as apenas a brindes sexuais e servi\u00e7ais. Campanhas de marcas como Skol, Brahma e Devassa colocam a mulher em situa\u00e7\u00e3o de serva e incapaz, sendo assim, apenas instrumentos do prazer sexual do homem.<\/p>\n<p>Somos consumidoras que pagam por seus produtos com o dinheiro de seu pr\u00f3prio trabalho. A ind\u00fastria respons\u00e1vel por estes mesmos produtos usa o lucro que n\u00f3s mesmas proporcionamos a eles para distorcer e depreciar-nos em suas campanhas publicit\u00e1rias. Somos obrigadas a assistir o desrespeito de empresas que nos tem tamb\u00e9m como fonte de lucro. Chega.<\/p>\n<p>Chega da m\u00eddia machista se retroalimentar com a popula\u00e7\u00e3o alienada. Chega de sermos retratadas de forma err\u00f4nea e desrespeitosa, chega de nossas conquistas e lutas serem ignoradas em prol do lucro que se ganha em cima da ignor\u00e2ncia do povo. Nossa Marcha luta para que sejamos de uma vez por todas aceitas nas v\u00e1rias posi\u00e7\u00f5es que ocupamos: M\u00e3es casadas, m\u00e3es solteiras, trabalhadoras de jornada dupla, donas de casa, l\u00e9sbicas, bissexuais, transsexuais, negras, brancas, baixas, altas, magras ou gordas. Todas merecemos respeito e cr\u00e9dito por nossas lutas. No dia 25 de agosto de 2012, marcharemos em diversas cidades do Brasil contra a desvaloriza\u00e7\u00e3o e coisifica\u00e7\u00e3o da mulher na m\u00eddia machista.<\/p>\n","protected":false},"excerpt":{"rendered":"<p>http:\/\/marchanacionalcontramidiamachista.wordpress.com\/manifesto\/ A m\u00eddia \u00e9 uma das influ\u00eancias mais diretas e efetivas sobre a popula\u00e7\u00e3o. \u00c9 ela que, muitas vezes, forma opini\u00f5es, constr\u00f3i e desconstr\u00f3i mitos sociais, e retrata ou distorce a realidade. No meio midi\u00e1tico h\u00e1 uma grande parcela machista, que refor\u00e7a estere\u00f3tipos femininos e masculinos, alimentando a ideia de que o homem \u00e9 superior [&hellip;]<\/p>\n","protected":false},"author":13,"featured_media":0,"comment_status":"open","ping_status":"open","sticky":false,"template":"","format":"standard","meta":{"inline_featured_image":false,"footnotes":""},"categories":[1],"tags":[],"anos":[],"projetos":[],"autorias":[],"eixos_tematicos":[],"locais":[],"pessoas":[],"estado":[],"academia":[],"sociedade_civil":[],"class_list":["post-2994","post","type-post","status-publish","format-standard","hentry","category-noticias"],"_links":{"self":[{"href":"https:\/\/forumjustica.com.br\/en\/wp-json\/wp\/v2\/posts\/2994","targetHints":{"allow":["GET"]}}],"collection":[{"href":"https:\/\/forumjustica.com.br\/en\/wp-json\/wp\/v2\/posts"}],"about":[{"href":"https:\/\/forumjustica.com.br\/en\/wp-json\/wp\/v2\/types\/post"}],"author":[{"embeddable":true,"href":"https:\/\/forumjustica.com.br\/en\/wp-json\/wp\/v2\/users\/13"}],"replies":[{"embeddable":true,"href":"https:\/\/forumjustica.com.br\/en\/wp-json\/wp\/v2\/comments?post=2994"}],"version-history":[{"count":1,"href":"https:\/\/forumjustica.com.br\/en\/wp-json\/wp\/v2\/posts\/2994\/revisions"}],"predecessor-version":[{"id":18011,"href":"https:\/\/forumjustica.com.br\/en\/wp-json\/wp\/v2\/posts\/2994\/revisions\/18011"}],"wp:attachment":[{"href":"https:\/\/forumjustica.com.br\/en\/wp-json\/wp\/v2\/media?parent=2994"}],"wp:term":[{"taxonomy":"category","embeddable":true,"href":"https:\/\/forumjustica.com.br\/en\/wp-json\/wp\/v2\/categories?post=2994"},{"taxonomy":"post_tag","embeddable":true,"href":"https:\/\/forumjustica.com.br\/en\/wp-json\/wp\/v2\/tags?post=2994"},{"taxonomy":"anos","embeddable":true,"href":"https:\/\/forumjustica.com.br\/en\/wp-json\/wp\/v2\/anos?post=2994"},{"taxonomy":"projetos","embeddable":true,"href":"https:\/\/forumjustica.com.br\/en\/wp-json\/wp\/v2\/projetos?post=2994"},{"taxonomy":"autorias","embeddable":true,"href":"https:\/\/forumjustica.com.br\/en\/wp-json\/wp\/v2\/autorias?post=2994"},{"taxonomy":"eixos_tematicos","embeddable":true,"href":"https:\/\/forumjustica.com.br\/en\/wp-json\/wp\/v2\/eixos_tematicos?post=2994"},{"taxonomy":"locais","embeddable":true,"href":"https:\/\/forumjustica.com.br\/en\/wp-json\/wp\/v2\/locais?post=2994"},{"taxonomy":"pessoas","embeddable":true,"href":"https:\/\/forumjustica.com.br\/en\/wp-json\/wp\/v2\/pessoas?post=2994"},{"taxonomy":"estado","embeddable":true,"href":"https:\/\/forumjustica.com.br\/en\/wp-json\/wp\/v2\/estado?post=2994"},{"taxonomy":"academia","embeddable":true,"href":"https:\/\/forumjustica.com.br\/en\/wp-json\/wp\/v2\/academia?post=2994"},{"taxonomy":"sociedade_civil","embeddable":true,"href":"https:\/\/forumjustica.com.br\/en\/wp-json\/wp\/v2\/sociedade_civil?post=2994"}],"curies":[{"name":"wp","href":"https:\/\/api.w.org\/{rel}","templated":true}]}}