{"id":3096,"date":"2012-08-31T15:28:22","date_gmt":"2012-08-31T17:28:22","guid":{"rendered":"https:\/\/forumjustica.vlannetwork.com\/?p=3096"},"modified":"2022-09-04T21:16:54","modified_gmt":"2022-09-05T00:16:54","slug":"gt-moradia-do-forum-justica-convida-para-sua-proxima-reuniao","status":"publish","type":"post","link":"https:\/\/forumjustica.com.br\/en\/gt-moradia-do-forum-justica-convida-para-sua-proxima-reuniao\/","title":{"rendered":"GT Moradia do F\u00f3rum Justi\u00e7a convida para sua pr\u00f3xima reuni\u00e3o"},"content":{"rendered":"<p>GT Moradia do F\u00f3rum Justi\u00e7a convida para sua pr\u00f3xima reuni\u00e3o<\/p>\n<p>O GT Moradia convida todos(as) os(as) interessados(as) a participarem da sua pr\u00f3xima reuni\u00e3o, que vai ocorrer no dia <strong>04 de setembro,  3\u00aaf, \u00e0s 18h00<\/strong>, na Universidade do Estado do Rio de Janeiro \u2013 UERJ (sala 7024-B, do grupo de Pesquisa do Prof. Jos\u00e9 Ricardo\/F\u00f3rum Justi\u00e7a)<\/p>\n<p>O objetivo do encontro \u00e9 debater o texto da Lei Estadual 2898\/98, que trata de condi\u00e7\u00f5es para remo\u00e7\u00f5es e despejos e pensar conjuntamente em   estrat\u00e9gias para que ela seja revista\/aperfei\u00e7oada pela Assembleia Legislativa do Estado do RJ &#8211; ALERJ, de modo a garantir a prote\u00e7\u00e3o do direito \u00e0 moradia adequada nos conflitos coletivos de posse e propriedade envolvendo pessoas em situa\u00e7\u00e3o de vulnerabilidade.<\/p>\n<p>A reuni\u00e3o contar\u00e1 com a participa\u00e7\u00e3o de integrantes da Comiss\u00e3o de Direitos Humanos da ALERJ e de pesquisadores do Instituto de Estudos da Religi\u00e3o (ISER), que j\u00e1 vem se debru\u00e7ando sobre essa quest\u00e3o.<\/p>\n<p>Participem e divulguem!<\/p>\n<p>Adriana Britto, Maria L\u00facia de Pontes e Roberta Fraenkel<br \/>\nFacilitadoras do GT Moradia<\/p>\n","protected":false},"excerpt":{"rendered":"<p>GT Moradia do F\u00f3rum Justi\u00e7a convida para sua pr\u00f3xima reuni\u00e3o O GT Moradia convida todos(as) os(as) interessados(as) a participarem da sua pr\u00f3xima reuni\u00e3o, que vai ocorrer no dia 04 de setembro, 3\u00aaf, \u00e0s 18h00, na Universidade do Estado do Rio de Janeiro \u2013 UERJ (sala 7024-B, do grupo de Pesquisa do Prof. Jos\u00e9 Ricardo\/F\u00f3rum Justi\u00e7a) [&hellip;]<\/p>\n","protected":false},"author":13,"featured_media":0,"comment_status":"open","ping_status":"open","sticky":false,"template":"","format":"standard","meta":{"inline_featured_image":false,"footnotes":""},"categories":[1],"tags":[],"anos":[],"projetos":[],"autorias":[],"eixos_tematicos":[],"locais":[],"pessoas":[],"estado":[],"academia":[],"sociedade_civil":[],"class_list":["post-3096","post","type-post","status-publish","format-standard","hentry","category-noticias"],"_links":{"self":[{"href":"https:\/\/forumjustica.com.br\/en\/wp-json\/wp\/v2\/posts\/3096","targetHints":{"allow":["GET"]}}],"collection":[{"href":"https:\/\/forumjustica.com.br\/en\/wp-json\/wp\/v2\/posts"}],"about":[{"href":"https:\/\/forumjustica.com.br\/en\/wp-json\/wp\/v2\/types\/post"}],"author":[{"embeddable":true,"href":"https:\/\/forumjustica.com.br\/en\/wp-json\/wp\/v2\/users\/13"}],"replies":[{"embeddable":true,"href":"https:\/\/forumjustica.com.br\/en\/wp-json\/wp\/v2\/comments?post=3096"}],"version-history":[{"count":1,"href":"https:\/\/forumjustica.com.br\/en\/wp-json\/wp\/v2\/posts\/3096\/revisions"}],"predecessor-version":[{"id":18002,"href":"https:\/\/forumjustica.com.br\/en\/wp-json\/wp\/v2\/posts\/3096\/revisions\/18002"}],"wp:attachment":[{"href":"https:\/\/forumjustica.com.br\/en\/wp-json\/wp\/v2\/media?parent=3096"}],"wp:term":[{"taxonomy":"category","embeddable":true,"href":"https:\/\/forumjustica.com.br\/en\/wp-json\/wp\/v2\/categories?post=3096"},{"taxonomy":"post_tag","embeddable":true,"href":"https:\/\/forumjustica.com.br\/en\/wp-json\/wp\/v2\/tags?post=3096"},{"taxonomy":"anos","embeddable":true,"href":"https:\/\/forumjustica.com.br\/en\/wp-json\/wp\/v2\/anos?post=3096"},{"taxonomy":"projetos","embeddable":true,"href":"https:\/\/forumjustica.com.br\/en\/wp-json\/wp\/v2\/projetos?post=3096"},{"taxonomy":"autorias","embeddable":true,"href":"https:\/\/forumjustica.com.br\/en\/wp-json\/wp\/v2\/autorias?post=3096"},{"taxonomy":"eixos_tematicos","embeddable":true,"href":"https:\/\/forumjustica.com.br\/en\/wp-json\/wp\/v2\/eixos_tematicos?post=3096"},{"taxonomy":"locais","embeddable":true,"href":"https:\/\/forumjustica.com.br\/en\/wp-json\/wp\/v2\/locais?post=3096"},{"taxonomy":"pessoas","embeddable":true,"href":"https:\/\/forumjustica.com.br\/en\/wp-json\/wp\/v2\/pessoas?post=3096"},{"taxonomy":"estado","embeddable":true,"href":"https:\/\/forumjustica.com.br\/en\/wp-json\/wp\/v2\/estado?post=3096"},{"taxonomy":"academia","embeddable":true,"href":"https:\/\/forumjustica.com.br\/en\/wp-json\/wp\/v2\/academia?post=3096"},{"taxonomy":"sociedade_civil","embeddable":true,"href":"https:\/\/forumjustica.com.br\/en\/wp-json\/wp\/v2\/sociedade_civil?post=3096"}],"curies":[{"name":"wp","href":"https:\/\/api.w.org\/{rel}","templated":true}]}}