{"id":3105,"date":"2012-09-03T12:00:28","date_gmt":"2012-09-03T14:00:28","guid":{"rendered":"https:\/\/forumjustica.vlannetwork.com\/?p=3105"},"modified":"2022-09-04T21:16:54","modified_gmt":"2022-09-05T00:16:54","slug":"orcamento-participativo-no-tjes-experiencia-que-deve-ser-reivindicada-por-todo-o-brasil","status":"publish","type":"post","link":"https:\/\/forumjustica.com.br\/en\/orcamento-participativo-no-tjes-experiencia-que-deve-ser-reivindicada-por-todo-o-brasil\/","title":{"rendered":"Or\u00e7amento Participativo no TJ\/ES: experi\u00eancia que deve ser reivindicada por todo o Brasil"},"content":{"rendered":"<p><img loading=\"lazy\" decoding=\"async\" alt=\"\" src=\"http:\/\/terradedireitos.org.br\/wp-content\/uploads\/2012\/08\/Mai12-UN-Foto-05.22.12-G5.2-150x150.jpg\" class=\"alignnone\" width=\"150\" height=\"150\" \/><\/p>\n<p>Experi\u00eancias de democratiza\u00e7\u00e3o da administra\u00e7\u00e3o da justi\u00e7a existem, e devem ser difundidas e aprimoradas. A iniciativa do Tribunal de Justi\u00e7a do Esp\u00edrito Santo \u2013 TJ\/ES, que em junho lan\u00e7ou um calend\u00e1rio de audi\u00eancias p\u00fablicas para debater de forma participativa o or\u00e7amento de 2013, vem demonstrar \u00e0 sociedade e ao Poder Judici\u00e1rio que \u00e9 chegada a hora de realizar a verdadeira Reforma do Judici\u00e1rio, reforma que signifique, de fato, uma reorienta\u00e7\u00e3o da administra\u00e7\u00e3o da justi\u00e7a voltada para a sua democratiza\u00e7\u00e3o, incorporando mecanismos de participa\u00e7\u00e3o social no planejamento estrat\u00e9gico das institui\u00e7\u00f5es do Poder Judici\u00e1rio, e de todo o Sistema de Justi\u00e7a.<\/p>\n<p>A quest\u00e3o do or\u00e7amento do Poder Judici\u00e1rio causou pol\u00eamica ano de 2011, quando o ent\u00e3o Presidente do Supremo Tribunal Federal, ministro Cesar Peluso, entrou em atrito com a Presidenta Dilma Roussef, no tema do aumento do sal\u00e1rio da magistratura.<\/p>\n<p>Em paralelo, a quest\u00e3o da gest\u00e3o do or\u00e7amento do judici\u00e1rio tamb\u00e9m veio \u00e0 tona no caso dos pagamentos de valores exorbitantes a desembargadores do TJ\/SP, liberados de maneira arbitr\u00e1ria pela c\u00fapula daquela Corte. Na ocasi\u00e3o, o Corregedor-Geral da justi\u00e7a paulista chegou a declarar que os \u00fanicos prejudicados com os referidos pagamentos seriam os outros magistrados, que estariam sendo preteridos na ordem de libera\u00e7\u00e3o dos pagamentos, como se a quest\u00e3o n\u00e3o se tratasse, justamente, da gest\u00e3o do dinheiro p\u00fablico.<\/p>\n<p><strong>Lei Org\u00e2nica da Magistratura Nacional \u2013 Loman<\/strong><\/p>\n<p>Outra dimens\u00e3o que diz respeito \u00e0 gest\u00e3o democr\u00e1tica do or\u00e7amento p\u00fablico do Poder Judici\u00e1rio e institui\u00e7\u00f5es do Sistema de Justi\u00e7a \u00e9 a reformula\u00e7\u00e3o da Lei Org\u00e2nica da Magistratura Nacional \u2013 Loman. Editada em 1979, a legisla\u00e7\u00e3o que rege a organiza\u00e7\u00e3o do Poder Judici\u00e1rio brasileiro remonta ao ambiente e concep\u00e7\u00f5es pol\u00edticas da Ditadura Militar, concebendo uma estrutura de poder institucional verticalizada aos moldes, justamente, das for\u00e7as armadas.<\/p>\n<p>Desde o ano 2004, no entanto, a Emenda Constitucional n\u00ba 45, chamada Emenda da Reforma do Judici\u00e1rio, determinou que o Supremo Tribunal Federal apresentasse um anteprojeto de lei para a reformula\u00e7\u00e3o da Loman, com vistas \u00e0 sua adequa\u00e7\u00e3o ou democratiza\u00e7\u00e3o, no sentido da Constitui\u00e7\u00e3o de 1988.<\/p>\n<p>Com a reformula\u00e7\u00e3o da Loman, a sociedade ter\u00e1 a oportunidade de debater o tema dos mecanismos democr\u00e1ticos para a gest\u00e3o da justi\u00e7a, como as elei\u00e7\u00f5es internas dos tribunais, do or\u00e7amento do judici\u00e1rio, a quest\u00e3o dos processos de sele\u00e7\u00e3o de ju\u00edzes\/as, das f\u00e9rias \u2013 atualmente de 60 dias, al\u00e9m do recesso forense \u2013 e da aposentadoria compuls\u00f3ria como puni\u00e7\u00e3o m\u00e1xima da carreira.<\/p>\n<p>A JusDh \u2013 Articula\u00e7\u00e3o Justi\u00e7a e Direitos Humanos ap\u00f3ia a iniciativa de or\u00e7amento participativo na administra\u00e7\u00e3o do Poder Judici\u00e1rio e de todas as institui\u00e7\u00f5es do Sistema de Justi\u00e7a, acreditando que esta deve ser uma pr\u00e1tica incorporada por todos os Tribunais e Procuradorias da Rep\u00fablica e de Justi\u00e7a do pa\u00eds.<\/p>\n<p>http:\/\/terradedireitos.org.br\/biblioteca\/orcamento-participativo-no-tjes-experiencia-que-deve-ser-reivindicada-por-todo-o-brasil\/<\/p>\n","protected":false},"excerpt":{"rendered":"<p>Experi\u00eancias de democratiza\u00e7\u00e3o da administra\u00e7\u00e3o da justi\u00e7a existem, e devem ser difundidas e aprimoradas. A iniciativa do Tribunal de Justi\u00e7a do Esp\u00edrito Santo \u2013 TJ\/ES, que em junho lan\u00e7ou um calend\u00e1rio de audi\u00eancias p\u00fablicas para debater de forma participativa o or\u00e7amento de 2013, vem demonstrar \u00e0 sociedade e ao Poder Judici\u00e1rio que \u00e9 chegada a [&hellip;]<\/p>\n","protected":false},"author":13,"featured_media":0,"comment_status":"open","ping_status":"open","sticky":false,"template":"","format":"standard","meta":{"inline_featured_image":false,"footnotes":""},"categories":[1],"tags":[],"anos":[],"projetos":[],"autorias":[],"eixos_tematicos":[],"locais":[],"pessoas":[],"estado":[],"academia":[],"sociedade_civil":[],"class_list":["post-3105","post","type-post","status-publish","format-standard","hentry","category-noticias"],"_links":{"self":[{"href":"https:\/\/forumjustica.com.br\/en\/wp-json\/wp\/v2\/posts\/3105","targetHints":{"allow":["GET"]}}],"collection":[{"href":"https:\/\/forumjustica.com.br\/en\/wp-json\/wp\/v2\/posts"}],"about":[{"href":"https:\/\/forumjustica.com.br\/en\/wp-json\/wp\/v2\/types\/post"}],"author":[{"embeddable":true,"href":"https:\/\/forumjustica.com.br\/en\/wp-json\/wp\/v2\/users\/13"}],"replies":[{"embeddable":true,"href":"https:\/\/forumjustica.com.br\/en\/wp-json\/wp\/v2\/comments?post=3105"}],"version-history":[{"count":1,"href":"https:\/\/forumjustica.com.br\/en\/wp-json\/wp\/v2\/posts\/3105\/revisions"}],"predecessor-version":[{"id":18000,"href":"https:\/\/forumjustica.com.br\/en\/wp-json\/wp\/v2\/posts\/3105\/revisions\/18000"}],"wp:attachment":[{"href":"https:\/\/forumjustica.com.br\/en\/wp-json\/wp\/v2\/media?parent=3105"}],"wp:term":[{"taxonomy":"category","embeddable":true,"href":"https:\/\/forumjustica.com.br\/en\/wp-json\/wp\/v2\/categories?post=3105"},{"taxonomy":"post_tag","embeddable":true,"href":"https:\/\/forumjustica.com.br\/en\/wp-json\/wp\/v2\/tags?post=3105"},{"taxonomy":"anos","embeddable":true,"href":"https:\/\/forumjustica.com.br\/en\/wp-json\/wp\/v2\/anos?post=3105"},{"taxonomy":"projetos","embeddable":true,"href":"https:\/\/forumjustica.com.br\/en\/wp-json\/wp\/v2\/projetos?post=3105"},{"taxonomy":"autorias","embeddable":true,"href":"https:\/\/forumjustica.com.br\/en\/wp-json\/wp\/v2\/autorias?post=3105"},{"taxonomy":"eixos_tematicos","embeddable":true,"href":"https:\/\/forumjustica.com.br\/en\/wp-json\/wp\/v2\/eixos_tematicos?post=3105"},{"taxonomy":"locais","embeddable":true,"href":"https:\/\/forumjustica.com.br\/en\/wp-json\/wp\/v2\/locais?post=3105"},{"taxonomy":"pessoas","embeddable":true,"href":"https:\/\/forumjustica.com.br\/en\/wp-json\/wp\/v2\/pessoas?post=3105"},{"taxonomy":"estado","embeddable":true,"href":"https:\/\/forumjustica.com.br\/en\/wp-json\/wp\/v2\/estado?post=3105"},{"taxonomy":"academia","embeddable":true,"href":"https:\/\/forumjustica.com.br\/en\/wp-json\/wp\/v2\/academia?post=3105"},{"taxonomy":"sociedade_civil","embeddable":true,"href":"https:\/\/forumjustica.com.br\/en\/wp-json\/wp\/v2\/sociedade_civil?post=3105"}],"curies":[{"name":"wp","href":"https:\/\/api.w.org\/{rel}","templated":true}]}}