{"id":3116,"date":"2012-09-03T16:00:08","date_gmt":"2012-09-03T18:00:08","guid":{"rendered":"https:\/\/forumjustica.vlannetwork.com\/?p=3116"},"modified":"2022-09-04T21:16:54","modified_gmt":"2022-09-05T00:16:54","slug":"turma-de-direito-evandro-lins-e-siva-nao-existe-o-verbo-desestudar","status":"publish","type":"post","link":"https:\/\/forumjustica.com.br\/en\/turma-de-direito-evandro-lins-e-siva-nao-existe-o-verbo-desestudar\/","title":{"rendered":"Turma de Direito Evandro Lins e Siva \u2013 \u201cN\u00e3o existe o verbo \u2018desestudar\u2019\u201d"},"content":{"rendered":"<p>http:\/\/racismoambiental.net.br\/2012\/08\/vitoria-nao-existe-o-verbo-desestudar\/<\/p>\n<p><img loading=\"lazy\" decoding=\"async\" alt=\"\" src=\"http:\/\/racismoambiental.net.br\/wp-content\/upLoads\/2012\/08\/Turma-de-Direito-STJ-CEzar-Brito.jpg\" class=\"alignnone\" width=\"604\" height=\"453\" \/><\/p>\n<p>Patrick Mariano Gomes*, para Combate ao Racismo Ambiental<\/p>\n<p>Na defesa dos alunos da primeira Turma de Direito do Brasil, formada por filhos e filhas de assentados da reforma agr\u00e1ria e da agricultura familiar, o advogado Cezar Britto, da tribuna do Tribunal Regional Federal da primeira regi\u00e3o, em Bras\u00edlia, proferiu a frase acima ao falar da realidade de educa\u00e7\u00e3o no campo, bem como da d\u00edvida hist\u00f3rica para com a popula\u00e7\u00e3o rural brasileira.<\/p>\n<p>A a\u00e7\u00e3o, proposta pelo Minist\u00e9rio P\u00fablico de Goi\u00e1s, visava extinguir o curso de direito e impedir que 60 filhos de trabalhadores e trabalhadoras tivessem acesso ao ensino superior e se tornassem futuros advogados, ju\u00edzas, professoras, defensores. O cerne da a\u00e7\u00e3o era baseado no argumento de que, para esta camada da popula\u00e7\u00e3o, estudar direito n\u00e3o serviria para nada, desviaria a finalidade da reforma agr\u00e1ria. Melhor seria se estudassem agronomia, fossem t\u00e9cnicos agr\u00edcolas e n\u00e3o \u201cdoutores\u201d.<\/p>\n<p>O ensino jur\u00eddico no Brasil, desde os tempos da Col\u00f4nia &#8211; quando os filhos da elite desembarcavam em Coimbra para estudar direito e depois continuar mandando aqui no Brasil, em \u00edndios, caboclos, negros, imigrantes pobres, sem terras \u2013 sempre esteve ligado \u00e0s elites e seu projeto de poder e domina\u00e7\u00e3o.<br \/>\nA experi\u00eancia da Turma Evandro Lins e Silva foi exitosa. Antes mesmo de se formarem, 8 estudantes j\u00e1 haviam passado na prova da Ordem dos Advogados do Brasil, sendo que, no dia 11 de agosto, todos foram aprovados com distin\u00e7\u00e3o pela Universidade Federal de Goi\u00e1s \u2013 Campus Cidade de Goi\u00e1s, recebendo seus diplomas em bonita formatura naquela cidade.<\/p>\n<p>No dia 11 de agosto, quando receberam seus suados e merecidos diplomas, 12 alunos j\u00e1 haviam sido aprovados na OAB. Mas, apesar de tudo isso, de terem se formado com louvor, conclu\u00eddo todos os cr\u00e9ditos e aprovados no exame da OAB, a a\u00e7\u00e3o do Minist\u00e9rio P\u00fablico prosseguia, como fantasma conservador querendo estragar a festa, querendo que todos \u201cdesestudassem\u201d ou desaprendessem o que durante 5 anos aprenderam.<\/p>\n<p>Por\u00e9m, na data de hoje, 24 de agosto, felizmente fez-se justi\u00e7a. O pr\u00f3prio Minist\u00e9rio P\u00fablico que trabalhou no processo no Tribunal, reconheceu o equ\u00edvoco de seu colega de Goi\u00e1s e seguiu o racioc\u00ednio da defesa de que n\u00e3o havia interesse de agir na propositura da a\u00e7\u00e3o.<\/p>\n<p>Como bem disse o advogado Cezar Britto, a Justi\u00e7a e o Direito n\u00e3o s\u00e3o exclusividades de um pr\u00e9dio na cidade, s\u00e3o muito mais amplas que isso. A Justi\u00e7a e o Direito est\u00e3o, tamb\u00e9m, na caatinga, no cerrado, nas planta\u00e7\u00f5es de milho, nas cooperativas agr\u00edcolas dos trabalhadores, na luta quilombola, na luta ind\u00edgena e, em cada sorriso de uma crian\u00e7a sem fome. Hoje, mais que nunca, isso fez-se realidade!<\/p>\n<p>\u2013<\/p>\n<p>* Advogado da RENAP, atualmente exercendo o cargo de Coordenador na Secretaria de Assuntos Legislativos do Minist\u00e9rio da Justi\u00e7a, e que esteve presente ao julgamento. Enviada atrav\u00e9s de Rodrigo de Medeiros Silva.<\/p>\n","protected":false},"excerpt":{"rendered":"<p>http:\/\/racismoambiental.net.br\/2012\/08\/vitoria-nao-existe-o-verbo-desestudar\/ Patrick Mariano Gomes*, para Combate ao Racismo Ambiental Na defesa dos alunos da primeira Turma de Direito do Brasil, formada por filhos e filhas de assentados da reforma agr\u00e1ria e da agricultura familiar, o advogado Cezar Britto, da tribuna do Tribunal Regional Federal da primeira regi\u00e3o, em Bras\u00edlia, proferiu a frase acima ao falar [&hellip;]<\/p>\n","protected":false},"author":13,"featured_media":0,"comment_status":"open","ping_status":"open","sticky":false,"template":"","format":"standard","meta":{"inline_featured_image":false,"footnotes":""},"categories":[1],"tags":[],"anos":[],"projetos":[],"autorias":[],"eixos_tematicos":[],"locais":[],"pessoas":[],"estado":[],"academia":[],"sociedade_civil":[],"class_list":["post-3116","post","type-post","status-publish","format-standard","hentry","category-noticias"],"_links":{"self":[{"href":"https:\/\/forumjustica.com.br\/en\/wp-json\/wp\/v2\/posts\/3116","targetHints":{"allow":["GET"]}}],"collection":[{"href":"https:\/\/forumjustica.com.br\/en\/wp-json\/wp\/v2\/posts"}],"about":[{"href":"https:\/\/forumjustica.com.br\/en\/wp-json\/wp\/v2\/types\/post"}],"author":[{"embeddable":true,"href":"https:\/\/forumjustica.com.br\/en\/wp-json\/wp\/v2\/users\/13"}],"replies":[{"embeddable":true,"href":"https:\/\/forumjustica.com.br\/en\/wp-json\/wp\/v2\/comments?post=3116"}],"version-history":[{"count":1,"href":"https:\/\/forumjustica.com.br\/en\/wp-json\/wp\/v2\/posts\/3116\/revisions"}],"predecessor-version":[{"id":17999,"href":"https:\/\/forumjustica.com.br\/en\/wp-json\/wp\/v2\/posts\/3116\/revisions\/17999"}],"wp:attachment":[{"href":"https:\/\/forumjustica.com.br\/en\/wp-json\/wp\/v2\/media?parent=3116"}],"wp:term":[{"taxonomy":"category","embeddable":true,"href":"https:\/\/forumjustica.com.br\/en\/wp-json\/wp\/v2\/categories?post=3116"},{"taxonomy":"post_tag","embeddable":true,"href":"https:\/\/forumjustica.com.br\/en\/wp-json\/wp\/v2\/tags?post=3116"},{"taxonomy":"anos","embeddable":true,"href":"https:\/\/forumjustica.com.br\/en\/wp-json\/wp\/v2\/anos?post=3116"},{"taxonomy":"projetos","embeddable":true,"href":"https:\/\/forumjustica.com.br\/en\/wp-json\/wp\/v2\/projetos?post=3116"},{"taxonomy":"autorias","embeddable":true,"href":"https:\/\/forumjustica.com.br\/en\/wp-json\/wp\/v2\/autorias?post=3116"},{"taxonomy":"eixos_tematicos","embeddable":true,"href":"https:\/\/forumjustica.com.br\/en\/wp-json\/wp\/v2\/eixos_tematicos?post=3116"},{"taxonomy":"locais","embeddable":true,"href":"https:\/\/forumjustica.com.br\/en\/wp-json\/wp\/v2\/locais?post=3116"},{"taxonomy":"pessoas","embeddable":true,"href":"https:\/\/forumjustica.com.br\/en\/wp-json\/wp\/v2\/pessoas?post=3116"},{"taxonomy":"estado","embeddable":true,"href":"https:\/\/forumjustica.com.br\/en\/wp-json\/wp\/v2\/estado?post=3116"},{"taxonomy":"academia","embeddable":true,"href":"https:\/\/forumjustica.com.br\/en\/wp-json\/wp\/v2\/academia?post=3116"},{"taxonomy":"sociedade_civil","embeddable":true,"href":"https:\/\/forumjustica.com.br\/en\/wp-json\/wp\/v2\/sociedade_civil?post=3116"}],"curies":[{"name":"wp","href":"https:\/\/api.w.org\/{rel}","templated":true}]}}