{"id":3156,"date":"2012-09-06T17:35:35","date_gmt":"2012-09-06T19:35:35","guid":{"rendered":"https:\/\/forumjustica.vlannetwork.com\/?p=3156"},"modified":"2022-09-04T21:16:53","modified_gmt":"2022-09-05T00:16:53","slug":"tendenciasdebates-judiciario-na-democracia-e-da-ditadura","status":"publish","type":"post","link":"https:\/\/forumjustica.com.br\/en\/tendenciasdebates-judiciario-na-democracia-e-da-ditadura\/","title":{"rendered":"Tend\u00eancias\/Debates: Judici\u00e1rio na democracia e da ditadura"},"content":{"rendered":"<p>04\/09\/2012 &#8211; 03h30<\/p>\n<p>KENARIK BOUJIKIAN FELIPPE<br \/>\nROBERTO LUIZ CORCIOLI FILHO<\/p>\n<p>O per\u00edodo da ditadura militar teve expressiva atua\u00e7\u00e3o dos atores diretos do golpe de mar\u00e7o de 1964, mas tamb\u00e9m se sabe de epis\u00f3dios nos quais o Judici\u00e1rio andou de m\u00e3os dadas com o Executivo, dando suporte e legitimando viola\u00e7\u00f5es, seja de forma ativa, seja na forma omissiva.<\/p>\n<p>A Comiss\u00e3o Nacional da Verdade firmou acordo de coopera\u00e7\u00e3o t\u00e9cnica com a Associa\u00e7\u00e3o Ju\u00edzes para a Democracia com o objetivo de recolher dados, documentos e informes sobre a atua\u00e7\u00e3o do Judici\u00e1rio, para efetivar o direito \u00e0 mem\u00f3ria e \u00e0 verdade hist\u00f3rica.<\/p>\n<p>A magistratura n\u00e3o saiu ilesa das arbitrariedades cometidas pelo regime. Vejam a aposentadoria compuls\u00f3ria dos ministros do Supremo Tribunal Federal Victor Nunes Leal, Hermes Lima e Evandro Lins e Silva.<\/p>\n<p>Houve tamb\u00e9m momentos memor\u00e1veis de reafirma\u00e7\u00e3o dos direitos humanos pelo Judici\u00e1rio, como a senten\u00e7a do juiz federal M\u00e1rcio Jos\u00e9 de Moraes, no caso do assassinato do jornalista Vladimir Herzog (1978).<\/p>\n<p>V\u00e1rias decis\u00f5es do STF n\u00e3o referendaram o arb\u00edtrio, como: o habeas corpus a favor de Miguel Arraes, preso sem processo; pela liberdade de c\u00e1tedra de Sergio Cidade Resende, em momento que professores estavam sendo cassados; o uso de medida liminar para evitar constrangimento ilegal em rela\u00e7\u00e3o ao governador de Goi\u00e1s etc.<\/p>\n<p>Mas tivemos, por exemplo, torturas sabidas pelo Judici\u00e1rio de ontem. Elas continuam presentes, o que mudou daquele tempo da ditadura para hoje s\u00e3o os eleitos como inimigos do Estado.<\/p>\n<p>\u00c9 preciso identificar, dentro do chamado sistema do devido processo legal, do direito de defesa, o que foi feito e o que n\u00e3o foi feito.<\/p>\n<p>Herman Tacasey\/Folhapress<\/p>\n<p>Fundamental revelar os marcos normativos institucionais do Judici\u00e1rio que ainda perduram, sem que o pa\u00eds tenha cumprido os ditames da justi\u00e7a de transi\u00e7\u00e3o, que implica institui\u00e7\u00f5es reorganizadas e &#8220;accountable&#8221; (dever de prestar contas), reformas institucionais que v\u00e3o de expurgos no aparato estatal a transforma\u00e7\u00f5es profundas em institui\u00e7\u00f5es como For\u00e7as Armadas e Judici\u00e1rio.<\/p>\n<p>Naquele per\u00edodo n\u00e3o havia qualquer linha que lembrasse uma gest\u00e3o democr\u00e1tica do Poder Judici\u00e1rio, o que ainda se faz presente.<\/p>\n<p>A Lei Org\u00e2nica da Magistratura, de 1979, legado da ditadura, ainda n\u00e3o foi revogada e possui regramento inaceit\u00e1vel em institui\u00e7\u00f5es democr\u00e1ticas, como o sistema de elei\u00e7\u00e3o dos cargos diretivos dos tribunais, bem como disp\u00f5e sobre a principal conquista da Constitui\u00e7\u00e3o de 1988, o direito de express\u00e3o e manifesta\u00e7\u00e3o, com veda\u00e7\u00e3o de manifesta\u00e7\u00e3o dos magistrados, em completa disson\u00e2ncia com a normativa constitucional e internacional.<\/p>\n<p>Apenas a t\u00edtulo de exemplo, a norma serviu de base, em pleno 2012, para tr\u00eas desembargadores do Tribunal de Justi\u00e7a de S\u00e3o Paulo representarem contra magistrados que assinaram um manifesto cr\u00edtico \u00e0 forma pela qual se deu a desocupa\u00e7\u00e3o do Pinheirinho (S\u00e3o Jos\u00e9 dos Campos).<\/p>\n<p>Exerciam direito assegurado pela Constitui\u00e7\u00e3o (&#8220;\u00e9 livre a manifesta\u00e7\u00e3o do pensamento, sendo vedado o anonimato&#8221;), consagrado na Declara\u00e7\u00e3o Universal dos Direitos do Homem, na Declara\u00e7\u00e3o Americana dos Direitos e Deveres do Homem, no Pacto Internacional dos Direitos Civis e Pol\u00edticos, na Conven\u00e7\u00e3o Americana de Direitos Humanos e preconizado no 7\u00ba Congresso da Organiza\u00e7\u00e3o da ONU, no sentido de que &#8220;magistrados gozam, como outros cidad\u00e3os, das liberdades de express\u00e3o, cren\u00e7a, associa\u00e7\u00e3o e reuni\u00e3o&#8221;.<\/p>\n<p>A representa\u00e7\u00e3o foi arquivada pela Corregedoria, mas tudo a apontar o sintom\u00e1tico d\u00e9ficit democr\u00e1tico ainda vivido por esse Poder.<\/p>\n<p>Conhecendo melhor o papel do Judici\u00e1rio, tornando os fatos do passado p\u00fablicos e transparentes, certamente o pa\u00eds dar\u00e1 um passo adiante para que o Judici\u00e1rio se torne plenamente o garantidor dos direitos humanos, para superarmos velhas pr\u00e1ticas autorit\u00e1rias que ainda imperam em institui\u00e7\u00f5es p\u00fablicas, pois s\u00f3 assim poderemos atingir os objetivos prometidos pela Constitui\u00e7\u00e3o, de constru\u00e7\u00e3o de uma sociedade livre, justa, solid\u00e1ria.<\/p>\n<p>KENARIK BOUJIKIAN FELIPPE, 53, \u00e9 desembargadora do Tribunal de Justi\u00e7a do Estado de S\u00e3o Paulo. \u00c9 cofundadora e ex-presidente da Associa\u00e7\u00e3o Ju\u00edzes para a Democracia; ROBERTO LUIZ CORCIOLI FILHO, 29, \u00e9 juiz de direito em S\u00e3o Paulo e membro da Associa\u00e7\u00e3o Ju\u00edzes para a Democracia<\/p>\n<p>http:\/\/www1.folha.uol.com.br\/opiniao\/1147935-tendenciasdebates-judiciario-na-democracia-e-da-ditadura.shtml<\/p>\n","protected":false},"excerpt":{"rendered":"<p>04\/09\/2012 &#8211; 03h30 KENARIK BOUJIKIAN FELIPPE ROBERTO LUIZ CORCIOLI FILHO O per\u00edodo da ditadura militar teve expressiva atua\u00e7\u00e3o dos atores diretos do golpe de mar\u00e7o de 1964, mas tamb\u00e9m se sabe de epis\u00f3dios nos quais o Judici\u00e1rio andou de m\u00e3os dadas com o Executivo, dando suporte e legitimando viola\u00e7\u00f5es, seja de forma ativa, seja na [&hellip;]<\/p>\n","protected":false},"author":13,"featured_media":0,"comment_status":"open","ping_status":"open","sticky":false,"template":"","format":"standard","meta":{"inline_featured_image":false,"footnotes":""},"categories":[1],"tags":[],"anos":[],"projetos":[],"autorias":[],"eixos_tematicos":[],"locais":[],"pessoas":[],"estado":[],"academia":[],"sociedade_civil":[],"class_list":["post-3156","post","type-post","status-publish","format-standard","hentry","category-noticias"],"_links":{"self":[{"href":"https:\/\/forumjustica.com.br\/en\/wp-json\/wp\/v2\/posts\/3156","targetHints":{"allow":["GET"]}}],"collection":[{"href":"https:\/\/forumjustica.com.br\/en\/wp-json\/wp\/v2\/posts"}],"about":[{"href":"https:\/\/forumjustica.com.br\/en\/wp-json\/wp\/v2\/types\/post"}],"author":[{"embeddable":true,"href":"https:\/\/forumjustica.com.br\/en\/wp-json\/wp\/v2\/users\/13"}],"replies":[{"embeddable":true,"href":"https:\/\/forumjustica.com.br\/en\/wp-json\/wp\/v2\/comments?post=3156"}],"version-history":[{"count":1,"href":"https:\/\/forumjustica.com.br\/en\/wp-json\/wp\/v2\/posts\/3156\/revisions"}],"predecessor-version":[{"id":17992,"href":"https:\/\/forumjustica.com.br\/en\/wp-json\/wp\/v2\/posts\/3156\/revisions\/17992"}],"wp:attachment":[{"href":"https:\/\/forumjustica.com.br\/en\/wp-json\/wp\/v2\/media?parent=3156"}],"wp:term":[{"taxonomy":"category","embeddable":true,"href":"https:\/\/forumjustica.com.br\/en\/wp-json\/wp\/v2\/categories?post=3156"},{"taxonomy":"post_tag","embeddable":true,"href":"https:\/\/forumjustica.com.br\/en\/wp-json\/wp\/v2\/tags?post=3156"},{"taxonomy":"anos","embeddable":true,"href":"https:\/\/forumjustica.com.br\/en\/wp-json\/wp\/v2\/anos?post=3156"},{"taxonomy":"projetos","embeddable":true,"href":"https:\/\/forumjustica.com.br\/en\/wp-json\/wp\/v2\/projetos?post=3156"},{"taxonomy":"autorias","embeddable":true,"href":"https:\/\/forumjustica.com.br\/en\/wp-json\/wp\/v2\/autorias?post=3156"},{"taxonomy":"eixos_tematicos","embeddable":true,"href":"https:\/\/forumjustica.com.br\/en\/wp-json\/wp\/v2\/eixos_tematicos?post=3156"},{"taxonomy":"locais","embeddable":true,"href":"https:\/\/forumjustica.com.br\/en\/wp-json\/wp\/v2\/locais?post=3156"},{"taxonomy":"pessoas","embeddable":true,"href":"https:\/\/forumjustica.com.br\/en\/wp-json\/wp\/v2\/pessoas?post=3156"},{"taxonomy":"estado","embeddable":true,"href":"https:\/\/forumjustica.com.br\/en\/wp-json\/wp\/v2\/estado?post=3156"},{"taxonomy":"academia","embeddable":true,"href":"https:\/\/forumjustica.com.br\/en\/wp-json\/wp\/v2\/academia?post=3156"},{"taxonomy":"sociedade_civil","embeddable":true,"href":"https:\/\/forumjustica.com.br\/en\/wp-json\/wp\/v2\/sociedade_civil?post=3156"}],"curies":[{"name":"wp","href":"https:\/\/api.w.org\/{rel}","templated":true}]}}