{"id":4361,"date":"2013-04-19T16:21:20","date_gmt":"2013-04-19T18:21:20","guid":{"rendered":"https:\/\/forumjustica.vlannetwork.com\/novo.php\/?p=4361"},"modified":"2022-09-04T21:16:19","modified_gmt":"2022-09-05T00:16:19","slug":"forum-justica-porto-alegre-rs","status":"publish","type":"post","link":"https:\/\/forumjustica.com.br\/en\/forum-justica-porto-alegre-rs\/","title":{"rendered":"F\u00f3rum Justi\u00e7a Porto Alegre &#8211; RS"},"content":{"rendered":"<p>Atividade inicial:<\/p>\n<p>Encontro &#8220;<strong>Rela\u00e7\u00f5es de G\u00eanero e a Aplica\u00e7\u00e3o da Justi\u00e7a no Brasil e na Am\u00e9rica Latina<\/strong>&#8220;,  realizado no dia 19 de abril de 2013, na Defensoria P\u00fablica do Estado do Rio Grande do Sul, com o objetivo debater as rela\u00e7\u00f5es de g\u00eanero e a aplica\u00e7\u00e3o da justi\u00e7a no Brasil e na Am\u00e9rica Latina<\/p>\n<p>Confira o <a href='https:\/\/forumjustica.com.br\/wp-content\/uploads\/2013\/05\/POA_FJ_THEMIS_relat\u00f3rio-final_definitivo_final.pdf'>Relat\u00f3rio Final<\/a> e os correspondentes <a href='https:\/\/forumjustica.com.br\/wp-content\/uploads\/2013\/05\/ANEXOS_final.pdf'>Anexos<\/a>.<\/p>\n<p><em>Programa\u00e7\u00e3o:<\/em><\/p>\n<p>9h00min \u2013 9h30min<\/p>\n<p>Abertura com representantes F\u00f3rum Justi\u00e7a, Themis e Associa\u00e7\u00e3o Estadual dos Defensores P\u00fablicos do Estado do Rio Grande do Sul \u2013 ADPERGS<\/p>\n<p>9h30min \u2013 10h30min<\/p>\n<p>Apresenta\u00e7\u00e3o F\u00f3rum Justi\u00e7a: hist\u00f3rico e contexto<br \/>\nRosane Reis Lavigne, Defensora P\u00fablica, Rio de Janeiro<\/p>\n<p>Democratiza\u00e7\u00e3o da Justi\u00e7a sob a Perspectiva de G\u00eanero: Relatos de uma Experi\u00eancia<br \/>\nRebecca Reichmann Tavares, Diretora da ONU Mulher Brasil<\/p>\n<p>10h30min \u2013 12h30min<\/p>\n<p>Experi\u00eancias Alternativas de Justi\u00e7a na Am\u00e9rica Latina: G\u00eanero e Discrimina\u00e7\u00e3o:<br \/>\nGladys Acosta Vargas, jurista feminista, fundadora do Flora Tristan\/Peru, foi diretora da UNICEF\/ Guatemala e Argentina e diretora para Am\u00e9rica Latina da ONU Mulher\/ NY<\/p>\n<p>14h00 \u2013 16h00min<br \/>\nDebate sobre o Relat\u00f3rio do Conselho Nacional de Justi\u00e7a sobre a \u201cAtua\u00e7\u00e3o do Poder Judici\u00e1rio na Aplica\u00e7\u00e3o da Lei Maria da Penha\u201d, publicado em mar\u00e7o de 2013<\/p>\n<p>15h30min \u2013 17h00min<\/p>\n<p>Plano de Trabalho F\u00f3rum Justi\u00e7a \u2013 Themis<\/p>\n<p>17h00min<\/p>\n<p>Lan\u00e7amento de Livros da Editora Express\u00e3o Popular \u2013 Cole\u00e7\u00e3o Direitos e<br \/>\nLutas Sociais:<br \/>\n1. Justi\u00e7a de Transi\u00e7\u00e3o \u2013 Contornos do Conceito, de Renan Hon\u00f3rio Quinalha;<br \/>\n2. Direito e Ideologia \u2013 Um estudo a partir da fun\u00e7\u00e3o social da propriedade<br \/>\nrural, de Tarso de Melo;<br \/>\n3. O Direito do Campo, no Campo do Direito: universidade de elite versus universidade de massas, de Aton Fon, Jos\u00e9 do Carmo Siqueira e Juvelino Strozake (orgs.)<\/p>\n<p>Local:Defensoria P\u00fablica, Rua 7 de Setembro 666, Audit\u00f3rio 6 andar &#8211; Centro Hist\u00f3rico, Porto Alegre\/RS<\/p>\n<p>Apoio:<\/p>\n<p>Associa\u00e7\u00e3o Nacional dos Defensores P\u00fablicos \u2013 ANADEP e Associa\u00e7\u00e3o<br \/>\nEstadual dos Defensores P\u00fablicos do Estado do Rio Grande do Sul &#8211;<br \/>\nADPERGS<br \/>\nC\u00e1tedra de G\u00eanero e de Direitos Humanos \u2013 IPA<br \/>\nCl\u00ednica de Direitos Humanos e N\u00facleo de Direitos da Mulher \u2013 UNIRITTER<br \/>\nONU Mulher Brasil \u2013 Fundo Elas \u2013 Funda\u00e7\u00e3o Ford<\/p>\n<p><\/p>","protected":false},"excerpt":{"rendered":"<p>Atividade inicial: Encontro &#8220;Rela\u00e7\u00f5es de G\u00eanero e a Aplica\u00e7\u00e3o da Justi\u00e7a no Brasil e na Am\u00e9rica Latina&#8220;, realizado no dia 19 de abril de 2013, na Defensoria P\u00fablica do Estado do Rio Grande do Sul, com o objetivo debater as rela\u00e7\u00f5es de g\u00eanero e a aplica\u00e7\u00e3o da justi\u00e7a no Brasil e na Am\u00e9rica Latina Confira [&hellip;]<\/p>\n","protected":false},"author":13,"featured_media":0,"comment_status":"closed","ping_status":"closed","sticky":false,"template":"","format":"standard","meta":{"inline_featured_image":false,"footnotes":""},"categories":[36,1],"tags":[],"anos":[],"projetos":[],"autorias":[],"eixos_tematicos":[],"locais":[],"pessoas":[],"estado":[],"academia":[],"sociedade_civil":[],"class_list":["post-4361","post","type-post","status-publish","format-standard","hentry","category-fj-cidades","category-noticias"],"_links":{"self":[{"href":"https:\/\/forumjustica.com.br\/en\/wp-json\/wp\/v2\/posts\/4361","targetHints":{"allow":["GET"]}}],"collection":[{"href":"https:\/\/forumjustica.com.br\/en\/wp-json\/wp\/v2\/posts"}],"about":[{"href":"https:\/\/forumjustica.com.br\/en\/wp-json\/wp\/v2\/types\/post"}],"author":[{"embeddable":true,"href":"https:\/\/forumjustica.com.br\/en\/wp-json\/wp\/v2\/users\/13"}],"replies":[{"embeddable":true,"href":"https:\/\/forumjustica.com.br\/en\/wp-json\/wp\/v2\/comments?post=4361"}],"version-history":[{"count":1,"href":"https:\/\/forumjustica.com.br\/en\/wp-json\/wp\/v2\/posts\/4361\/revisions"}],"predecessor-version":[{"id":17695,"href":"https:\/\/forumjustica.com.br\/en\/wp-json\/wp\/v2\/posts\/4361\/revisions\/17695"}],"wp:attachment":[{"href":"https:\/\/forumjustica.com.br\/en\/wp-json\/wp\/v2\/media?parent=4361"}],"wp:term":[{"taxonomy":"category","embeddable":true,"href":"https:\/\/forumjustica.com.br\/en\/wp-json\/wp\/v2\/categories?post=4361"},{"taxonomy":"post_tag","embeddable":true,"href":"https:\/\/forumjustica.com.br\/en\/wp-json\/wp\/v2\/tags?post=4361"},{"taxonomy":"anos","embeddable":true,"href":"https:\/\/forumjustica.com.br\/en\/wp-json\/wp\/v2\/anos?post=4361"},{"taxonomy":"projetos","embeddable":true,"href":"https:\/\/forumjustica.com.br\/en\/wp-json\/wp\/v2\/projetos?post=4361"},{"taxonomy":"autorias","embeddable":true,"href":"https:\/\/forumjustica.com.br\/en\/wp-json\/wp\/v2\/autorias?post=4361"},{"taxonomy":"eixos_tematicos","embeddable":true,"href":"https:\/\/forumjustica.com.br\/en\/wp-json\/wp\/v2\/eixos_tematicos?post=4361"},{"taxonomy":"locais","embeddable":true,"href":"https:\/\/forumjustica.com.br\/en\/wp-json\/wp\/v2\/locais?post=4361"},{"taxonomy":"pessoas","embeddable":true,"href":"https:\/\/forumjustica.com.br\/en\/wp-json\/wp\/v2\/pessoas?post=4361"},{"taxonomy":"estado","embeddable":true,"href":"https:\/\/forumjustica.com.br\/en\/wp-json\/wp\/v2\/estado?post=4361"},{"taxonomy":"academia","embeddable":true,"href":"https:\/\/forumjustica.com.br\/en\/wp-json\/wp\/v2\/academia?post=4361"},{"taxonomy":"sociedade_civil","embeddable":true,"href":"https:\/\/forumjustica.com.br\/en\/wp-json\/wp\/v2\/sociedade_civil?post=4361"}],"curies":[{"name":"wp","href":"https:\/\/api.w.org\/{rel}","templated":true}]}}