{"id":5416,"date":"2013-03-14T09:00:01","date_gmt":"2013-03-14T11:00:01","guid":{"rendered":"https:\/\/forumjustica.vlannetwork.com\/?p=5416"},"modified":"2022-09-04T21:16:20","modified_gmt":"2022-09-05T00:16:20","slug":"ii-coloquio-latino-americano-sobre-politicas-de-seguranca-e-direitos-humanos-enfocando-a-primeira-infancia-infancia-e-adolescencia","status":"publish","type":"post","link":"https:\/\/forumjustica.com.br\/en\/ii-coloquio-latino-americano-sobre-politicas-de-seguranca-e-direitos-humanos-enfocando-a-primeira-infancia-infancia-e-adolescencia\/","title":{"rendered":"II Col\u00f3quio Latino-americano sobre Pol\u00edticas de Seguran\u00e7a e Direitos Humanos: Enfocando a Primeira Inf\u00e2ncia, Inf\u00e2ncia e Adolesc\u00eancia"},"content":{"rendered":"<p><em>Encerram-se dia <strong>16 de mar\u00e7o<\/strong> as inscri\u00e7\u00f5es para o II Col\u00f3quio Latino-americano sobre Pol\u00edticas de Seguran\u00e7a e Direitos Humanos: Enfocando a Primeira Inf\u00e2ncia, Inf\u00e2ncia e Adolesc\u00eancia. O evento \u00e9 promovido pelo CIESPI\/PUC-Rio, Equidade para a Inf\u00e2ncia e a Rede Nacional da Primeira Inf\u00e2ncia.<br \/>\n<\/em><br \/>\nGostar\u00edamos de convid\u00e1-los\/as a participar do II Col\u00f3quio Latino-americano sobre Pol\u00edticas de Seguran\u00e7a e Direitos Humanos: Enfocando a Primeira Inf\u00e2ncia, Inf\u00e2ncia e Adolesc\u00eancia, que ser\u00e1 realizado nos dias 21 e 22 de mar\u00e7o de 2013 na Pontif\u00edcia Universidade Cat\u00f3lica do Rio de Janeiro (PUC-Rio).<\/p>\n<p>O II Col\u00f3quio \u00e9 desdobramento de um trabalho conjunto entre organiza\u00e7\u00f5es nacionais e internacionais, sendo elas a Equidade para a Inf\u00e2ncia Am\u00e9rica Latina, o Centro Internacional de Estudos e Pesquisa sobre a Inf\u00e2ncia \u2013 CIESPI\/PUC-Rio, a Rede Nacional Primeira Inf\u00e2ncia &#8211; RNPI, a Pontif\u00edcia Universidade Cat\u00f3lica &#8211; PUC-Rio, Instituto e Funda\u00e7\u00e3o Arcor.<\/p>\n<p>O p\u00fablico alvo deste evento s\u00e3o todas as pessoas engajadas na luta pela defesa e promo\u00e7\u00e3o dos direitos da primeira inf\u00e2ncia, inf\u00e2ncia e adolesc\u00eancia.<\/p>\n<p>Ao final do primeiro dia do evento ser\u00e1 exibido o document\u00e1rio &#8220;Quando a casa \u00e9 a rua&#8221; de Thereza Jessouroun, cujo projeto foi desenvolvido pelo CIESPI\/PUC-Rio e o CODENI, com apoio do Fetzer Institute e tamb\u00e9m ser\u00e1 o lan\u00e7amento do livro &#8220;Cuidado familiar e sa\u00fade mental&#8221; cujas autoras s\u00e3o: Professora Irene Rizzini, Aline Deus da Silva Leite e Cristiane Diniz de Menezes. Editoras: PUC-Rio e Reflex\u00e3o.&#8221;<\/p>\n<p>As inscri\u00e7\u00f5es est\u00e3o abertas e v\u00e3o at\u00e9 o dia 16 de mar\u00e7o!!!<br \/>\nVeja o <a href=\"http:\/\/www.equidadeparaainfancia.org\/programa-ii-coloquio-latino-americano-politicas-de-seguran%C3%A7a-e-direitos-humanos-enfocando-a-primeira-inf%C3%A2ncia,-inf%C3%A2ncia-e-adolesc%C3%AAncia-913\/index.html\">programa<\/a> e fa\u00e7a sua inscri\u00e7\u00e3o <a href=\"http:\/\/www.equidadeparaainfancia.org\/inscri%C3%A7%C3%A3o---ii-coloquio-latino-americano-politicas-de-seguran%C3%A7a-e-direitos-humanos-enfocando-a-primeira-inf%C3%A2ncia,-inf%C3%A2ncia-e-adolesc%C3%AAncia-912\/index.html\">AQUI!<\/a><\/p>\n<p>Col\u00f3quio Latino-Americano sobre Pol\u00edticas de Seguran\u00e7a e Direitos Humanos: Enfocando a Primeira Inf\u00e2ncia, Inf\u00e2ncia e Adolesc\u00eancia<br \/>\n21 e 22 de mar\u00e7o de 2013, PUC-Rio  Campus G\u00e1vea<br \/>\nEdif\u00edcio da Amizade, Ala Frings, 8\u00ba Andar, Audit\u00f3rio B8<\/p>\n<p>Vagas limitadas! Inscreva-se hoje!<\/p>\n","protected":false},"excerpt":{"rendered":"<p>Encerram-se dia 16 de mar\u00e7o as inscri\u00e7\u00f5es para o II Col\u00f3quio Latino-americano sobre Pol\u00edticas de Seguran\u00e7a e Direitos Humanos: Enfocando a Primeira Inf\u00e2ncia, Inf\u00e2ncia e Adolesc\u00eancia. O evento \u00e9 promovido pelo CIESPI\/PUC-Rio, Equidade para a Inf\u00e2ncia e a Rede Nacional da Primeira Inf\u00e2ncia. Gostar\u00edamos de convid\u00e1-los\/as a participar do II Col\u00f3quio Latino-americano sobre Pol\u00edticas de [&hellip;]<\/p>\n","protected":false},"author":13,"featured_media":0,"comment_status":"open","ping_status":"closed","sticky":false,"template":"","format":"standard","meta":{"inline_featured_image":false,"footnotes":""},"categories":[1],"tags":[],"anos":[],"projetos":[],"autorias":[],"eixos_tematicos":[],"locais":[],"pessoas":[],"estado":[],"academia":[],"sociedade_civil":[],"class_list":["post-5416","post","type-post","status-publish","format-standard","hentry","category-noticias"],"_links":{"self":[{"href":"https:\/\/forumjustica.com.br\/en\/wp-json\/wp\/v2\/posts\/5416","targetHints":{"allow":["GET"]}}],"collection":[{"href":"https:\/\/forumjustica.com.br\/en\/wp-json\/wp\/v2\/posts"}],"about":[{"href":"https:\/\/forumjustica.com.br\/en\/wp-json\/wp\/v2\/types\/post"}],"author":[{"embeddable":true,"href":"https:\/\/forumjustica.com.br\/en\/wp-json\/wp\/v2\/users\/13"}],"replies":[{"embeddable":true,"href":"https:\/\/forumjustica.com.br\/en\/wp-json\/wp\/v2\/comments?post=5416"}],"version-history":[{"count":1,"href":"https:\/\/forumjustica.com.br\/en\/wp-json\/wp\/v2\/posts\/5416\/revisions"}],"predecessor-version":[{"id":17749,"href":"https:\/\/forumjustica.com.br\/en\/wp-json\/wp\/v2\/posts\/5416\/revisions\/17749"}],"wp:attachment":[{"href":"https:\/\/forumjustica.com.br\/en\/wp-json\/wp\/v2\/media?parent=5416"}],"wp:term":[{"taxonomy":"category","embeddable":true,"href":"https:\/\/forumjustica.com.br\/en\/wp-json\/wp\/v2\/categories?post=5416"},{"taxonomy":"post_tag","embeddable":true,"href":"https:\/\/forumjustica.com.br\/en\/wp-json\/wp\/v2\/tags?post=5416"},{"taxonomy":"anos","embeddable":true,"href":"https:\/\/forumjustica.com.br\/en\/wp-json\/wp\/v2\/anos?post=5416"},{"taxonomy":"projetos","embeddable":true,"href":"https:\/\/forumjustica.com.br\/en\/wp-json\/wp\/v2\/projetos?post=5416"},{"taxonomy":"autorias","embeddable":true,"href":"https:\/\/forumjustica.com.br\/en\/wp-json\/wp\/v2\/autorias?post=5416"},{"taxonomy":"eixos_tematicos","embeddable":true,"href":"https:\/\/forumjustica.com.br\/en\/wp-json\/wp\/v2\/eixos_tematicos?post=5416"},{"taxonomy":"locais","embeddable":true,"href":"https:\/\/forumjustica.com.br\/en\/wp-json\/wp\/v2\/locais?post=5416"},{"taxonomy":"pessoas","embeddable":true,"href":"https:\/\/forumjustica.com.br\/en\/wp-json\/wp\/v2\/pessoas?post=5416"},{"taxonomy":"estado","embeddable":true,"href":"https:\/\/forumjustica.com.br\/en\/wp-json\/wp\/v2\/estado?post=5416"},{"taxonomy":"academia","embeddable":true,"href":"https:\/\/forumjustica.com.br\/en\/wp-json\/wp\/v2\/academia?post=5416"},{"taxonomy":"sociedade_civil","embeddable":true,"href":"https:\/\/forumjustica.com.br\/en\/wp-json\/wp\/v2\/sociedade_civil?post=5416"}],"curies":[{"name":"wp","href":"https:\/\/api.w.org\/{rel}","templated":true}]}}