{"id":5459,"date":"2013-03-20T10:30:04","date_gmt":"2013-03-20T12:30:04","guid":{"rendered":"https:\/\/forumjustica.vlannetwork.com\/?p=5459"},"modified":"2022-09-04T21:16:20","modified_gmt":"2022-09-05T00:16:20","slug":"organizacoes-cobram-posicionamento-publico-da-secretaria-de-direitos-humanos-e-do-governo-federal-com-relacao-a-presenca-de-um-racista-sexista-e-homofobico-na-presidencia-da-comissao-de-direitos-huma","status":"publish","type":"post","link":"https:\/\/forumjustica.com.br\/en\/organizacoes-cobram-posicionamento-publico-da-secretaria-de-direitos-humanos-e-do-governo-federal-com-relacao-a-presenca-de-um-racista-sexista-e-homofobico-na-presidencia-da-comissao-de-direitos-huma\/","title":{"rendered":"Mais ades\u00f5es \u00e0 nota: 85 organiza\u00e7\u00f5es da sociedade civil exigem um posicionamento da SDH e do Governo sobre escolha de Marco Feliciano para a CDHM"},"content":{"rendered":"<p>Ap\u00f3s o lan\u00e7amento da nota que exige um posicionamento oficial da Secretaria de Direitos Humanos (SDH) e do Governo Federal sobre o processo de escolha do deputado pastor Marco Feliciano (PSC) para a Comiss\u00e3o de Direitos Humanos e Minorias da C\u00e2mara, novas organiza\u00e7\u00f5es aderiram ao manifesto.<\/p>\n<p>Com as novas assinaturas, j\u00e1 s\u00e3o 84 as organiza\u00e7\u00f5es que requerem &#8220;um posicionamento deste Minist\u00e9rio e da presidenta Dilma sobre a recente usurpa\u00e7\u00e3o da CDHM por interesses privados contr\u00e1rios \u00e0 efetiva\u00e7\u00e3o dos direitos e sobre os recentes recuos na agenda dos direitos humanos no Brasil, em raz\u00e3o de alian\u00e7as e press\u00f5es de setores religiosos conservadores.<\/p>\n<p>Divulgue a nota abaixo para todos os seus contatos, ve\u00edculos de imprensa e nas redes sociais. No Twitter, mande o link do manifesto para @DHumanosBrasil, @_mariadorosario e @blogplanalto.<\/p>\n<p>&#8212;&#8212;&#8212;&#8212;&#8212;&#8212;&#8212;&#8212;&#8212;&#8212;&#8212;&#8212;&#8212;&#8212;&#8211;<br \/>\nOrganiza\u00e7\u00f5es cobram posicionamento p\u00fablico da Secretaria de Direitos Humanos e do Governo Federal com rela\u00e7\u00e3o \u00e0 presen\u00e7a de um racista, sexista e homof\u00f3bico na presid\u00eancia da Comiss\u00e3o de Direitos Humanos e Minorias da C\u00e2mara<\/p>\n<p>As organiza\u00e7\u00f5es abaixo assinadas v\u00eam, publicamente, requerer um posicionamento da Secretaria de Direitos Humanos (SDH\/PR) quanto \u00e0 elei\u00e7\u00e3o do Dep. Marco Feliciano para a presid\u00eancia da Comiss\u00e3o de Direitos Humanos e Minorias da C\u00e2mara Federal.<\/p>\n<p>Com surpresa, temos acompanhado a falta de empenho pol\u00edtico da SDH\/PR, quanto a um fato que coloca em risco a garantia dos direitos humanos no pa\u00eds. A Comiss\u00e3o de Direitos Humanos e Minorias da C\u00e2mara sempre foi uma institui\u00e7\u00e3o parceira dos movimentos sociais e da pr\u00f3pria SDH\/PR na promo\u00e7\u00e3o dos direitos humanos. At\u00e9 o momento, n\u00e3o tomamos conhecimento de nenhum posicionamento oficial da pasta sobre a presid\u00eancia da Comiss\u00e3o ser ocupada por um deputado declaradamente racista e homof\u00f3bico. Al\u00e9m disso, tamb\u00e9m n\u00e3o h\u00e1 nenhuma manifesta\u00e7\u00e3o ou a\u00e7\u00e3o tomada pela SDH\/PR quanto \u00e0s movimenta\u00e7\u00f5es da Bancada Evang\u00e9lica na C\u00e2mara, capitaneada pelo Partido Social Crist\u00e3o (PSC), com o objetivo de monopolizar a CDHM com uma expl\u00edcita agenda de retrocesso de direitos. Isso nos leva a questionar qual o posicionamento da Presid\u00eancia da Rep\u00fablica e do Governo Federal no que diz respeito \u00e0 quest\u00e3o.<\/p>\n<p>Lamentavelmente, esta atitude, que remete a uma omiss\u00e3o da Secretaria de Direitos Humanos e do Governo Federal, ocorre desde o in\u00edcio da atual gest\u00e3o, quando foram desmobilizados todos os esfor\u00e7os dos movimentos de direitos humanos para a implementa\u00e7\u00e3o do Programa Nacional de Direitos Humanos 3, o PNDH3, publicado por meio do Decreto n\u00ba 7037 de 21\/12\/2009. A atual gest\u00e3o da Secretaria desconstituiu o Comit\u00ea Interministerial de Acompanhamento e Monitoramento do programa, previsto no Decreto, e publicamente afirmou que o PNDH traria uma \u201cimagem negativa\u201d para o governo.<\/p>\n<p>A Secretaria de Direitos Humanos tem como miss\u00e3o institucional a defesa e garantia dos Direitos Humanos, especialmente de grupos historicamente discriminados e em situa\u00e7\u00e3o de vulnerabilidade. \u00c9 estarrecedora a falta de posicionamento p\u00fablico do Minist\u00e9rio tamb\u00e9m quanto a outras a\u00e7\u00f5es do Governo Federal, como o retrocesso da pol\u00edtica de combate \u00e0 homofobia nas escolas; \u00e0 interna\u00e7\u00e3o compuls\u00f3ria de usu\u00e1rios de crack e outras drogas e ao financiamento de comunidades religiosas terap\u00eauticas. A SDH deveria questionar interna e publicamente medidas do pr\u00f3prio governo que retrocedem na garantia dos direitos humanos e fortalecem o fundamentalismo religioso, em uma clara viola\u00e7\u00e3o da laicidade do Estado. Essas omiss\u00f5es contradizem os discursos emitidos pela Presidenta da Rep\u00fablica que, internacionalmente, defende a universalidade dos direitos humanos.<\/p>\n<p>Diante dessas quest\u00f5es e tendo em vista que a SDH \u00e9 o Minist\u00e9rio respons\u00e1vel por garantir a perspectiva de Direitos Humanos estabelecida pelo Governo Federal, requeremos posicionamento deste Minist\u00e9rio e da presidenta Dilma sobre a recente usurpa\u00e7\u00e3o da CDHM por interesses privados contr\u00e1rios a efetiva\u00e7\u00e3o dos direitos e sobre os recentes recuos na agenda dos direitos humanos no Brasil, em raz\u00e3o de alian\u00e7as e press\u00f5es de setores religiosos conservadores.<\/p>\n<p>Atenciosamente,<\/p>\n<p>1. ABECIPSI &#8211; Associa\u00e7\u00e3o Brasileira de Editores Cient\u00edficos de Psicologia<br \/>\n2. ABEP &#8211; Associa\u00e7\u00e3o Brasileira de Ensino de Psicologia<br \/>\n3. ABL-Articula\u00e7\u00e3o Brasileira de L\u00e9sbicas<br \/>\n4. ABONG \u2013 Associa\u00e7\u00e3o Brasileira de Organiza\u00e7\u00f5es N\u00e3o Governamentais<br \/>\n5. ABOP &#8211; Associa\u00e7\u00e3o Brasileira de Orienta\u00e7\u00e3o Profissional<br \/>\n6. ABPD &#8211; Associa\u00e7\u00e3o Brasileira de Psicologia do Desenvolvimento<br \/>\n7. ABPJ &#8211; Associa\u00e7\u00e3o Brasileira de Psicologia Jur\u00eddica<br \/>\n8. ABPP &#8211; Associa\u00e7\u00e3o Brasileira de Psicologia Pol\u00edtica<br \/>\n9. ABPSA &#8211; Associa\u00e7\u00e3o Brasileira de Psicologia da Sa\u00fade<br \/>\n10. ABRANEP &#8211; Associa\u00e7\u00e3o Brasileira de Neuropsicologia<br \/>\n11. ABRAP &#8211; Associa\u00e7\u00e3o Brasileira de Psicoterapia<br \/>\n12. ABRAPEDE &#8211;  Associa\u00e7\u00e3o Brasileira de Psicologia nas Emerg\u00eancias e Desastres<br \/>\n13. ABRAPEE &#8211; Associa\u00e7\u00e3o Brasileira de Psicologia Escolar e Educacional<br \/>\n14. ABRAPESP &#8211; Associa\u00e7\u00e3o Brasileira de Psicologia do Esporte<br \/>\n15. ABRAPSO &#8211; Associa\u00e7\u00e3o Brasileira de Psicologia Social<br \/>\n16. AMB &#8211; Articula\u00e7\u00e3o de de Mulheres Brasileiras<br \/>\n17. AMNB &#8211; Articula\u00e7\u00e3o das Organiza\u00e7\u00f5es de Mulheres Negras Brasileiras<br \/>\n18. ANCED &#8211; Associa\u00e7\u00e3o Nacional dos Centros de Defesa da Crian\u00e7a e do Adolescente<br \/>\n19. ANPEPP &#8211; Associa\u00e7\u00e3o Nacional de Pesquisa e P\u00f3s-Gradua\u00e7\u00e3o em Psicologia<br \/>\n20. ASBRO &#8211; Associa\u00e7\u00e3o Brasileira de Rorschach e M\u00e9todos Projetivos<br \/>\n21. ABGLT &#8211; Associa\u00e7\u00e3o Brasileira de L\u00e9sbicas, Gays, Bissexuais, Travestis e Transexuais<br \/>\n22. Associa\u00e7\u00e3o Rede de Mulheres Produtoras do Paje\u00fa<br \/>\n23. CEN \u2013 Coletivo de Entidades Negras<br \/>\n24. Centro de Direitos Humanos e Educa\u00e7\u00e3o Popular<br \/>\n25. CEBI &#8211; Centro de Estudos B\u00edblicos<br \/>\n26. Centro de Refer\u00eancia em Direitos Humanos &#8211; CRDH\/CCJ\/UFPB<br \/>\n27. Centro Nordestino de Medicina Popular<br \/>\n28. CESE \u2013 Coordenadoria Ecum\u00eanica de Servi\u00e7o<br \/>\n29. CFEMEA &#8211; Centro Feminista de Estudos e Assessoria<br \/>\n30. CFP &#8211; Conselho Federal de Psicologia<br \/>\n31. Ciranda &#8211; Central de Not\u00edcias dos Direitos da Inf\u00e2ncia e Adolesc\u00eancia<br \/>\n32. Comit\u00ea Nacional de Enfrentamento da Viol\u00eancia Sexual contra Crian\u00e7as e Adolescentes<br \/>\n33. Conectas<br \/>\n34. CONEP &#8211; Coordena\u00e7\u00e3o Nacional dos Estudantes de Psicologia<br \/>\n35. Conselho Federal de Psicologia<br \/>\n36. Conselho Indigenista Mission\u00e1rio<br \/>\n37. Conselho Nacional de Igrejas Crist\u00e3s do Brasil<br \/>\n38. CRIOLA<br \/>\n39. Dignitatis &#8211; Assessoria T\u00e9cnica Popular<br \/>\n40. FENAPSI &#8211; Federa\u00e7\u00e3o Nacional dos Psic\u00f3logos<br \/>\n41. FIAN Brasil &#8211; Rede de Informa\u00e7\u00e3o e A\u00e7\u00e3o pelo Direito a se Alimentar<br \/>\n42. FLAAB \u2013 FEDERA\u00c7\u00c3O LATINO AMERICANA DE AN\u00c1LISE BIOENERG\u00c9TICA<br \/>\n43. F\u00f3rum Cearense de Mulheres<br \/>\n44. FULANAS &#8211; Mulheres Negras da Amazonia Brasileira<br \/>\n45. GELED\u00c9S &#8211; Instituto da Mulher Negra<br \/>\n46. Grupo Arco-\u00cdris de Cidadania LGBT<br \/>\n47. Grupo Curumim-Recife-PE<br \/>\n48. Grupo Elos LGBT do DF e Entorno<br \/>\n49. Guaimb\u00ea &#8211; espa\u00e7o e movimento criativo<br \/>\n50. IBAP &#8211; Instituto Brasileiro de Avalia\u00e7\u00e3o Psicol\u00f3gica<br \/>\n51. IBASE  Instituto Brasileiro de An\u00e1lises Sociais e Econ\u00f4micas<br \/>\n52. INESC &#8211; Instituto de Estudos Socioecon\u00f4micos<br \/>\n53. Instituto de Mulheres negras do Amap\u00e1<br \/>\n54. Instituto DH: Promo\u00e7\u00e3o, Pesquisa e Interven\u00e7\u00e3o em Direitos Humanos e Cidadania<br \/>\n55. Instituto Negra do Cear\u00e1.<br \/>\n56. Intervozes &#8211; Coletivo Brasil de Comunica\u00e7\u00e3o Social<br \/>\n57. ISER &#8211; Instituto de Estudos da Religi\u00e3o<br \/>\n58. JusDh &#8211; Articula\u00e7\u00e3o Justi\u00e7a e Direitos Humanos<br \/>\n59. Justi\u00e7a Global<br \/>\n60. MAB &#8211; Movimento dos Atingidos por Barragens<br \/>\n61. MMC &#8211; Movimento de Mulheres Camponesas<br \/>\n62. MNDH &#8211; Movimento Nacional de Direitos Humanos<br \/>\n63. Movimento D\u00b4ELLAS<br \/>\n64. Observat\u00f3rio de Favelas<br \/>\n65. Plataforma Dhesca Brasil &#8211; Plataforma Brasileira de Direitos Humanos Econ\u00f4micos, Sociais, Culturais e Ambientais<br \/>\n66. Rede das Mulheres de Terreiro de Pernambuco<br \/>\n67. Rede ECPAT Brasil<br \/>\n68. Rede Nacional de Religi\u00f5es Afro-Brasileiras e Sa\u00fade<br \/>\n69. Rede Nacional Feminista de Sa\u00fade, Direitos Sexuais e Direitos Reprodutivos<br \/>\n70. Relatoria Nacional do Direito Humano \u00e0 Educa\u00e7\u00e3o<br \/>\n71. Relatoria Nacional do Direito Humano \u00e0 Sa\u00fade Sexual e Reprodutiva<br \/>\n72. Relatoria Nacional do Direito Humano \u00e0 Terra, Territ\u00f3rio e Alimenta\u00e7\u00e3o<br \/>\n73. Relatoria Nacional do Direito Humano ao Meio Ambiente<br \/>\n74. SBPH &#8211; Sociedade Brasileira de Psicologia Hospitalar<br \/>\n75. SBPOT &#8211; Associa\u00e7\u00e3o Brasileira de Psicologia Organizacional e do Trabalho<br \/>\n76. Secretar\u00eda de Mulheres &#8211; ABGLT<br \/>\n77. SARES &#8211; Servi\u00e7o de a\u00e7\u00e3o, reflex\u00e3o e educa\u00e7\u00e3o social<br \/>\n78. SOBRAPA &#8211; Sociedade Brasileira de Psicologia e Acupuntura<br \/>\n79. Sociedade Maranhense de Direitos Humanos<br \/>\n80. SDDH &#8211; Sociedade Paraense de Direitos Humanos<br \/>\n81. Tambores de Safo<br \/>\n82. Terra de Direitos<br \/>\n83. THEMIS &#8211; Assesoria Jur\u00eddica e Estudos de G\u00eanero<br \/>\n84. Uiala Mukaji Sociedade das Mulheres Negras de Pernambuco<br \/>\n85. Via Campesina Brasil<\/p>\n<p>&#8212;&#8212;&#8212;&#8212;-<br \/>\nAssessoria de Comunica\u00e7\u00e3o: Anderson Moreira, (41) 3232-4660 \/ 8411-1879<\/p>\n<p>ABGLT \u2013 Carlos Magno, (31) 8817-1170<br \/>\nAMB \u2013 Guacira Cesar de Oliveira, (61) 3224-1791 \/ Nilde Sousa (91) 9122-3676<br \/>\nAMNB \u2013 Maria Concei\u00e7\u00e3o Lopes Fontoura, 51 9956-9992<br \/>\nConselho Federal de Psicologia \u2013 Cristina Bravo, (61) 2109-0107<br \/>\nMNDH \u2013 Rildo Marques, (11) 99232-6304<br \/>\nPlataforma Dhesca Brasil \u2013 Alexandre Ciconello, (61) 8131-2004<br \/>\nRede Feminista de Sa\u00fade \u2013 Maria Lu\u00edsa de Oliveira (51) 9994-3769<br \/>\n<a href=\"http:\/\/www.dhescbrasil.org.br\/index.php?option=com_content&#038;view=article&#038;id=789%3Aorganizacoesaderem-nota-exigindo-posicionamento-sdh-governo-marco-feliciano&#038;catid=69%3Aantiga-rok-stories\"><br \/>\nhttp:\/\/www.dhescbrasil.org.br\/index.php?option=com_content&#038;view=article&#038;id=789%3Aorganizacoesaderem-nota-exigindo-posicionamento-sdh-governo-marco-feliciano&#038;catid=69%3Aantiga-rok-stories<\/a><\/p>\n","protected":false},"excerpt":{"rendered":"<p>Ap\u00f3s o lan\u00e7amento da nota que exige um posicionamento oficial da Secretaria de Direitos Humanos (SDH) e do Governo Federal sobre o processo de escolha do deputado pastor Marco Feliciano (PSC) para a Comiss\u00e3o de Direitos Humanos e Minorias da C\u00e2mara, novas organiza\u00e7\u00f5es aderiram ao manifesto. Com as novas assinaturas, j\u00e1 s\u00e3o 84 as organiza\u00e7\u00f5es [&hellip;]<\/p>\n","protected":false},"author":13,"featured_media":0,"comment_status":"open","ping_status":"closed","sticky":false,"template":"","format":"standard","meta":{"inline_featured_image":false,"footnotes":""},"categories":[1],"tags":[],"anos":[],"projetos":[],"autorias":[],"eixos_tematicos":[],"locais":[],"pessoas":[],"estado":[],"academia":[],"sociedade_civil":[],"class_list":["post-5459","post","type-post","status-publish","format-standard","hentry","category-noticias"],"_links":{"self":[{"href":"https:\/\/forumjustica.com.br\/en\/wp-json\/wp\/v2\/posts\/5459","targetHints":{"allow":["GET"]}}],"collection":[{"href":"https:\/\/forumjustica.com.br\/en\/wp-json\/wp\/v2\/posts"}],"about":[{"href":"https:\/\/forumjustica.com.br\/en\/wp-json\/wp\/v2\/types\/post"}],"author":[{"embeddable":true,"href":"https:\/\/forumjustica.com.br\/en\/wp-json\/wp\/v2\/users\/13"}],"replies":[{"embeddable":true,"href":"https:\/\/forumjustica.com.br\/en\/wp-json\/wp\/v2\/comments?post=5459"}],"version-history":[{"count":1,"href":"https:\/\/forumjustica.com.br\/en\/wp-json\/wp\/v2\/posts\/5459\/revisions"}],"predecessor-version":[{"id":17745,"href":"https:\/\/forumjustica.com.br\/en\/wp-json\/wp\/v2\/posts\/5459\/revisions\/17745"}],"wp:attachment":[{"href":"https:\/\/forumjustica.com.br\/en\/wp-json\/wp\/v2\/media?parent=5459"}],"wp:term":[{"taxonomy":"category","embeddable":true,"href":"https:\/\/forumjustica.com.br\/en\/wp-json\/wp\/v2\/categories?post=5459"},{"taxonomy":"post_tag","embeddable":true,"href":"https:\/\/forumjustica.com.br\/en\/wp-json\/wp\/v2\/tags?post=5459"},{"taxonomy":"anos","embeddable":true,"href":"https:\/\/forumjustica.com.br\/en\/wp-json\/wp\/v2\/anos?post=5459"},{"taxonomy":"projetos","embeddable":true,"href":"https:\/\/forumjustica.com.br\/en\/wp-json\/wp\/v2\/projetos?post=5459"},{"taxonomy":"autorias","embeddable":true,"href":"https:\/\/forumjustica.com.br\/en\/wp-json\/wp\/v2\/autorias?post=5459"},{"taxonomy":"eixos_tematicos","embeddable":true,"href":"https:\/\/forumjustica.com.br\/en\/wp-json\/wp\/v2\/eixos_tematicos?post=5459"},{"taxonomy":"locais","embeddable":true,"href":"https:\/\/forumjustica.com.br\/en\/wp-json\/wp\/v2\/locais?post=5459"},{"taxonomy":"pessoas","embeddable":true,"href":"https:\/\/forumjustica.com.br\/en\/wp-json\/wp\/v2\/pessoas?post=5459"},{"taxonomy":"estado","embeddable":true,"href":"https:\/\/forumjustica.com.br\/en\/wp-json\/wp\/v2\/estado?post=5459"},{"taxonomy":"academia","embeddable":true,"href":"https:\/\/forumjustica.com.br\/en\/wp-json\/wp\/v2\/academia?post=5459"},{"taxonomy":"sociedade_civil","embeddable":true,"href":"https:\/\/forumjustica.com.br\/en\/wp-json\/wp\/v2\/sociedade_civil?post=5459"}],"curies":[{"name":"wp","href":"https:\/\/api.w.org\/{rel}","templated":true}]}}