{"id":5495,"date":"2013-03-26T09:00:33","date_gmt":"2013-03-26T11:00:33","guid":{"rendered":"https:\/\/forumjustica.vlannetwork.com\/?p=5495"},"modified":"2022-09-04T21:16:20","modified_gmt":"2022-09-05T00:16:20","slug":"rio-sem-homofobia-e-metrorio-lancam-campanha-para-capacitar-funcionarios","status":"publish","type":"post","link":"https:\/\/forumjustica.com.br\/en\/rio-sem-homofobia-e-metrorio-lancam-campanha-para-capacitar-funcionarios\/","title":{"rendered":"Rio sem Homofobia e Metr\u00f4Rio lan\u00e7am campanha para capacitar funcion\u00e1rios"},"content":{"rendered":"<p>Sex, 22 de Mar\u00e7o de 2013 17:29<br \/>\nCidades<\/p>\n<p><a href=\"https:\/\/forumjustica.com.br\/wp-content\/uploads\/2013\/03\/foto014240.png\"><img loading=\"lazy\" decoding=\"async\" src=\"https:\/\/forumjustica.com.br\/wp-content\/uploads\/2013\/03\/foto014240.png\" alt=\"\" title=\"foto01(4240)\" width=\"405\" height=\"270\" class=\"aligncenter size-full wp-image-5496\" srcset=\"https:\/\/forumjustica.com.br\/wp-content\/uploads\/2013\/03\/foto014240.png 405w, https:\/\/forumjustica.com.br\/wp-content\/uploads\/2013\/03\/foto014240-300x200.png 300w\" sizes=\"auto, (max-width: 405px) 100vw, 405px\" \/><\/a><br \/>\nEm uma parceria in\u00e9dita, o Programa Rio sem Homofobia, da Secretaria de Assist\u00eancia Social e Direitos Humanos, firmou, um termo de coopera\u00e7\u00e3o t\u00e9cnica com o Metr\u00f4Rio.<\/p>\n<p>O conv\u00eanio \u00e9 estrat\u00e9gico e visa a capacita\u00e7\u00e3o dos 1,5 mil colaboradores que atuam no atendimento ao p\u00fablico e a realiza\u00e7\u00e3o de campanhas educativas de combate ao preconceito e respeito \u00e0 diversidade. O lan\u00e7amento aconteceu na esta\u00e7\u00e3o do Largo da Carioca, no Centro do Rio.<\/p>\n<p>O coordenador do Programa Rio Sem Homofobia, Cl\u00e1udio Nascimento, explicou que a a\u00e7\u00e3o, al\u00e9m de importante, \u00e9 estrat\u00e9gica pois milhares de pessoas usam o transporte diariamente.<\/p>\n<p>&#8211; Esperamos que este ato inspire outras empresas a entenderem a necessidade de incorporar, de fato, o conceito da responsabilidade social e corporativa trazendo o debate de direitos humanos para dentro da companhia. Esta \u00e9 a primeira empresa de concess\u00e3o p\u00fablica de transporte do Brasil que assume esta campanha \u2013 afirmou.<\/p>\n<p>A capacita\u00e7\u00e3o come\u00e7ar\u00e1 na primeira semana do m\u00eas de abril e ter\u00e1 a dura\u00e7\u00e3o de dois meses. O programa capacitar\u00e1 funcion\u00e1rios que lidam com atendimento ao p\u00fablico, como os bilheteiros e agentes de seguran\u00e7a, para melhoria e qualifica\u00e7\u00e3o do atendimento \u00e0 popula\u00e7\u00e3o LGBT (L\u00e9sbicas, Gays, Bissexuais, Travestis e Transexuais). Durante 15 dias, ser\u00e1 exibido o v\u00eddeo da campanha Rio sem Homofobia, al\u00e9m veicular sposts de \u00e1udio em todas as 35 esta\u00e7\u00f5es do metr\u00f4.<\/p>\n<p>A gerente de Comunica\u00e7\u00e3o e Marketing do Metr\u00f4Rio, Elisa Santos, quer mostrar \u00e0 sociedade carioca que a concession\u00e1ria, que transporta cerca de 700 mil pessoas por dia, \u00e9 contra a qualquer tipo de discrimina\u00e7\u00e3o.<\/p>\n<p>&#8211; Somos um transporte de massa que conduz muitas pessoas no dia a dia, onde h\u00e1 muita diversidade. Por isto, temos que prepar\u00e1-las para entenderem que h\u00e1 diferen\u00e7as e liberdade de express\u00e3o. A cidade do Rio foi eleita como o principal destino tur\u00edstico do p\u00fablico LGBT. Por isto, nada mais adequado do que preparamos os cidad\u00e3os cariocas e os funcion\u00e1rios para receber estes visitantes, al\u00e9m das outras pessoas que tamb\u00e9m moram aqui \u2013 disse.<\/p>\n<p>Durante o lan\u00e7amento, t\u00e9cnicos do Centro de Refer\u00eancia da Cidadania LGBT orientaram o p\u00fablico sobre quest\u00f5es relacionadas \u00e0 tem\u00e1tica LGBT e direitos humanos. Foi disponibilizado um ponto de informa\u00e7\u00e3o especialmente montado para esta data, com materiais impressos informativo. Quatro drag queens participaram da iniciativa distribuindo panfletos da campanha.<\/p>\n<p>O homossexual, Tairone Aguiar, afirmou a import\u00e2ncia desta parceria para diminuir o preconceito.<\/p>\n<p>&#8211; Como muitas pessoas pegam o metr\u00f4, este ato \u00e9 essencial para que elas tenham a consci\u00eancia de que respeito \u00e9 preciso, independentemente da orienta\u00e7\u00e3o sexual de cada um \u2013 disse.<\/p>\n<p>A secret\u00e1ria Fabiana Bandeira revelou que este tipo de a\u00e7\u00e3o deveria ser mais presente na rotina do carioca.<\/p>\n<p>&#8211; Abaixo ao preconceito. Todos t\u00eam o direito de serem como quiserem. Esta campanha veio em boa hora \u2013 concluiu.<\/p>\n<p><a href=\"http:\/\/diariodemocratico.com.br\/rio-de-janeiro\/8325\"> http:\/\/diariodemocratico.com.br\/rio-de-janeiro\/8325<\/a><\/p>\n","protected":false},"excerpt":{"rendered":"<p>Sex, 22 de Mar\u00e7o de 2013 17:29 Cidades Em uma parceria in\u00e9dita, o Programa Rio sem Homofobia, da Secretaria de Assist\u00eancia Social e Direitos Humanos, firmou, um termo de coopera\u00e7\u00e3o t\u00e9cnica com o Metr\u00f4Rio. O conv\u00eanio \u00e9 estrat\u00e9gico e visa a capacita\u00e7\u00e3o dos 1,5 mil colaboradores que atuam no atendimento ao p\u00fablico e a realiza\u00e7\u00e3o [&hellip;]<\/p>\n","protected":false},"author":13,"featured_media":0,"comment_status":"open","ping_status":"closed","sticky":false,"template":"","format":"standard","meta":{"inline_featured_image":false,"footnotes":""},"categories":[1],"tags":[],"anos":[],"projetos":[],"autorias":[],"eixos_tematicos":[],"locais":[],"pessoas":[],"estado":[],"academia":[],"sociedade_civil":[],"class_list":["post-5495","post","type-post","status-publish","format-standard","hentry","category-noticias"],"_links":{"self":[{"href":"https:\/\/forumjustica.com.br\/en\/wp-json\/wp\/v2\/posts\/5495","targetHints":{"allow":["GET"]}}],"collection":[{"href":"https:\/\/forumjustica.com.br\/en\/wp-json\/wp\/v2\/posts"}],"about":[{"href":"https:\/\/forumjustica.com.br\/en\/wp-json\/wp\/v2\/types\/post"}],"author":[{"embeddable":true,"href":"https:\/\/forumjustica.com.br\/en\/wp-json\/wp\/v2\/users\/13"}],"replies":[{"embeddable":true,"href":"https:\/\/forumjustica.com.br\/en\/wp-json\/wp\/v2\/comments?post=5495"}],"version-history":[{"count":1,"href":"https:\/\/forumjustica.com.br\/en\/wp-json\/wp\/v2\/posts\/5495\/revisions"}],"predecessor-version":[{"id":17738,"href":"https:\/\/forumjustica.com.br\/en\/wp-json\/wp\/v2\/posts\/5495\/revisions\/17738"}],"wp:attachment":[{"href":"https:\/\/forumjustica.com.br\/en\/wp-json\/wp\/v2\/media?parent=5495"}],"wp:term":[{"taxonomy":"category","embeddable":true,"href":"https:\/\/forumjustica.com.br\/en\/wp-json\/wp\/v2\/categories?post=5495"},{"taxonomy":"post_tag","embeddable":true,"href":"https:\/\/forumjustica.com.br\/en\/wp-json\/wp\/v2\/tags?post=5495"},{"taxonomy":"anos","embeddable":true,"href":"https:\/\/forumjustica.com.br\/en\/wp-json\/wp\/v2\/anos?post=5495"},{"taxonomy":"projetos","embeddable":true,"href":"https:\/\/forumjustica.com.br\/en\/wp-json\/wp\/v2\/projetos?post=5495"},{"taxonomy":"autorias","embeddable":true,"href":"https:\/\/forumjustica.com.br\/en\/wp-json\/wp\/v2\/autorias?post=5495"},{"taxonomy":"eixos_tematicos","embeddable":true,"href":"https:\/\/forumjustica.com.br\/en\/wp-json\/wp\/v2\/eixos_tematicos?post=5495"},{"taxonomy":"locais","embeddable":true,"href":"https:\/\/forumjustica.com.br\/en\/wp-json\/wp\/v2\/locais?post=5495"},{"taxonomy":"pessoas","embeddable":true,"href":"https:\/\/forumjustica.com.br\/en\/wp-json\/wp\/v2\/pessoas?post=5495"},{"taxonomy":"estado","embeddable":true,"href":"https:\/\/forumjustica.com.br\/en\/wp-json\/wp\/v2\/estado?post=5495"},{"taxonomy":"academia","embeddable":true,"href":"https:\/\/forumjustica.com.br\/en\/wp-json\/wp\/v2\/academia?post=5495"},{"taxonomy":"sociedade_civil","embeddable":true,"href":"https:\/\/forumjustica.com.br\/en\/wp-json\/wp\/v2\/sociedade_civil?post=5495"}],"curies":[{"name":"wp","href":"https:\/\/api.w.org\/{rel}","templated":true}]}}