{"id":5516,"date":"2013-03-27T09:00:29","date_gmt":"2013-03-27T11:00:29","guid":{"rendered":"https:\/\/forumjustica.vlannetwork.com\/?p=5516"},"modified":"2022-09-04T21:16:20","modified_gmt":"2022-09-05T00:16:20","slug":"decreto-presidencial-que-estabelece-diretrizes-para-o-atendimento-as-vitimas-de-violencia-sexual","status":"publish","type":"post","link":"https:\/\/forumjustica.com.br\/en\/decreto-presidencial-que-estabelece-diretrizes-para-o-atendimento-as-vitimas-de-violencia-sexual\/","title":{"rendered":"Decreto Presidencial que estabelece diretrizes para o atendimento \u00e0s v\u00edtimas de viol\u00eancia sexual"},"content":{"rendered":"<p>DECRETO No- 7.958, DE 13 DE MAR\u00c7O DE 2013<\/p>\n<p>Estabelece diretrizes para o atendimento \u00e0s v\u00edtimas de viol\u00eancia sexual pelos profissionais de seguran\u00e7a p\u00fablica e da rede de atendimento do Sistema \u00danico de Sa\u00fade.<\/p>\n<p>A PRESIDENTA DA REP\u00daBLICA, no uso das atribui\u00e7\u00f5es que lhe confere o art. 84, caput, incisos IV e VI, al\u00ednea &#8220;a&#8221;, da Constitui\u00e7\u00e3o, e tendo em vista o disposto nos incisos IV e V do caput do art. 15 da Lei n\u00ba 8.080, de 19 de setembro de 1990,<\/p>\n<p>D E C R E T A :<\/p>\n<p>Art. 1o Este Decreto estabelece diretrizes para o atendimento humanizado \u00e0s v\u00edtimas de viol\u00eancia sexual pelos profissionais da \u00e1rea de seguran\u00e7a p\u00fablica e da rede de atendimento do Sistema \u00danico de Sa\u00fade &#8211; SUS, e as compet\u00eancias do Minist\u00e9rio da Justi\u00e7a e do Minist\u00e9rio da Sa\u00fade para sua implementa\u00e7\u00e3o.<\/p>\n<p>Art. 2o O atendimento \u00e0s v\u00edtimas de viol\u00eancia sexual pelos profissionais de seguran\u00e7a p\u00fablica e da rede de atendimento do SUS observar\u00e1 as seguintes diretrizes:<\/p>\n<p>I &#8211; acolhimento em servi\u00e7os de refer\u00eancia;<\/p>\n<p>II &#8211; atendimento humanizado, observados os princ\u00edpios do respeito da dignidade da pessoa, da n\u00e3o discrimina\u00e7\u00e3o, do sigilo e da privacidade;<\/p>\n<p>III &#8211; disponibiliza\u00e7\u00e3o de espa\u00e7o de escuta qualificado e privacidade durante o atendimento, para propiciar ambiente de confian\u00e7a e respeito \u00e0 v\u00edtima;<\/p>\n<p>IV &#8211; informa\u00e7\u00e3o pr\u00e9via \u00e0 v\u00edtima, assegurada sua compreens\u00e3o sobre o que ser\u00e1 realizado em cada etapa do atendimento e a import\u00e2ncia das condutas m\u00e9dicas, multiprofissionais e policiais, respeitada sua decis\u00e3o sobre a realiza\u00e7\u00e3o de qualquer procedimento;<\/p>\n<p>V &#8211; identifica\u00e7\u00e3o e orienta\u00e7\u00e3o \u00e0s v\u00edtimas sobre a exist\u00eancia de servi\u00e7os de refer\u00eancia para atendimento \u00e0s v\u00edtimas de viol\u00eancia e de unidades do sistema de garantia de direitos;<\/p>\n<p>VI &#8211; divulga\u00e7\u00e3o de informa\u00e7\u00f5es sobre a exist\u00eancia de servi\u00e7os de refer\u00eancia para atendimento de v\u00edtimas de viol\u00eancia sexual;<\/p>\n<p>VII &#8211; disponibiliza\u00e7\u00e3o de transporte \u00e0 v\u00edtima de viol\u00eancia sexual at\u00e9 os servi\u00e7os de refer\u00eancia; e<\/p>\n<p>VIII &#8211; promo\u00e7\u00e3o de capacita\u00e7\u00e3o de profissionais de seguran\u00e7a p\u00fablica e da rede de atendimento do SUS para atender v\u00edtimas de viol\u00eancia sexual de forma humanizada, garantindo a idoneidade e o rastreamento dos vest\u00edgios coletados.<\/p>\n<p>.<\/p>\n<p>Art. 3o Para os fins deste Decreto, considera-se servi\u00e7o derefer\u00eancia o servi\u00e7o qualificado para oferecer atendimento \u00e0s v\u00edtimas de viol\u00eancia sexual, observados os n\u00edveis de assist\u00eancia e os diferentesprofissionais que atuar\u00e3o em cada unidade de atendimento,segundo normas t\u00e9cnicas e protocolos adotados pelo Minist\u00e9rio daSa\u00fade e pelo Minist\u00e9rio da Justi\u00e7a.<\/p>\n<p>Art. 4o O atendimento \u00e0s v\u00edtimas de viol\u00eancia sexual pelos profissionais da rede do SUS compreender\u00e1 os seguintes procedimentos:<\/p>\n<p>I &#8211; acolhimento, anamnese e realiza\u00e7\u00e3o de exames cl\u00ednicos e laboratoriais;<\/p>\n<p>II &#8211; preenchimento de prontu\u00e1rio com as seguintes informa\u00e7\u00f5es:<\/p>\n<p>a) data e hora do atendimento;<\/p>\n<p>b) hist\u00f3ria cl\u00ednica detalhada, com dados sobre a viol\u00eancia sofrida;<\/p>\n<p>c) exame f\u00edsico completo, inclusive o exame ginecol\u00f3gico, se for necess\u00e1rio;<\/p>\n<p>d) descri\u00e7\u00e3o minuciosa das les\u00f5es, com indica\u00e7\u00e3o da temporalidade e localiza\u00e7\u00e3o espec\u00edfica;<\/p>\n<p>e) descri\u00e7\u00e3o minuciosa de vest\u00edgios e de outros achados no exame; e<\/p>\n<p>f) identifica\u00e7\u00e3o dos profissionais que atenderam a v\u00edtima;<\/p>\n<p>III &#8211; preenchimento do Termo de Relato Circunstanciado e Termo de Consentimento Informado, assinado pela v\u00edtima ou respons\u00e1vel legal;<\/p>\n<p>IV &#8211; coleta de vest\u00edgios para, assegurada a cadeia de cust\u00f3dia, encaminhamento \u00e0 per\u00edcia oficial, com a c\u00f3pia do Termo de Consentimento Informado;<\/p>\n<p>V &#8211; assist\u00eancia farmac\u00eautica e de outros insumos e acompanhamento multiprofissional, de acordo com a necessidade;<\/p>\n<p>VI &#8211; preenchimento da Ficha de Notifica\u00e7\u00e3o Compuls\u00f3ria de viol\u00eancia dom\u00e9stica, sexual e outras viol\u00eancias; e<\/p>\n<p>VII &#8211; orienta\u00e7\u00e3o \u00e0 v\u00edtima ou ao seu respons\u00e1vel a respeito de seus direitos e sobre a exist\u00eancia de servi\u00e7os de refer\u00eancia para atendimento \u00e0s v\u00edtimas de viol\u00eancia sexual.<\/p>\n<p>Solange Pinto Xavier<\/p>\n<p>Coordena\u00e7\u00e3o Geral<\/p>\n<p>Programa de Prote\u00e7\u00e3o a Crian\u00e7as e Adolescentes Amea\u00e7ados de Morte<br \/>\nSecretaria de Direitos Humanos da Presid\u00eancia da Rep\u00fablica<\/p>\n<p>Enviado por Mal\u00fa Moura, psic\u00f3loga e mestre em psicologia social pela PUC Goi\u00e1s, em 17 de mar\u00e7o de 2013.<\/p>\n<p><a href=\"http:\/\/toleranciaecontentamento.blogspot.com.br\/2013\/03\/decreto-presidencial-que-estabelece.html\">http:\/\/toleranciaecontentamento.blogspot.com.br\/2013\/03\/decreto-presidencial-que-estabelece.html<\/a><\/p>\n","protected":false},"excerpt":{"rendered":"<p>DECRETO No- 7.958, DE 13 DE MAR\u00c7O DE 2013 Estabelece diretrizes para o atendimento \u00e0s v\u00edtimas de viol\u00eancia sexual pelos profissionais de seguran\u00e7a p\u00fablica e da rede de atendimento do Sistema \u00danico de Sa\u00fade. A PRESIDENTA DA REP\u00daBLICA, no uso das atribui\u00e7\u00f5es que lhe confere o art. 84, caput, incisos IV e VI, al\u00ednea &#8220;a&#8221;, [&hellip;]<\/p>\n","protected":false},"author":13,"featured_media":0,"comment_status":"open","ping_status":"closed","sticky":false,"template":"","format":"standard","meta":{"inline_featured_image":false,"footnotes":""},"categories":[1],"tags":[],"anos":[],"projetos":[],"autorias":[],"eixos_tematicos":[],"locais":[],"pessoas":[],"estado":[],"academia":[],"sociedade_civil":[],"class_list":["post-5516","post","type-post","status-publish","format-standard","hentry","category-noticias"],"_links":{"self":[{"href":"https:\/\/forumjustica.com.br\/en\/wp-json\/wp\/v2\/posts\/5516","targetHints":{"allow":["GET"]}}],"collection":[{"href":"https:\/\/forumjustica.com.br\/en\/wp-json\/wp\/v2\/posts"}],"about":[{"href":"https:\/\/forumjustica.com.br\/en\/wp-json\/wp\/v2\/types\/post"}],"author":[{"embeddable":true,"href":"https:\/\/forumjustica.com.br\/en\/wp-json\/wp\/v2\/users\/13"}],"replies":[{"embeddable":true,"href":"https:\/\/forumjustica.com.br\/en\/wp-json\/wp\/v2\/comments?post=5516"}],"version-history":[{"count":1,"href":"https:\/\/forumjustica.com.br\/en\/wp-json\/wp\/v2\/posts\/5516\/revisions"}],"predecessor-version":[{"id":17734,"href":"https:\/\/forumjustica.com.br\/en\/wp-json\/wp\/v2\/posts\/5516\/revisions\/17734"}],"wp:attachment":[{"href":"https:\/\/forumjustica.com.br\/en\/wp-json\/wp\/v2\/media?parent=5516"}],"wp:term":[{"taxonomy":"category","embeddable":true,"href":"https:\/\/forumjustica.com.br\/en\/wp-json\/wp\/v2\/categories?post=5516"},{"taxonomy":"post_tag","embeddable":true,"href":"https:\/\/forumjustica.com.br\/en\/wp-json\/wp\/v2\/tags?post=5516"},{"taxonomy":"anos","embeddable":true,"href":"https:\/\/forumjustica.com.br\/en\/wp-json\/wp\/v2\/anos?post=5516"},{"taxonomy":"projetos","embeddable":true,"href":"https:\/\/forumjustica.com.br\/en\/wp-json\/wp\/v2\/projetos?post=5516"},{"taxonomy":"autorias","embeddable":true,"href":"https:\/\/forumjustica.com.br\/en\/wp-json\/wp\/v2\/autorias?post=5516"},{"taxonomy":"eixos_tematicos","embeddable":true,"href":"https:\/\/forumjustica.com.br\/en\/wp-json\/wp\/v2\/eixos_tematicos?post=5516"},{"taxonomy":"locais","embeddable":true,"href":"https:\/\/forumjustica.com.br\/en\/wp-json\/wp\/v2\/locais?post=5516"},{"taxonomy":"pessoas","embeddable":true,"href":"https:\/\/forumjustica.com.br\/en\/wp-json\/wp\/v2\/pessoas?post=5516"},{"taxonomy":"estado","embeddable":true,"href":"https:\/\/forumjustica.com.br\/en\/wp-json\/wp\/v2\/estado?post=5516"},{"taxonomy":"academia","embeddable":true,"href":"https:\/\/forumjustica.com.br\/en\/wp-json\/wp\/v2\/academia?post=5516"},{"taxonomy":"sociedade_civil","embeddable":true,"href":"https:\/\/forumjustica.com.br\/en\/wp-json\/wp\/v2\/sociedade_civil?post=5516"}],"curies":[{"name":"wp","href":"https:\/\/api.w.org\/{rel}","templated":true}]}}