{"id":5537,"date":"2013-03-28T20:29:41","date_gmt":"2013-03-28T22:29:41","guid":{"rendered":"https:\/\/forumjustica.vlannetwork.com\/?p=5537"},"modified":"2022-09-04T21:16:20","modified_gmt":"2022-09-05T00:16:20","slug":"chamada-de-artigos-cientificos-revista-temas-em-psicologia","status":"publish","type":"post","link":"https:\/\/forumjustica.com.br\/en\/chamada-de-artigos-cientificos-revista-temas-em-psicologia\/","title":{"rendered":"Chamada de artigos cient\u00edficos &#8211; Revista &quot;Temas em Psicologia&quot;"},"content":{"rendered":"<p>Caros pesquisadores,<\/p>\n<p>Estamos passando por um per\u00edodo de retrocesso dos direitos humanos relacionados \u00e0 diversidade sexual. Atualmente o Brasil \u00e9 o campe\u00e3o mundial de crimes homof\u00f3bicos. Aspectos pol\u00edticos e socioculturais tem contribu\u00eddo para esse panorama, observado claramente nos posicionamentos conservadores da bancada religiosa no governo brasileiro, n\u00e3o manifestando esfor\u00e7os suficientes para a revers\u00e3o dessa realidade. A aus\u00eancia de um posicionamento legal, que poderia cercear crimes homof\u00f3bicos, aliados ao discurso religioso e um discurso &#8220;pseudo terap\u00eautico&#8221;, contribuem para esse cen\u00e1rio cultural que desrespeita a Declara\u00e7\u00e3o de Direitos Humanos.<\/p>\n<p>O mais preocupante, que discursos falaciosos pseudo psicol\u00f3gicos tem sido utilizados, propondo &#8220;cura&#8221; da homossexualidade, entre outras cren\u00e7as err\u00f4neas.<\/p>\n<p>Partindo desse cen\u00e1rio, estou organizando um n\u00famero especial da revista Temas em Psicologia, sobre Homossexualidade. A proposta \u00e9 publicar estudos cient\u00edficos sobre homoerotismo, homoparentalidade, ado\u00e7\u00e3o, diversidade sexual.<\/p>\n<p>Por favor, divulgue em sua rede a chamada para artigos cient\u00edficos.<\/p>\n<p>http:\/\/www.temasempsicologia.org\/<\/p>\n<p>Um abra\u00e7o,<\/p>\n<p>Maria Cristina Antunes<br \/>\nDiretoria da Sociedade Brasileira de Psicologia<\/p>\n","protected":false},"excerpt":{"rendered":"<p>Caros pesquisadores, Estamos passando por um per\u00edodo de retrocesso dos direitos humanos relacionados \u00e0 diversidade sexual. Atualmente o Brasil \u00e9 o campe\u00e3o mundial de crimes homof\u00f3bicos. Aspectos pol\u00edticos e socioculturais tem contribu\u00eddo para esse panorama, observado claramente nos posicionamentos conservadores da bancada religiosa no governo brasileiro, n\u00e3o manifestando esfor\u00e7os suficientes para a revers\u00e3o dessa realidade. [&hellip;]<\/p>\n","protected":false},"author":13,"featured_media":0,"comment_status":"open","ping_status":"closed","sticky":false,"template":"","format":"standard","meta":{"inline_featured_image":false,"footnotes":""},"categories":[1],"tags":[],"anos":[],"projetos":[],"autorias":[],"eixos_tematicos":[],"locais":[],"pessoas":[],"estado":[],"academia":[],"sociedade_civil":[],"class_list":["post-5537","post","type-post","status-publish","format-standard","hentry","category-noticias"],"_links":{"self":[{"href":"https:\/\/forumjustica.com.br\/en\/wp-json\/wp\/v2\/posts\/5537","targetHints":{"allow":["GET"]}}],"collection":[{"href":"https:\/\/forumjustica.com.br\/en\/wp-json\/wp\/v2\/posts"}],"about":[{"href":"https:\/\/forumjustica.com.br\/en\/wp-json\/wp\/v2\/types\/post"}],"author":[{"embeddable":true,"href":"https:\/\/forumjustica.com.br\/en\/wp-json\/wp\/v2\/users\/13"}],"replies":[{"embeddable":true,"href":"https:\/\/forumjustica.com.br\/en\/wp-json\/wp\/v2\/comments?post=5537"}],"version-history":[{"count":1,"href":"https:\/\/forumjustica.com.br\/en\/wp-json\/wp\/v2\/posts\/5537\/revisions"}],"predecessor-version":[{"id":17732,"href":"https:\/\/forumjustica.com.br\/en\/wp-json\/wp\/v2\/posts\/5537\/revisions\/17732"}],"wp:attachment":[{"href":"https:\/\/forumjustica.com.br\/en\/wp-json\/wp\/v2\/media?parent=5537"}],"wp:term":[{"taxonomy":"category","embeddable":true,"href":"https:\/\/forumjustica.com.br\/en\/wp-json\/wp\/v2\/categories?post=5537"},{"taxonomy":"post_tag","embeddable":true,"href":"https:\/\/forumjustica.com.br\/en\/wp-json\/wp\/v2\/tags?post=5537"},{"taxonomy":"anos","embeddable":true,"href":"https:\/\/forumjustica.com.br\/en\/wp-json\/wp\/v2\/anos?post=5537"},{"taxonomy":"projetos","embeddable":true,"href":"https:\/\/forumjustica.com.br\/en\/wp-json\/wp\/v2\/projetos?post=5537"},{"taxonomy":"autorias","embeddable":true,"href":"https:\/\/forumjustica.com.br\/en\/wp-json\/wp\/v2\/autorias?post=5537"},{"taxonomy":"eixos_tematicos","embeddable":true,"href":"https:\/\/forumjustica.com.br\/en\/wp-json\/wp\/v2\/eixos_tematicos?post=5537"},{"taxonomy":"locais","embeddable":true,"href":"https:\/\/forumjustica.com.br\/en\/wp-json\/wp\/v2\/locais?post=5537"},{"taxonomy":"pessoas","embeddable":true,"href":"https:\/\/forumjustica.com.br\/en\/wp-json\/wp\/v2\/pessoas?post=5537"},{"taxonomy":"estado","embeddable":true,"href":"https:\/\/forumjustica.com.br\/en\/wp-json\/wp\/v2\/estado?post=5537"},{"taxonomy":"academia","embeddable":true,"href":"https:\/\/forumjustica.com.br\/en\/wp-json\/wp\/v2\/academia?post=5537"},{"taxonomy":"sociedade_civil","embeddable":true,"href":"https:\/\/forumjustica.com.br\/en\/wp-json\/wp\/v2\/sociedade_civil?post=5537"}],"curies":[{"name":"wp","href":"https:\/\/api.w.org\/{rel}","templated":true}]}}