{"id":5582,"date":"2013-04-02T09:00:39","date_gmt":"2013-04-02T11:00:39","guid":{"rendered":"https:\/\/forumjustica.vlannetwork.com\/?p=5582"},"modified":"2022-09-04T21:16:20","modified_gmt":"2022-09-05T00:16:20","slug":"elerj-debate-os-10-anos-da-implantacao-da-politica-de-cotas-no-rio-de-janeiro","status":"publish","type":"post","link":"https:\/\/forumjustica.com.br\/en\/elerj-debate-os-10-anos-da-implantacao-da-politica-de-cotas-no-rio-de-janeiro\/","title":{"rendered":"ELERJ DEBATE OS 10 ANOS DA IMPLANTA\u00c7\u00c3O DA POL\u00cdTICA DE COTAS NO RIO DE JANEIRO"},"content":{"rendered":"<p><a href=\"https:\/\/forumjustica.com.br\/wp-content\/uploads\/2013\/04\/politica-de-cotas2.jpg\"><img loading=\"lazy\" decoding=\"async\" src=\"https:\/\/forumjustica.com.br\/wp-content\/uploads\/2013\/04\/politica-de-cotas2-722x1024-1.jpg\" alt=\"\" title=\"politica-de-cotas2\" width=\"722\" height=\"1024\" class=\"aligncenter size-large wp-image-5583\" \/><\/a><\/p>\n<p>O Estado do Rio de Janeiro, atrav\u00e9s da UERJ, foi um dos pioneiros na ado\u00e7\u00e3o do sistema de cotas nas universidades, atendendo \u00e0 legisla\u00e7\u00e3o aprovada na Assembleia Legislativa (Alerj). O primeiro vestibular atendendo a esses crit\u00e9rios foi realizado h\u00e1 10 anos. Apesar da pol\u00edtica de reserva de vagas para negros, portadores de defici\u00eancias e estudantes das escolas p\u00fablicas ter sido adotada em todo o pa\u00eds pelas universidades federais e por in\u00fameras institui\u00e7\u00f5es estaduais, este ainda \u00e9 um tema pol\u00eamico, que encontra tanto defensores quanto cr\u00edticos em todas as regi\u00f5es do pa\u00eds.<\/p>\n<p>Com o objetivo de ampliar a intera\u00e7\u00e3o com a sociedade e esclarecer o p\u00fablico sobre o tema, a Escola do Legislativo do Estado do Rio de Janeiro (Elerj) vai realizar o debate &#8220;A pol\u00edtica de cotas nas universidades p\u00fablicas&#8221;, no dia 4 de abril, das 10 \u00e0s 13h, em seu audit\u00f3rio, na Rua da Alf\u00e2ndega, 8\/7\u00ba andar, Centro &#8211; RJ, para o qual foram convidados especialistas sobre o assunto.<\/p>\n<p>O encontro contar\u00e1 com a participa\u00e7\u00e3o de Andr\u00e9 L\u00e1zaro, professor da UERJ e pesquisador da Faculdade Latino-Americana de Ci\u00eancias Sociais &#8211; FLACSO; \u00c9lbio Ribeiro, aluno cotista e integrante do Grupo de Pesquisa Imagens, Narrativas e Pr\u00e1ticas Culturais &#8211; do CNPq-UERJ; e Frei David Raimundo, diretor executivo do Projeto Educafro, rede de Pr\u00e9-Vestibulares Comunit\u00e1rios. A media\u00e7\u00e3o do debate ficar\u00e1 a cargo do coordenador-geral da Elerj, deputado Gilberto Palmares.<\/p>\n<p>O evento \u00e9 gratuito e aberto ao p\u00fablico, mas as vagas s\u00e3o limitadas. Os interessados podem se inscrever at\u00e9 o dia 2 de abril pelo e-mail escola.cultural@alerj.rj.gov.br ou pelo telefone (21) 2588-1373, de segunda a sexta-feira, das 10h \u00e0s 17h.<\/p>\n<p><strong>Ciclo de debates<\/strong><\/p>\n<p>O encontro para discutir a pol\u00edtica de cotas nas universidades p\u00fablicas \u00e9 o primeiro deste ano de 2013 e faz parte do Ciclo de Debates da Escola do Legislativo que, desde 2011, promove discuss\u00f5es sobre assuntos de interesse dos mandatos e da popula\u00e7\u00e3o do estado. No ano passado foram debatidos, entre outros, temas como Educa\u00e7\u00e3o e Inclus\u00e3o Social, Tuberculose, Desafios da Educa\u00e7\u00e3o Inclusiva, O papel do Poder Legislativo no processo or\u00e7ament\u00e1rio, Elei\u00e7\u00f5es (Propaganda, Presta\u00e7\u00e3o de Contas e Direito Eleitoral) e a Contribui\u00e7\u00e3o de Luiz Gonzaga para a influ\u00eancia da cultura nordestina no Rio de Janeiro.<\/p>\n<p>Conhe\u00e7a um pouco mais sobre as atividades desenvolvidas pela Escola do Legislativo no site <a href=\"http:\/\/www.alerj.rj.gov.br\/elerj\/\">www.alerj.rj.gov.br\/elerj<\/a><\/p>\n<p><\/p>","protected":false},"excerpt":{"rendered":"<p>O Estado do Rio de Janeiro, atrav\u00e9s da UERJ, foi um dos pioneiros na ado\u00e7\u00e3o do sistema de cotas nas universidades, atendendo \u00e0 legisla\u00e7\u00e3o aprovada na Assembleia Legislativa (Alerj). O primeiro vestibular atendendo a esses crit\u00e9rios foi realizado h\u00e1 10 anos. Apesar da pol\u00edtica de reserva de vagas para negros, portadores de defici\u00eancias e estudantes [&hellip;]<\/p>\n","protected":false},"author":13,"featured_media":0,"comment_status":"open","ping_status":"closed","sticky":false,"template":"","format":"standard","meta":{"inline_featured_image":false,"footnotes":""},"categories":[1],"tags":[],"anos":[],"projetos":[],"autorias":[],"eixos_tematicos":[],"locais":[],"pessoas":[],"estado":[],"academia":[],"sociedade_civil":[],"class_list":["post-5582","post","type-post","status-publish","format-standard","hentry","category-noticias"],"_links":{"self":[{"href":"https:\/\/forumjustica.com.br\/en\/wp-json\/wp\/v2\/posts\/5582","targetHints":{"allow":["GET"]}}],"collection":[{"href":"https:\/\/forumjustica.com.br\/en\/wp-json\/wp\/v2\/posts"}],"about":[{"href":"https:\/\/forumjustica.com.br\/en\/wp-json\/wp\/v2\/types\/post"}],"author":[{"embeddable":true,"href":"https:\/\/forumjustica.com.br\/en\/wp-json\/wp\/v2\/users\/13"}],"replies":[{"embeddable":true,"href":"https:\/\/forumjustica.com.br\/en\/wp-json\/wp\/v2\/comments?post=5582"}],"version-history":[{"count":1,"href":"https:\/\/forumjustica.com.br\/en\/wp-json\/wp\/v2\/posts\/5582\/revisions"}],"predecessor-version":[{"id":17728,"href":"https:\/\/forumjustica.com.br\/en\/wp-json\/wp\/v2\/posts\/5582\/revisions\/17728"}],"wp:attachment":[{"href":"https:\/\/forumjustica.com.br\/en\/wp-json\/wp\/v2\/media?parent=5582"}],"wp:term":[{"taxonomy":"category","embeddable":true,"href":"https:\/\/forumjustica.com.br\/en\/wp-json\/wp\/v2\/categories?post=5582"},{"taxonomy":"post_tag","embeddable":true,"href":"https:\/\/forumjustica.com.br\/en\/wp-json\/wp\/v2\/tags?post=5582"},{"taxonomy":"anos","embeddable":true,"href":"https:\/\/forumjustica.com.br\/en\/wp-json\/wp\/v2\/anos?post=5582"},{"taxonomy":"projetos","embeddable":true,"href":"https:\/\/forumjustica.com.br\/en\/wp-json\/wp\/v2\/projetos?post=5582"},{"taxonomy":"autorias","embeddable":true,"href":"https:\/\/forumjustica.com.br\/en\/wp-json\/wp\/v2\/autorias?post=5582"},{"taxonomy":"eixos_tematicos","embeddable":true,"href":"https:\/\/forumjustica.com.br\/en\/wp-json\/wp\/v2\/eixos_tematicos?post=5582"},{"taxonomy":"locais","embeddable":true,"href":"https:\/\/forumjustica.com.br\/en\/wp-json\/wp\/v2\/locais?post=5582"},{"taxonomy":"pessoas","embeddable":true,"href":"https:\/\/forumjustica.com.br\/en\/wp-json\/wp\/v2\/pessoas?post=5582"},{"taxonomy":"estado","embeddable":true,"href":"https:\/\/forumjustica.com.br\/en\/wp-json\/wp\/v2\/estado?post=5582"},{"taxonomy":"academia","embeddable":true,"href":"https:\/\/forumjustica.com.br\/en\/wp-json\/wp\/v2\/academia?post=5582"},{"taxonomy":"sociedade_civil","embeddable":true,"href":"https:\/\/forumjustica.com.br\/en\/wp-json\/wp\/v2\/sociedade_civil?post=5582"}],"curies":[{"name":"wp","href":"https:\/\/api.w.org\/{rel}","templated":true}]}}