{"id":5644,"date":"2013-04-10T12:27:26","date_gmt":"2013-04-10T14:27:26","guid":{"rendered":"https:\/\/forumjustica.vlannetwork.com\/?p=5644"},"modified":"2022-09-04T21:16:19","modified_gmt":"2022-09-05T00:16:19","slug":"programa-de-pos-graducao-direitos-sociais-do-campo","status":"publish","type":"post","link":"https:\/\/forumjustica.com.br\/en\/programa-de-pos-graducao-direitos-sociais-do-campo\/","title":{"rendered":"PROGRAMA DE P\u00d3S-GRADU\u00c7\u00c3O DIREITOS SOCIAIS DO CAMPO"},"content":{"rendered":"<p>CIRCULAR 01<\/p>\n<p>PROGRAMA DE P\u00d3S-GRADU\u00c7\u00c3O DIREITOS SOCIAIS DO CAMPO<\/p>\n<p>Cidade de Goi\u00e1s, 08 de Abril de 2013.<\/p>\n<p>Estimadxs companheirxs,<\/p>\n<p>Viemos por meio deste solicitar apoio na divulga\u00e7\u00e3o, indica\u00e7\u00e3o e constru\u00e7\u00e3o da primeira turma de P\u00f3s Gradua\u00e7\u00e3o em Direitos Sociais do Campo. As insri\u00e7\u00f5es est\u00e3o abertas at\u00e9 o dia 01\/05\/2013.<\/p>\n<p>Por reconhecer que a experi\u00eancia pedag\u00f3gica se d\u00e1 pela pr\u00e1tica, a partir dxs educandxs e de suas realidades, entendemos que o projeto desta especializa\u00e7\u00e3o est\u00e1 aberto e sempre por ser (re)feito. Desta maneira, a contribui\u00e7\u00e3o dos movimentos sociais \u00e9 fundamental e sempre tempestiva.<\/p>\n<p>O processo seletivo consiste na an\u00e1lise do curr\u00edculo Lattes e de plano de trabalho que verse sobre um projeto de pesquisa ou extens\u00e3o. Para ambos os documentos \u00e9 importante estar atento aos crit\u00e9rios de avalia\u00e7\u00e3o constantes do anexo do edital.<\/p>\n<p>Trata-se de uma grande oportunidade de aprendermos e desaprendermos, a partir da sintaxe popular e da interdisciplinaridade, o Direito. O projeto prev\u00ea bolsa para todxs xs educandxs, al\u00e9m de hospedagem, alimenta\u00e7\u00e3o e traslado do local onde a pessoa reside at\u00e9 a linda Cidade de Goi\u00e1s. De acordo com as regras do CNPq, disposto na RN 15\/2010 (http:\/\/www.cnpq.br\/view\/-\/journal_content\/56_INSTANCE_0oED\/10157\/25314), n\u00e3o h\u00e1 impedimento para estudantes com v\u00ednculo empregat\u00edcio. Apenas o ac\u00famulo de bolsas do CNPq com quaisquer outras ag\u00eancias est\u00e1 vetado. Para fazer a sele\u00e7\u00e3o, basta ter gradua\u00e7\u00e3o reconhecida, ser benefici\u00e1rix da Reforma Agr\u00e1ria ou ter feito alguma gradua\u00e7\u00e3o do PRONERA ou ter feito PESQUISA, EXTENS\u00c3O OU EST\u00c1GIO INTERDISCIPLINAR DE VIV\u00caNCIA.<\/p>\n<p>Est\u00e3o previstas tr\u00eas etapas presenciais (tempo escola) para os meses de julho (2013), janeiro e julho de 2014. Haver\u00e1 tamb\u00e9m o tempo comunidade, no qual xs educandxs far\u00e3o seus trabalhos de pesquisa e ou extens\u00e3o.<\/p>\n<p>Vejam o edital e ajudem a divulgar:<\/p>\n<p><a href=\"http:\/\/www.goias.ufg.br\/uploads\/190\/original_Direitos_Sociais_do_Campo._Edital_n.013.2013.pdf?1363305144\">http:\/\/www.goias.ufg.br\/uploads\/190\/original_Direitos_Sociais_do_Campo._Edital_n.013.2013.pdf?1363305144<\/a><\/p>\n<p>Sauda\u00e7\u00f5es da Coordena\u00e7\u00e3o Geral da P\u00f3sGradua\u00e7\u00e3o Direitos Sociais do Campo.<\/p>\n","protected":false},"excerpt":{"rendered":"<p>CIRCULAR 01 PROGRAMA DE P\u00d3S-GRADU\u00c7\u00c3O DIREITOS SOCIAIS DO CAMPO Cidade de Goi\u00e1s, 08 de Abril de 2013. Estimadxs companheirxs, Viemos por meio deste solicitar apoio na divulga\u00e7\u00e3o, indica\u00e7\u00e3o e constru\u00e7\u00e3o da primeira turma de P\u00f3s Gradua\u00e7\u00e3o em Direitos Sociais do Campo. As insri\u00e7\u00f5es est\u00e3o abertas at\u00e9 o dia 01\/05\/2013. Por reconhecer que a experi\u00eancia pedag\u00f3gica [&hellip;]<\/p>\n","protected":false},"author":13,"featured_media":0,"comment_status":"open","ping_status":"closed","sticky":false,"template":"","format":"standard","meta":{"inline_featured_image":false,"footnotes":""},"categories":[1],"tags":[],"anos":[],"projetos":[],"autorias":[],"eixos_tematicos":[],"locais":[],"pessoas":[],"estado":[],"academia":[],"sociedade_civil":[],"class_list":["post-5644","post","type-post","status-publish","format-standard","hentry","category-noticias"],"_links":{"self":[{"href":"https:\/\/forumjustica.com.br\/en\/wp-json\/wp\/v2\/posts\/5644","targetHints":{"allow":["GET"]}}],"collection":[{"href":"https:\/\/forumjustica.com.br\/en\/wp-json\/wp\/v2\/posts"}],"about":[{"href":"https:\/\/forumjustica.com.br\/en\/wp-json\/wp\/v2\/types\/post"}],"author":[{"embeddable":true,"href":"https:\/\/forumjustica.com.br\/en\/wp-json\/wp\/v2\/users\/13"}],"replies":[{"embeddable":true,"href":"https:\/\/forumjustica.com.br\/en\/wp-json\/wp\/v2\/comments?post=5644"}],"version-history":[{"count":1,"href":"https:\/\/forumjustica.com.br\/en\/wp-json\/wp\/v2\/posts\/5644\/revisions"}],"predecessor-version":[{"id":17714,"href":"https:\/\/forumjustica.com.br\/en\/wp-json\/wp\/v2\/posts\/5644\/revisions\/17714"}],"wp:attachment":[{"href":"https:\/\/forumjustica.com.br\/en\/wp-json\/wp\/v2\/media?parent=5644"}],"wp:term":[{"taxonomy":"category","embeddable":true,"href":"https:\/\/forumjustica.com.br\/en\/wp-json\/wp\/v2\/categories?post=5644"},{"taxonomy":"post_tag","embeddable":true,"href":"https:\/\/forumjustica.com.br\/en\/wp-json\/wp\/v2\/tags?post=5644"},{"taxonomy":"anos","embeddable":true,"href":"https:\/\/forumjustica.com.br\/en\/wp-json\/wp\/v2\/anos?post=5644"},{"taxonomy":"projetos","embeddable":true,"href":"https:\/\/forumjustica.com.br\/en\/wp-json\/wp\/v2\/projetos?post=5644"},{"taxonomy":"autorias","embeddable":true,"href":"https:\/\/forumjustica.com.br\/en\/wp-json\/wp\/v2\/autorias?post=5644"},{"taxonomy":"eixos_tematicos","embeddable":true,"href":"https:\/\/forumjustica.com.br\/en\/wp-json\/wp\/v2\/eixos_tematicos?post=5644"},{"taxonomy":"locais","embeddable":true,"href":"https:\/\/forumjustica.com.br\/en\/wp-json\/wp\/v2\/locais?post=5644"},{"taxonomy":"pessoas","embeddable":true,"href":"https:\/\/forumjustica.com.br\/en\/wp-json\/wp\/v2\/pessoas?post=5644"},{"taxonomy":"estado","embeddable":true,"href":"https:\/\/forumjustica.com.br\/en\/wp-json\/wp\/v2\/estado?post=5644"},{"taxonomy":"academia","embeddable":true,"href":"https:\/\/forumjustica.com.br\/en\/wp-json\/wp\/v2\/academia?post=5644"},{"taxonomy":"sociedade_civil","embeddable":true,"href":"https:\/\/forumjustica.com.br\/en\/wp-json\/wp\/v2\/sociedade_civil?post=5644"}],"curies":[{"name":"wp","href":"https:\/\/api.w.org\/{rel}","templated":true}]}}