{"id":5650,"date":"2013-04-11T09:00:50","date_gmt":"2013-04-11T11:00:50","guid":{"rendered":"https:\/\/forumjustica.vlannetwork.com\/?p=5650"},"modified":"2022-09-04T21:16:19","modified_gmt":"2022-09-05T00:16:19","slug":"governador-assina-convenio-para-criacao-do-programa-auxilio-liberdade","status":"publish","type":"post","link":"https:\/\/forumjustica.com.br\/en\/governador-assina-convenio-para-criacao-do-programa-auxilio-liberdade\/","title":{"rendered":"GOVERNADOR ASSINA CONV\u00caNIO PARA CRIA\u00c7\u00c3O DO PROGRAMA AUX\u00cdLIO LIBERDADE"},"content":{"rendered":"<p>08\/04\/2013 &#8211; 16:50h &#8211; Atualizado em 10\/04\/2013 &#8211; 09:39h<\/p>\n<p>Egressos do sistema penitenci\u00e1rio receber\u00e3o cart\u00e3o bilhete \u00fanico com o valor de R$ 50 mensais por um ano<\/p>\n<p>Projetado para garantir o acesso ao transporte p\u00fablico dos ex-internos do sistema prisional foi assinado, na manh\u00e3 desta segunda-feira (08\/04), no Jardim de Inverno do Pal\u00e1cio Guanabara, o conv\u00eanio para a cria\u00e7\u00e3o do Programa Aux\u00edlio Liberdade.<\/p>\n<p>O subsidio no valor de R$ 50 ser\u00e1 viabilizado pela Federa\u00e7\u00e3o das Empresas de Transportes de Passageiros do Estado do Rio (Fetranspor) e permitir\u00e1 que o detento, logo que receber liberdade consiga ter acesso a qualquer modal, dentre eles, \u00f4nibus, trem, metr\u00f4 e barca. Atrav\u00e9s deste conv\u00eanio ser\u00e1 oferecido um cart\u00e3o bilhete \u00fanico com cr\u00e9dito de R$ 50 mensais ao longo de um ano, garantindo o ir e vir do ex-detento.<\/p>\n<p>Na ocasi\u00e3o, foram entregues notebooks aos internos e ex-internos do sistema que apresentaram os melhores resultados no Saerj 2011 &#8211; Sistema de Avalia\u00e7\u00e3o de Educa\u00e7\u00e3o do Estado do Rio de Janeiro. Ao todo, 92 detentos e 25 j\u00e1 em liberdade foram contemplados. Os equipamentos foram repassados \u00e0s fam\u00edlias de todos os internos que receber\u00e3o as m\u00e1quinas ap\u00f3s a sa\u00edda do sistema prisional.<\/p>\n<p>A cerim\u00f4nia contou com a presen\u00e7a do governador S\u00e9rgio Cabral, do vice-governador Luiz Fernando Pez\u00e3o, do secret\u00e1rio estadual de Transportes Julio Lopes, do secret\u00e1rio estadual de administra\u00e7\u00e3o penitenci\u00e1ria Cesar Rubens, do presidente da Fetranspor, Lelis Teixeira e do secret\u00e1rio estadual de educa\u00e7\u00e3o, Wilson Risolia.<\/p>\n<p><a href=\"http:\/\/www.rj.gov.br\/web\/setrans\/exibeconteudo?article-id=1522907\">http:\/\/www.rj.gov.br\/web\/setrans\/exibeconteudo?article-id=1522907<\/a><\/p>\n","protected":false},"excerpt":{"rendered":"<p>08\/04\/2013 &#8211; 16:50h &#8211; Atualizado em 10\/04\/2013 &#8211; 09:39h Egressos do sistema penitenci\u00e1rio receber\u00e3o cart\u00e3o bilhete \u00fanico com o valor de R$ 50 mensais por um ano Projetado para garantir o acesso ao transporte p\u00fablico dos ex-internos do sistema prisional foi assinado, na manh\u00e3 desta segunda-feira (08\/04), no Jardim de Inverno do Pal\u00e1cio Guanabara, o [&hellip;]<\/p>\n","protected":false},"author":13,"featured_media":0,"comment_status":"open","ping_status":"closed","sticky":false,"template":"","format":"standard","meta":{"inline_featured_image":false,"footnotes":""},"categories":[1],"tags":[],"anos":[],"projetos":[],"autorias":[],"eixos_tematicos":[],"locais":[],"pessoas":[],"estado":[],"academia":[],"sociedade_civil":[],"class_list":["post-5650","post","type-post","status-publish","format-standard","hentry","category-noticias"],"_links":{"self":[{"href":"https:\/\/forumjustica.com.br\/en\/wp-json\/wp\/v2\/posts\/5650","targetHints":{"allow":["GET"]}}],"collection":[{"href":"https:\/\/forumjustica.com.br\/en\/wp-json\/wp\/v2\/posts"}],"about":[{"href":"https:\/\/forumjustica.com.br\/en\/wp-json\/wp\/v2\/types\/post"}],"author":[{"embeddable":true,"href":"https:\/\/forumjustica.com.br\/en\/wp-json\/wp\/v2\/users\/13"}],"replies":[{"embeddable":true,"href":"https:\/\/forumjustica.com.br\/en\/wp-json\/wp\/v2\/comments?post=5650"}],"version-history":[{"count":1,"href":"https:\/\/forumjustica.com.br\/en\/wp-json\/wp\/v2\/posts\/5650\/revisions"}],"predecessor-version":[{"id":17712,"href":"https:\/\/forumjustica.com.br\/en\/wp-json\/wp\/v2\/posts\/5650\/revisions\/17712"}],"wp:attachment":[{"href":"https:\/\/forumjustica.com.br\/en\/wp-json\/wp\/v2\/media?parent=5650"}],"wp:term":[{"taxonomy":"category","embeddable":true,"href":"https:\/\/forumjustica.com.br\/en\/wp-json\/wp\/v2\/categories?post=5650"},{"taxonomy":"post_tag","embeddable":true,"href":"https:\/\/forumjustica.com.br\/en\/wp-json\/wp\/v2\/tags?post=5650"},{"taxonomy":"anos","embeddable":true,"href":"https:\/\/forumjustica.com.br\/en\/wp-json\/wp\/v2\/anos?post=5650"},{"taxonomy":"projetos","embeddable":true,"href":"https:\/\/forumjustica.com.br\/en\/wp-json\/wp\/v2\/projetos?post=5650"},{"taxonomy":"autorias","embeddable":true,"href":"https:\/\/forumjustica.com.br\/en\/wp-json\/wp\/v2\/autorias?post=5650"},{"taxonomy":"eixos_tematicos","embeddable":true,"href":"https:\/\/forumjustica.com.br\/en\/wp-json\/wp\/v2\/eixos_tematicos?post=5650"},{"taxonomy":"locais","embeddable":true,"href":"https:\/\/forumjustica.com.br\/en\/wp-json\/wp\/v2\/locais?post=5650"},{"taxonomy":"pessoas","embeddable":true,"href":"https:\/\/forumjustica.com.br\/en\/wp-json\/wp\/v2\/pessoas?post=5650"},{"taxonomy":"estado","embeddable":true,"href":"https:\/\/forumjustica.com.br\/en\/wp-json\/wp\/v2\/estado?post=5650"},{"taxonomy":"academia","embeddable":true,"href":"https:\/\/forumjustica.com.br\/en\/wp-json\/wp\/v2\/academia?post=5650"},{"taxonomy":"sociedade_civil","embeddable":true,"href":"https:\/\/forumjustica.com.br\/en\/wp-json\/wp\/v2\/sociedade_civil?post=5650"}],"curies":[{"name":"wp","href":"https:\/\/api.w.org\/{rel}","templated":true}]}}