{"id":5654,"date":"2013-04-11T13:42:00","date_gmt":"2013-04-11T15:42:00","guid":{"rendered":"https:\/\/forumjustica.vlannetwork.com\/?p=5654"},"modified":"2022-09-04T21:16:19","modified_gmt":"2022-09-05T00:16:19","slug":"10-anos-da-chacina-do-borel-sem-justica-nao-ha-paz","status":"publish","type":"post","link":"https:\/\/forumjustica.com.br\/en\/10-anos-da-chacina-do-borel-sem-justica-nao-ha-paz\/","title":{"rendered":"10 ANOS DA CHACINA DO BOREL  SEM JUSTI\u00c7A N\u00c3O H\u00c1 PAZ!"},"content":{"rendered":"<p>Em 2003, o povo pobre e negro do Rio de Janeiro era submetido ao terror silencioso das a\u00e7\u00f5es policiais. Invas\u00f5es de domic\u00edlio, pris\u00f5es arbitr\u00e1rias, agress\u00f5es e espancamentos, torturas, execu\u00e7\u00f5es sum\u00e1rias, eram t\u00e3o ou mais comuns que hoje em dia, mas naquela \u00e9poca levantar a voz contra isso tudo era muito dif\u00edcil e arriscado. Havia 10 anos, o pa\u00eds ficara estarrecido com duas chacinas grotescas cometidas por policiais, Candel\u00e1ria e Vig\u00e1rio Geral, que revelara ao mundo todo o horror da viol\u00eancia policial no Brasil.<\/p>\n<p>Abril de 2003, parecia que mais um cap\u00edtulo dessa hist\u00f3ria de terror e medo estava sendo escrito. No final da tarde do dia 16 de Abril, quatro rapazes foram assassinados durante opera\u00e7\u00e3o policial do 6\u00ba Batalh\u00e3o de Pol\u00edcia Militar (BPM) na comunidade do Borel, Zona Norte do Rio de Janeiro. Impedidos de se identificarem, Carlos Alberto da Silva Ferreira, pintor e pedreiro; Carlos Magno de Oliveira Nascimento, estudante; Everson Gon\u00e7alves Silote, taxista; e Thiago da Costa Correia da Silva, mec\u00e2nico, foram atingidos na cabe\u00e7a, t\u00f3rax, bra\u00e7o e antebra\u00e7o. O laudo cadav\u00e9rico mostrou que os disparos foram efetuados \u00e0 \u201cqueima roupa\u201d.<\/p>\n<p><a href=\"https:\/\/forumjustica.com.br\/wp-content\/uploads\/2013\/04\/Cartaz_Borel_10_anos_ultima_versao-ok_300x500.jpeg\"><img loading=\"lazy\" decoding=\"async\" src=\"https:\/\/forumjustica.com.br\/wp-content\/uploads\/2013\/04\/Cartaz_Borel_10_anos_ultima_versao-ok_300x500.jpeg\" alt=\"\" title=\"Cartaz_Borel_10_anos_ultima_versao-ok_300x500\" width=\"300\" height=\"424\" class=\"aligncenter size-full wp-image-5656\" \/><\/a><br \/>\nN\u00e3o puderam se identificar!<\/p>\n<p>Naquela tarde, Thiago foi encontrar Magno, seu amigo de inf\u00e2ncia, na barbearia que fica na Estrada da Independ\u00eancia, uma das principais vias da localidade. Quando Magno e Thiago sa\u00edram do barbeiro, escutaram tiros e correram. Carlos Alberto, que tinha acabado de chegar na barbearia, tamb\u00e9m correu. Os tr\u00eas rapazes atravessaram a via e entraram numa vila bem em frente: a Vila da Pregui\u00e7a.<\/p>\n<p>Ao entrarem na Vila, foram alvejados. Magno, que tinha apenas 18 anos, morreu na hora. Levou seis tiros, sendo tr\u00eas pelas costas. Thiago, que tinha 19 anos, ainda agonizou no ch\u00e3o pedindo socorro e dizendo que era trabalhador. Morreu ap\u00f3s levar cinco tiros, sendo um pelas costas. Carlinhos tinha 21 anos. Sofreu doze disparos, sete deles pelas costas. Cinco dos disparos atingiram a parte interna do seu antebra\u00e7o direito e m\u00e3os direita e esquerda \u2013 o que demonstra que tentava se defender dos tiros efetuados contra ele.<\/p>\n<p>Outra v\u00edtima fatal da opera\u00e7\u00e3o foi Everson Silote, de 26 anos. O taxista voltava para casa a p\u00e9 quando foi rendido por policiais na Estrada da Independ\u00eancia. Como trazia na m\u00e3o um envelope com todos os seus documentos, tentou se identificar e, por esse motivo, teve seu bra\u00e7o direito quebrado por um golpe do policial. Afirmando ser trabalhador, insistiu em mostrar os documentos, mas foi executado antes de apresent\u00e1-los.<\/p>\n<p>Al\u00e9m das quatro v\u00edtimas fatais, essa incurs\u00e3o policial ainda deixou baleados Pedro da Silva Rodrigues e Leandro Mendes. Os policiais registraram as mortes como \u201cautos de resist\u00eancia\u201d, alegaram uma suposta \u201cleg\u00edtima defesa\u201d contra alguma agress\u00e3o. No entanto, as investiga\u00e7\u00f5es conclu\u00edram que os quatro rapazes foram mortos numa emboscada.<\/p>\n<p>A luta por justi\u00e7a<\/p>\n<p>As mobiliza\u00e7\u00f5es e press\u00f5es levaram com que a pol\u00edcia civil indiciasse cinco, dos dezesseis policiais envolvidos, por homic\u00eddio qualificado.<\/p>\n<p>Em 2004, o 3\u00ba sargento da PM, Sidnei Pereira Barreto, foi julgado e absolvido por j\u00fari popular. Em 2005, o 2\u00ba tenente, Rodrigo Lavandeira Pereira, que comandou a opera\u00e7\u00e3o no Borel, tamb\u00e9m foi julgado e absolvido. Em 2006, o cabo Marcos Duarte Ramalho foi julgado e condenado a 52 anos de pris\u00e3o, pelos homic\u00eddios qualificados e tentativa de homic\u00eddio. Como previa na \u00e9poca o C\u00f3digo Penal, o policial teve direito a um novo j\u00fari, pois sua pena ultrapassava 20 anos de pris\u00e3o.<\/p>\n<p>O novo j\u00fari aconteceu em 27\/11\/2006 e confirmou a condena\u00e7\u00e3o, alterando a pena para 49 anos de pris\u00e3o (45 por tr\u00eas homic\u00eddios e 4 por uma tentativa de homic\u00eddio). A condena\u00e7\u00e3o de Ramalho parecia ser o in\u00edcio da justi\u00e7a no caso. Entretanto, apresentando recursos em todas as inst\u00e2ncias poss\u00edveis, os policiais que restam a ser julgados, Washington Lu\u00eds de Oliveira Avelino e Paulo Marco da Silva Emilio, conseguiram adiar por v\u00e1rias vezes a realiza\u00e7\u00e3o do j\u00fari.<br \/>\nEm 2009, a 5\u00aa C\u00e2mara Criminal do Tribunal de Justi\u00e7a do Rio, contrariando o parecer da relatora, a desembargadora Maria Helena Salcedo, decidiu, por maioria, aceitar o recurso apresentado pela defesa do cabo Marcos Duarte Ramalho, que j\u00e1 estava cumprindo pena, e anulou o julgamento de 27\/11\/2006. Como consequ\u00eancia, Marcos Duarte foi libertado e o novo julgamento foi adiado v\u00e1rias vezes, at\u00e9 sua absolvi\u00e7\u00e3o.<\/p>\n<p>O policial Paulo Marco da Silva Em\u00edlio, que foi julgado no dia 29\/11\/2010 (per\u00edodo da invas\u00e3o do Complexo do Alem\u00e3o, o que pode ter influenciado o j\u00fari) tamb\u00e9m foi absolvido. Embora todas as provas e evid\u00eancias apontassem para sua condena\u00e7\u00e3o (as provas mostravam que ocorreu execu\u00e7\u00e3o, pelas costas), a defesa do policial usou o clima existente de \u201cguerra da pol\u00edcia heroica pela pacifica\u00e7\u00e3o do Rio\u201d.<\/p>\n<p>Da chacina \u00e0 UPP<\/p>\n<p>A mobiliza\u00e7\u00e3o do Borel marcou \u00e9poca na hist\u00f3ria da luta contra a viol\u00eancia do Estado no Rio e no Brasil. Muitos casos foram \u00e0 justi\u00e7a e sa\u00edram vitoriosos. O pr\u00f3prio Estado foi obrigado, ap\u00f3s muitas trag\u00e9dias e lutas, a mudar em parte seu discurso de confronto e \u201cguerra ao crime\u201d. Embora a ret\u00f3rica tenha aparentemente mudado, a realidade concreta da viol\u00eancia estatal continua oprimindo as comunidades, agora incluindo novos mecanismos.<\/p>\n<p>As viola\u00e7\u00f5es de direitos nas favelas ocupadas pelas Unidades de Pol\u00edcia Pacificadora (UPPs) t\u00eam sido frequentes, incluindo execu\u00e7\u00f5es sum\u00e1rias. Passado um per\u00edodo inicial de expectativa, os moradores das favelas \u201cpacificadas\u201d come\u00e7am a se mobilizar contra essas viola\u00e7\u00f5es, e tamb\u00e9m nessa nova fase da luta o Borel foi pioneiro: em protesto ao \u201ctoque de recolher\u201d imposto por policiais da UPP instalada na comunidade, os moradores, principalmente os jovens, os que mais sofrem com as arbitrariedades da pol\u00edcia, organizaram-se e se mobilizaram no ato intitulado Ocupa Borel, para demonstrar que n\u00e3o concordavam com mais esse absurdo.<\/p>\n<p>Em mem\u00f3ria e por justi\u00e7a dos jovens que n\u00e3o tiveram o direito a se identificar, participe!<\/p>\n<p>16\/04 \u2013 Exibi\u00e7\u00e3o de filme e debate, na Jocum (Terreir\u00e3o), \u00e0s 18h.<br \/>\n20\/04 \u2013 Caminhada na comunidade e instala\u00e7\u00e3o de uma placa em lembran\u00e7a a chacina. Concentra\u00e7\u00e3o em frente \u00e0 antiga quadra da Unidos da Tijuca (Borel), \u00e0s 15h30.<br \/>\nRealiza\u00e7\u00e3o: Familiares das V\u00edtimas do Borel, Rede de Comunidades e Movimentos contra a Viol\u00eancia, Movimento Ocupa Borel, Centro Brasileiro de Solidariedade aos Povos (Cebraspo) e N\u00facleo Piratininga de Comunica\u00e7\u00e3o.<\/p>\n<p> <a href=\"http:\/\/www.redecontraviolencia.org\/Atividades\/891.html\">http:\/\/www.redecontraviolencia.org\/Atividades\/891.html<\/a><\/p>","protected":false},"excerpt":{"rendered":"<p>Em 2003, o povo pobre e negro do Rio de Janeiro era submetido ao terror silencioso das a\u00e7\u00f5es policiais. Invas\u00f5es de domic\u00edlio, pris\u00f5es arbitr\u00e1rias, agress\u00f5es e espancamentos, torturas, execu\u00e7\u00f5es sum\u00e1rias, eram t\u00e3o ou mais comuns que hoje em dia, mas naquela \u00e9poca levantar a voz contra isso tudo era muito dif\u00edcil e arriscado. Havia 10 [&hellip;]<\/p>\n","protected":false},"author":13,"featured_media":0,"comment_status":"open","ping_status":"closed","sticky":false,"template":"","format":"standard","meta":{"inline_featured_image":false,"footnotes":""},"categories":[1],"tags":[],"anos":[],"projetos":[],"autorias":[],"eixos_tematicos":[],"locais":[],"pessoas":[],"estado":[],"academia":[],"sociedade_civil":[],"class_list":["post-5654","post","type-post","status-publish","format-standard","hentry","category-noticias"],"_links":{"self":[{"href":"https:\/\/forumjustica.com.br\/en\/wp-json\/wp\/v2\/posts\/5654","targetHints":{"allow":["GET"]}}],"collection":[{"href":"https:\/\/forumjustica.com.br\/en\/wp-json\/wp\/v2\/posts"}],"about":[{"href":"https:\/\/forumjustica.com.br\/en\/wp-json\/wp\/v2\/types\/post"}],"author":[{"embeddable":true,"href":"https:\/\/forumjustica.com.br\/en\/wp-json\/wp\/v2\/users\/13"}],"replies":[{"embeddable":true,"href":"https:\/\/forumjustica.com.br\/en\/wp-json\/wp\/v2\/comments?post=5654"}],"version-history":[{"count":1,"href":"https:\/\/forumjustica.com.br\/en\/wp-json\/wp\/v2\/posts\/5654\/revisions"}],"predecessor-version":[{"id":17711,"href":"https:\/\/forumjustica.com.br\/en\/wp-json\/wp\/v2\/posts\/5654\/revisions\/17711"}],"wp:attachment":[{"href":"https:\/\/forumjustica.com.br\/en\/wp-json\/wp\/v2\/media?parent=5654"}],"wp:term":[{"taxonomy":"category","embeddable":true,"href":"https:\/\/forumjustica.com.br\/en\/wp-json\/wp\/v2\/categories?post=5654"},{"taxonomy":"post_tag","embeddable":true,"href":"https:\/\/forumjustica.com.br\/en\/wp-json\/wp\/v2\/tags?post=5654"},{"taxonomy":"anos","embeddable":true,"href":"https:\/\/forumjustica.com.br\/en\/wp-json\/wp\/v2\/anos?post=5654"},{"taxonomy":"projetos","embeddable":true,"href":"https:\/\/forumjustica.com.br\/en\/wp-json\/wp\/v2\/projetos?post=5654"},{"taxonomy":"autorias","embeddable":true,"href":"https:\/\/forumjustica.com.br\/en\/wp-json\/wp\/v2\/autorias?post=5654"},{"taxonomy":"eixos_tematicos","embeddable":true,"href":"https:\/\/forumjustica.com.br\/en\/wp-json\/wp\/v2\/eixos_tematicos?post=5654"},{"taxonomy":"locais","embeddable":true,"href":"https:\/\/forumjustica.com.br\/en\/wp-json\/wp\/v2\/locais?post=5654"},{"taxonomy":"pessoas","embeddable":true,"href":"https:\/\/forumjustica.com.br\/en\/wp-json\/wp\/v2\/pessoas?post=5654"},{"taxonomy":"estado","embeddable":true,"href":"https:\/\/forumjustica.com.br\/en\/wp-json\/wp\/v2\/estado?post=5654"},{"taxonomy":"academia","embeddable":true,"href":"https:\/\/forumjustica.com.br\/en\/wp-json\/wp\/v2\/academia?post=5654"},{"taxonomy":"sociedade_civil","embeddable":true,"href":"https:\/\/forumjustica.com.br\/en\/wp-json\/wp\/v2\/sociedade_civil?post=5654"}],"curies":[{"name":"wp","href":"https:\/\/api.w.org\/{rel}","templated":true}]}}