{"id":5845,"date":"2013-04-26T18:37:21","date_gmt":"2013-04-26T20:37:21","guid":{"rendered":"https:\/\/forumjustica.vlannetwork.com\/?p=5845"},"modified":"2022-09-04T21:16:18","modified_gmt":"2022-09-05T00:16:18","slug":"encontro-das-comunidades-de-resistencia-impactadas-da-regiao-metropolitana-do-rj","status":"publish","type":"post","link":"https:\/\/forumjustica.com.br\/en\/encontro-das-comunidades-de-resistencia-impactadas-da-regiao-metropolitana-do-rj\/","title":{"rendered":"Encontro das Comunidades de Resist\u00eancia Impactadas da Regi\u00e3o Metropolitana do RJ"},"content":{"rendered":"<p><strong>Informe da organiza\u00e7\u00e3o: O Encontro das Comunidades Impactadas que aconteceria hoje, 27 de abril, foi transferido para o dia 04 de maio, pois a pol\u00edcia fechou a UERJ e tudo em torno como medida de seguran\u00e7a para reinaugura\u00e7\u00e3o do Maracan\u00e3.  Apare\u00e7a, pois voc\u00ea \u00e9 o protagonista deste encontro e das a\u00e7\u00f5es que surgir\u00e3o! Nossa for\u00e7a vem da nossa uni\u00e3o e a\u00e7\u00e3o pol\u00edtica correta. Maracan\u00e3 para quem? Cidade para quem? Trabalhar para quem?<br \/>\n<\/strong><br \/>\n<a href=\"https:\/\/forumjustica.com.br\/wp-content\/uploads\/2013\/04\/563825_10201007460334160_861585784_n-panfleto.jpg\"><img loading=\"lazy\" decoding=\"async\" src=\"https:\/\/forumjustica.com.br\/wp-content\/uploads\/2013\/04\/563825_10201007460334160_861585784_n-panfleto.jpg\" alt=\"\" title=\"563825_10201007460334160_861585784_n panfleto\" width=\"698\" height=\"960\" class=\"aligncenter size-full wp-image-5846\" \/><\/a><\/p>\n<p><strong>UERJ &#8211; 04\/05 &#8211; 9:00h<br \/>\nAudit\u00f3rio 33 &#8211; 3\u00ba Andar &#8211; Rua S\u00e3o Francisco Xavier.<br \/>\n<\/strong><br \/>\nEste Encontro \u00e9 resultado de encontros e de uma necessidade comum. Vimos participando de debates e atos de resist\u00eancia de e entre comunidades diretamente impactadas pelo projeto dominante de cidade\/sociedade global capitalista. E nestes espa\u00e7os, tamb\u00e9m nos encontramos com a necessidade de articula\u00e7\u00e3o de um rede pela base que possa fortalecer as lutas e a capacidade de a\u00e7\u00e3o protag\u00f4nica destas no cen\u00e1rio da cidade.<\/p>\n<p>E podemos dizer que no pr\u00f3prio processo de reconhecimento e forma\u00e7\u00e3o deste grupo, vimos observando a amplia\u00e7\u00e3o do grau de intera\u00e7\u00e3o e de reconhecimento m\u00fatuo destas comunidades, que tamb\u00e9m s\u00e3o propulsores do reconhecimento social sobre estas lutas.<\/p>\n<p>Nossas primeiras reuni\u00f5es ocorreram na Aldeia Maracan\u00e3, em mar\u00e7o deste ano. E desde ent\u00e3o temos nos reunido semanalmente, mesmo ap\u00f3s a aliena\u00e7\u00e3o da posse d&#8217;Aldeia. E desde ent\u00e3o vimos contribuindo com as resist\u00eancias de diversas comunidades, que v\u00eam participando, na medida do poss\u00edvel, destas reuni\u00f5es e convidando outras comunidades de ocupa\u00e7\u00f5es, aldeia, favelas, de moradia popular, de pescadores, trabalhadores e trabalhadoras, desempregadas, atingidos pela TKCSA, entre outras.<\/p>\n<p>O reconhecimento formal deste grupo, em seu surgimento na Aldeia Maracan\u00e3, \u00e9 demonstrativo de nossa op\u00e7\u00e3o por fortalecer as perspectivas territorializadas de resist\u00eancia, na a\u00e7\u00e3o direta. Sem descuidar das rela\u00e7\u00f5es pol\u00edtico-sociais institucionalizadas, mas como independ\u00eancia cr\u00edtica.<\/p>\n<p>Mas compreendemos, pela base, as dificuldades espec\u00edficas dos grupos de resist\u00eancia em estarem presentes, seu ritmo, seus limites e possibilidades: algumas das pessoas que requisitaram a constru\u00e7\u00e3o deste grupo ainda n\u00e3o tiveram a oportunidade de participar de suas reuni\u00f5es. Nem temos a pretens\u00e3o de ser mais uma rede ou articula\u00e7\u00e3o, mas ser um espa\u00e7o de forma\u00e7\u00e3o e fortalecimento das lutas, constru\u00e7\u00e3o de possibilidades de intera\u00e7\u00f5es e de a\u00e7\u00e3o em rede, inclusive com\/em outros espa\u00e7os de articula\u00e7\u00e3o pol\u00edtico-social mais abrangentes.<\/p>\n<p>Sendo um grupo aberto, o ac\u00famulo do processo n\u00e3o poder\u00e1 ser uma barreira para o acesso dos grupos de resist\u00eancia, mas um atrativo.<\/p>\n<p>Objetivo<\/p>\n<p>O principal objetivo deste Grupo de Trabalho-GT Rede das Impactadas \u00e9 fortalecer suas lutas pela possibilidade da a\u00e7\u00e3o em rede, de forma articulada, no cen\u00e1rio territorial da cidade. Mas tamb\u00e9m pelas intera\u00e7\u00f5es, na perspectiva da auto-defesa e da a\u00e7\u00e3o institucional conjunta no cen\u00e1rio jur\u00eddico-pol\u00edtico.<\/p>\n<p>Neste sentido, at\u00e9 este momento, reconhecemos, nos debates, quatro \u00e1reas fundamentais de gera\u00e7\u00e3o de conhecimento estrat\u00e9gico (para as lutas), mas que est\u00e3o diretamente co-relacionadas, e que s\u00e3o eixos estruturantes deste 1\u00b0 Encontro:<\/p>\n<p>1A. Defesa Jur\u00eddica nos Sistemas Nacional e Internacional de Justi\u00e7a em perspectiva insurgente<\/p>\n<p>1B. Defesa da Mem\u00f3ria, da Verdade e da Vida;<\/p>\n<p>2. Autonomia material e Auto-defesa territorializada;<\/p>\n<p>3. A\u00e7\u00e3o sist\u00eamica territorializada;<\/p>\n<p>4. Guerrilha Semiol\u00f3gica, Artivismo e Comunica\u00e7\u00e3o de Resist\u00eancia;<\/p>\n<p>Programa\u00e7\u00e3o:<\/p>\n<p>9h &#8211; Recep\u00e7\u00e3o e Caf\u00e9-da-Manh\u00e3<br \/>\n9h30 &#8211; M\u00edstica de Reconhecimento das Resist\u00eancias<br \/>\n10h &#8211; Apresenta\u00e7\u00e3o e Relatos de Resist\u00eancias<\/p>\n<p>12h &#8211; Almo\u00e7o<\/p>\n<p>13h30-16h &#8211; Debates em Grupos de Trabalho Tem\u00e1ticos<\/p>\n<p>16h-18h &#8211; Plen\u00e1ria Final<\/p>\n<p>18h &#8211; Ato Pol\u00edtico Cultural<br \/>\n<\/p>","protected":false},"excerpt":{"rendered":"<p>Informe da organiza\u00e7\u00e3o: O Encontro das Comunidades Impactadas que aconteceria hoje, 27 de abril, foi transferido para o dia 04 de maio, pois a pol\u00edcia fechou a UERJ e tudo em torno como medida de seguran\u00e7a para reinaugura\u00e7\u00e3o do Maracan\u00e3. Apare\u00e7a, pois voc\u00ea \u00e9 o protagonista deste encontro e das a\u00e7\u00f5es que surgir\u00e3o! Nossa for\u00e7a [&hellip;]<\/p>\n","protected":false},"author":13,"featured_media":0,"comment_status":"open","ping_status":"closed","sticky":false,"template":"","format":"standard","meta":{"inline_featured_image":false,"footnotes":""},"categories":[1],"tags":[],"anos":[],"projetos":[],"autorias":[],"eixos_tematicos":[],"locais":[],"pessoas":[],"estado":[],"academia":[],"sociedade_civil":[],"class_list":["post-5845","post","type-post","status-publish","format-standard","hentry","category-noticias"],"_links":{"self":[{"href":"https:\/\/forumjustica.com.br\/en\/wp-json\/wp\/v2\/posts\/5845","targetHints":{"allow":["GET"]}}],"collection":[{"href":"https:\/\/forumjustica.com.br\/en\/wp-json\/wp\/v2\/posts"}],"about":[{"href":"https:\/\/forumjustica.com.br\/en\/wp-json\/wp\/v2\/types\/post"}],"author":[{"embeddable":true,"href":"https:\/\/forumjustica.com.br\/en\/wp-json\/wp\/v2\/users\/13"}],"replies":[{"embeddable":true,"href":"https:\/\/forumjustica.com.br\/en\/wp-json\/wp\/v2\/comments?post=5845"}],"version-history":[{"count":1,"href":"https:\/\/forumjustica.com.br\/en\/wp-json\/wp\/v2\/posts\/5845\/revisions"}],"predecessor-version":[{"id":17685,"href":"https:\/\/forumjustica.com.br\/en\/wp-json\/wp\/v2\/posts\/5845\/revisions\/17685"}],"wp:attachment":[{"href":"https:\/\/forumjustica.com.br\/en\/wp-json\/wp\/v2\/media?parent=5845"}],"wp:term":[{"taxonomy":"category","embeddable":true,"href":"https:\/\/forumjustica.com.br\/en\/wp-json\/wp\/v2\/categories?post=5845"},{"taxonomy":"post_tag","embeddable":true,"href":"https:\/\/forumjustica.com.br\/en\/wp-json\/wp\/v2\/tags?post=5845"},{"taxonomy":"anos","embeddable":true,"href":"https:\/\/forumjustica.com.br\/en\/wp-json\/wp\/v2\/anos?post=5845"},{"taxonomy":"projetos","embeddable":true,"href":"https:\/\/forumjustica.com.br\/en\/wp-json\/wp\/v2\/projetos?post=5845"},{"taxonomy":"autorias","embeddable":true,"href":"https:\/\/forumjustica.com.br\/en\/wp-json\/wp\/v2\/autorias?post=5845"},{"taxonomy":"eixos_tematicos","embeddable":true,"href":"https:\/\/forumjustica.com.br\/en\/wp-json\/wp\/v2\/eixos_tematicos?post=5845"},{"taxonomy":"locais","embeddable":true,"href":"https:\/\/forumjustica.com.br\/en\/wp-json\/wp\/v2\/locais?post=5845"},{"taxonomy":"pessoas","embeddable":true,"href":"https:\/\/forumjustica.com.br\/en\/wp-json\/wp\/v2\/pessoas?post=5845"},{"taxonomy":"estado","embeddable":true,"href":"https:\/\/forumjustica.com.br\/en\/wp-json\/wp\/v2\/estado?post=5845"},{"taxonomy":"academia","embeddable":true,"href":"https:\/\/forumjustica.com.br\/en\/wp-json\/wp\/v2\/academia?post=5845"},{"taxonomy":"sociedade_civil","embeddable":true,"href":"https:\/\/forumjustica.com.br\/en\/wp-json\/wp\/v2\/sociedade_civil?post=5845"}],"curies":[{"name":"wp","href":"https:\/\/api.w.org\/{rel}","templated":true}]}}