{"id":5909,"date":"2013-05-06T10:00:39","date_gmt":"2013-05-06T12:00:39","guid":{"rendered":"https:\/\/forumjustica.vlannetwork.com\/?p=5909"},"modified":"2022-09-04T21:16:18","modified_gmt":"2022-09-05T00:16:18","slug":"chaui-propoe-desconstrucao-da-nocao-dominante-de-representacao","status":"publish","type":"post","link":"https:\/\/forumjustica.com.br\/en\/chaui-propoe-desconstrucao-da-nocao-dominante-de-representacao\/","title":{"rendered":"Chau\u00ed prop\u00f5e desconstru\u00e7\u00e3o da no\u00e7\u00e3o dominante de representa\u00e7\u00e3o"},"content":{"rendered":"<p><div id=\"attachment_5910\" style=\"width: 1034px\" class=\"wp-caption aligncenter\"><a href=\"https:\/\/forumjustica.com.br\/wp-content\/uploads\/2013\/05\/DSC_0082-1024x685-1.jpg\"><img loading=\"lazy\" decoding=\"async\" aria-describedby=\"caption-attachment-5910\" src=\"https:\/\/forumjustica.com.br\/wp-content\/uploads\/2013\/05\/DSC_0082-1024x685-1.jpg\" alt=\"\" title=\"DSC_0082-1024x685\" width=\"1024\" height=\"685\" class=\"size-full wp-image-5910\" \/><\/a><p id=\"caption-attachment-5910\" class=\"wp-caption-text\">\u201cA \u00e9tica n\u00e3o \u00e9 um estoque de condutas e sim a pr\u00e1xis. Ela se op\u00f5e \u00e0 viol\u00eancia\u201d, explicou a professora Marilena Chau\u00ed<\/p><\/div><\/p>\n<p><em>Fil\u00f3sofa foi palestrante da manh\u00e3,em Salvador, no Semin\u00e1rio Representa\u00e7\u00e3o Pol\u00edtica e Enfrentamento ao Racismo, atividade preparat\u00f3ria da III Confer\u00eancia Nacional de Promo\u00e7\u00e3o da Igualdade Racial, que acontece de 5 a 7 de novembro em Bras\u00edlia. A cobertura completa do evento estar\u00e1 dispon\u00edvel a partir de quarta-feira (24\/04) no link: www.aids.gov.br\/mediacenter<br \/>\n<\/em><br \/>\nSEPPIR \u2013 \u201cPrecisamos desconstruir a no\u00e7\u00e3o dominante de representa\u00e7\u00e3o e criar uma outra concep\u00e7\u00e3o porque n\u00e3o faz sentido um conceito de representa\u00e7\u00e3o que deixa o outro de fora\u201d, declarou a professora doutora do Departamento de Filosofia da Universidade de S\u00e3o Paulo (USP), Marilena Chau\u00ed, palestrante do Semin\u00e1rio Representa\u00e7\u00e3o Pol\u00edtica e Enfrentamento ao  Racismo, realizado ontem (19\/04), em Salvador, pela Secretaria de Pol\u00edticas de Promo\u00e7\u00e3o da Igualdade Racial da Presid\u00eancia da Rep\u00fablica (SEPPIR-PR). Chau\u00ed, que conduziu sua fala a partir dos conceitos de \u00e9tica, viol\u00eancia e racismo, afirmou que a classe dominante manipula para produzir a exclus\u00e3o.<\/p>\n<p>A palestra de Marilena Chau\u00ed integrou a programa\u00e7\u00e3o da atividade em Salvador, primeira capital fora de Bras\u00edlia a sediar os Semin\u00e1rios Tem\u00e1ticos, que \u00e9 parte das comemora\u00e7\u00f5es de dez anos de cria\u00e7\u00e3o da SEPPIR e etapa preparat\u00f3ria para a III Confer\u00eancia Nacional de Promo\u00e7\u00e3o da Igualdade Racial \u2013 III CONAPIR, que acontece de 5 a 7 de novembro, em Bras\u00edlia, com o tema Desenvolvimento e Democracia por um Brasil Afirmativo.<\/p>\n<p><strong>Agenda<br \/>\n<\/strong><br \/>\nNo dia 26, ser\u00e1 a vez de Recife tratar sobre Trabalho e Desenvolvimento: Capacita\u00e7\u00e3o T\u00e9cnica, Emprego e Popula\u00e7\u00e3o Negra. S\u00e3o Paulo sedia a discuss\u00e3o Desenvolvimento e Mulher Negra no dia 07 de maio e Bel\u00e9m do Par\u00e1, no dia 17 do mesmo m\u00eas, far\u00e1 o semin\u00e1rio sobre Territ\u00f3rios Tradicionais Negros: Desenvolvimento e Enfrentamento ao Racismo. Com o tema Oportunidades para a Juventude Negra, Porto Alegre sedia o \u00faltimo evento da s\u00e9rie no dia 24 de maio.<\/p>\n<p>\u201cA \u00e9tica n\u00e3o \u00e9 um estoque de condutas e sim a pr\u00e1xis. Ela se op\u00f5e \u00e0 viol\u00eancia\u201d, explicou a professora, para depois falar sobre o racismo como uma cren\u00e7a fundada na hierarquia entre ra\u00e7as, uma doutrina e um ato pol\u00edtico. Chau\u00ed afirma que para refletir sobre o racismo \u00e9 preciso rever o conceito de representa\u00e7\u00e3o, cujo sentido pol\u00edtico deriva de dois outros, o jur\u00eddico e o teatral. \u201cRepresentar politicamente o outro de quem recebeu o mandato \u00e9 estar no lugar do outro e falar por esse outro. O outro entendido como inferior. A classe dominante ocupa o seu lugar. Da\u00ed a exclus\u00e3o racial no espa\u00e7o p\u00fablico\u201d, sentenciou a fil\u00f3sofa.<\/p>\n<p>Para a ministra da SEPPIR, Luiza Bairros, a escolha de Salvador para sediar o primeiro semin\u00e1rio fora de Bras\u00edlia e exatamente para discutir o tema da representa\u00e7\u00e3o pol\u00edtica e enfrentamento ao racismo foi acertada. \u201cUm bom come\u00e7o para os caminhos que ainda temos que percorrer para termos uma representa\u00e7\u00e3o que corresponda ao peso da popula\u00e7\u00e3o negra brasileira\u201d, disse Bairros. Em seu entendimento, esse tema deve ser colocado no centro do debate para contagiar toda a popula\u00e7\u00e3o brasileira do mesmo modo que vem ocorrendo com outros temas relacionados \u00e0 quest\u00e3o racial e sobre os quais \u201ca sociedade n\u00e3o pode mais deixar de tratar\u201d.<\/p>\n<p>\u201cAl\u00e9m do que, Salvador produziu um quadro \u00fanico do ponto de vista eleitoral, com candidaturas a vice-prefeito de pessoas negras, especialmente mulheres negras, um quadro importante para a nossa representa\u00e7\u00e3o pol\u00edtica\u201d, completou Luiza Bairros.<\/p>\n<p>A ministra falou na mesa de abertura, que contou ainda com a participa\u00e7\u00e3o da senadora L\u00eddice da Mata (PSB-BA), do vereador de Salvador, Waldir Pires, do secret\u00e1rio de Promo\u00e7\u00e3o da Igualdade Racial da Bahia, Elias Sampaio, da reitora da Universidade Federal da Bahia, Dora Leal Rosa, da secret\u00e1ria de Repara\u00e7\u00e3o de Salvador, Ivete Sacramento, da representante do Conselho Nacional de Promo\u00e7\u00e3o da Igualdade Racial, Valdecir Nascimento, e do deputado estadual Bira Cora.<\/p>\n<p><strong>Celebra\u00e7\u00e3o<\/strong><\/p>\n<p>A senadora L\u00eddice da Mata falou sobre a import\u00e2ncia da celebra\u00e7\u00e3o dos 10 anos da SEPPIR, destacando conquistas do per\u00edodo, entre os quais o avan\u00e7o da pol\u00edtica de cotas em universidades e a aprova\u00e7\u00e3o dos direitos das trabalhadoras dom\u00e9sticas, atrav\u00e9s de Proposta de Emenda Parlamentar recentemente aprovada no Senado Federal. A senadora tamb\u00e9m revelou preocupa\u00e7\u00f5es locais, convocando parlamentares e a popula\u00e7\u00e3o baiana a lutarpela consolida\u00e7\u00e3o do Museu Afro da Bahia, bem como para lutar pelo combate\u00e0 viol\u00eancia contra os jovens negros.<\/p>\n<p>\u201cA nossa universidade tem o compromisso de contribuir para um Brasil afirmativo\u201d, disse Dora Leal Rosa, destacando a peculiaridade da Faculdade de Medicina da Bahia, primeira institui\u00e7\u00e3o de ensino superior do pa\u00eds e local do evento. \u201cA universidade \u00e9 o lugar onde n\u00e3o pode haver discrimina\u00e7\u00e3o; \u00e9 o lugar do debate e precisa contribuir para a constru\u00e7\u00e3o da democracia\u201d, disse ainda a reitora, afirmando que \u201ca UFBa trabalha para ser uma universidade afirmativa assim como a SEPPIR prop\u00f5e com o tema da sua pr\u00f3xima confer\u00eancia\u201d.<\/p>\n<p>Fonte: racismoambiental<\/p>\n<p><a href=\"http:\/\/africas.com.br\/portal\/chaui-propoe-desconstrucao-da-nocao-dominante-de-representacao\/#.UYV5qGS9Kc1\">http:\/\/africas.com.br\/portal\/chaui-propoe-desconstrucao-da-nocao-dominante-de-representacao\/#.UYV5qGS9Kc1<\/a><\/p>","protected":false},"excerpt":{"rendered":"<p>Fil\u00f3sofa foi palestrante da manh\u00e3,em Salvador, no Semin\u00e1rio Representa\u00e7\u00e3o Pol\u00edtica e Enfrentamento ao Racismo, atividade preparat\u00f3ria da III Confer\u00eancia Nacional de Promo\u00e7\u00e3o da Igualdade Racial, que acontece de 5 a 7 de novembro em Bras\u00edlia. A cobertura completa do evento estar\u00e1 dispon\u00edvel a partir de quarta-feira (24\/04) no link: www.aids.gov.br\/mediacenter SEPPIR \u2013 \u201cPrecisamos desconstruir a [&hellip;]<\/p>\n","protected":false},"author":13,"featured_media":0,"comment_status":"open","ping_status":"closed","sticky":false,"template":"","format":"standard","meta":{"inline_featured_image":false,"footnotes":""},"categories":[1],"tags":[],"anos":[],"projetos":[],"autorias":[],"eixos_tematicos":[],"locais":[],"pessoas":[],"estado":[],"academia":[],"sociedade_civil":[],"class_list":["post-5909","post","type-post","status-publish","format-standard","hentry","category-noticias"],"_links":{"self":[{"href":"https:\/\/forumjustica.com.br\/en\/wp-json\/wp\/v2\/posts\/5909","targetHints":{"allow":["GET"]}}],"collection":[{"href":"https:\/\/forumjustica.com.br\/en\/wp-json\/wp\/v2\/posts"}],"about":[{"href":"https:\/\/forumjustica.com.br\/en\/wp-json\/wp\/v2\/types\/post"}],"author":[{"embeddable":true,"href":"https:\/\/forumjustica.com.br\/en\/wp-json\/wp\/v2\/users\/13"}],"replies":[{"embeddable":true,"href":"https:\/\/forumjustica.com.br\/en\/wp-json\/wp\/v2\/comments?post=5909"}],"version-history":[{"count":1,"href":"https:\/\/forumjustica.com.br\/en\/wp-json\/wp\/v2\/posts\/5909\/revisions"}],"predecessor-version":[{"id":17672,"href":"https:\/\/forumjustica.com.br\/en\/wp-json\/wp\/v2\/posts\/5909\/revisions\/17672"}],"wp:attachment":[{"href":"https:\/\/forumjustica.com.br\/en\/wp-json\/wp\/v2\/media?parent=5909"}],"wp:term":[{"taxonomy":"category","embeddable":true,"href":"https:\/\/forumjustica.com.br\/en\/wp-json\/wp\/v2\/categories?post=5909"},{"taxonomy":"post_tag","embeddable":true,"href":"https:\/\/forumjustica.com.br\/en\/wp-json\/wp\/v2\/tags?post=5909"},{"taxonomy":"anos","embeddable":true,"href":"https:\/\/forumjustica.com.br\/en\/wp-json\/wp\/v2\/anos?post=5909"},{"taxonomy":"projetos","embeddable":true,"href":"https:\/\/forumjustica.com.br\/en\/wp-json\/wp\/v2\/projetos?post=5909"},{"taxonomy":"autorias","embeddable":true,"href":"https:\/\/forumjustica.com.br\/en\/wp-json\/wp\/v2\/autorias?post=5909"},{"taxonomy":"eixos_tematicos","embeddable":true,"href":"https:\/\/forumjustica.com.br\/en\/wp-json\/wp\/v2\/eixos_tematicos?post=5909"},{"taxonomy":"locais","embeddable":true,"href":"https:\/\/forumjustica.com.br\/en\/wp-json\/wp\/v2\/locais?post=5909"},{"taxonomy":"pessoas","embeddable":true,"href":"https:\/\/forumjustica.com.br\/en\/wp-json\/wp\/v2\/pessoas?post=5909"},{"taxonomy":"estado","embeddable":true,"href":"https:\/\/forumjustica.com.br\/en\/wp-json\/wp\/v2\/estado?post=5909"},{"taxonomy":"academia","embeddable":true,"href":"https:\/\/forumjustica.com.br\/en\/wp-json\/wp\/v2\/academia?post=5909"},{"taxonomy":"sociedade_civil","embeddable":true,"href":"https:\/\/forumjustica.com.br\/en\/wp-json\/wp\/v2\/sociedade_civil?post=5909"}],"curies":[{"name":"wp","href":"https:\/\/api.w.org\/{rel}","templated":true}]}}