{"id":6012,"date":"2013-05-20T14:34:14","date_gmt":"2013-05-20T16:34:14","guid":{"rendered":"https:\/\/forumjustica.vlannetwork.com\/?p=6012"},"modified":"2022-09-04T21:16:17","modified_gmt":"2022-09-05T00:16:17","slug":"manifesto-de-apoio-a-comunidade-do-horto","status":"publish","type":"post","link":"https:\/\/forumjustica.com.br\/en\/manifesto-de-apoio-a-comunidade-do-horto\/","title":{"rendered":"MANIFESTO DE APOIO \u00c0 COMUNIDADE DO HORTO"},"content":{"rendered":"<p>Prezado(a):<\/p>\n<p>O Manifesto do Horto, para o qual pedimos seu apoio, n\u00e3o \u00e9 uma declara\u00e7\u00e3o de princ\u00edpios, nem um grito de protesto: \u00e9 uma a\u00e7\u00e3o objetiva, com o intuito expresso de evitar a verdadeira cat\u00e1strofe social que est\u00e1 ocorrendo, agora, na comunidade do Horto Florestal, no Rio de Janeiro.<\/p>\n<p>Em carta enviada ao Presidente do STF, Ministro Joaquim Barbosa, em 06 de maio, a Professora Raquel Rolnik (Relatora Especial da ONU para o Direito \u00e0 Moradia Adequada) pede que o Mandato de Seguran\u00e7a dos moradores, impetrado em novembro\/2012, seja julgado com urg\u00eancia, para que se evitem, nas suas palavras, \u201ceventuais viola\u00e7\u00f5es ao direito humano \u00e0 moradia adequada e se alcance uma situa\u00e7\u00e3o pactuada e eficaz para a situa\u00e7\u00e3o\u201d.<\/p>\n<p>Este Manifesto pretende unir as muitas vozes que compartilham esta opini\u00e3o, enxergam atrav\u00e9s dos artif\u00edcios da grande m\u00eddia associada \u00e0 especula\u00e7\u00e3o imobili\u00e1ria, e n\u00e3o compactuam com os seus des\u00edgnios. Acad\u00eamicos, autoridades em qualquer das v\u00e1rias \u00e1reas envolvidas \u2013 Direito, Urbanismo, Ecologia, Hist\u00f3ria, Geografia, Sociologia, entre outras &#8211; jornalistas, comunicadores, ocupantes de cargos p\u00fablicos, organiza\u00e7\u00f5es de defesa de direitos humanos, enfim, pessoas p\u00fablicas, autoridades ou membros da sociedade civil cuja opini\u00e3o n\u00e3o possa ser ignorada facilmente.<\/p>\n<p>A urg\u00eancia \u00e9 essencial. A comunidade vem sendo enormemente pressionada, pela m\u00eddia e por autoridades envolvidas, numa desumana tortura psicol\u00f3gica. Em anexo encontra-se o texto do Manifesto, em PDF. Para efetivar seu apoio, basta enviar para o e-mail flj50@hotmail.com a mensagem abaixo (pode copiar e colar, se quiser):<\/p>\n<p><em>\u201cExpresso meu apoio e subscrevo o Manifesto do Horto, cujo texto me foi enviado.<\/p>\n<p>(Nome completo)&#8230;&#8230;&#8230;&#8230;&#8230;&#8230;&#8230;&#8230;&#8230;&#8230;&#8230;&#8230;&#8230;&#8230;&#8230;&#8230;&#8230;&#8230;&#8230;&#8230;&#8230;&#8230;&#8230;&#8230;&#8230;&#8230;&#8230;&#8230;&#8230;&#8230;&#8230;.<\/p>\n<p>(Qualifica\u00e7\u00e3o \u2013 acad\u00eamica, profissional, cargo ou fun\u00e7\u00e3o, entidade, grupo)&#8230;&#8230;&#8230;&#8230;&#8230;&#8230;&#8230;&#8230;&#8230;&#8230;\u201d<\/em><\/p>\n<p>\u00c9 importante que cada apoio seja, tamb\u00e9m, um multiplicador, repassando a outras pessoas com a mesma consci\u00eancia social este apelo, para em prazo m\u00ednimo reunir um n\u00famero impactante de assinaturas representativas.<\/p>\n<p>Neste momento, est\u00e1 em suas m\u00e3os a oportunidade de ajudar a preservar n\u00e3o s\u00f3 uma comunidade hist\u00f3rica amea\u00e7ada de aniquila\u00e7\u00e3o, mas os princ\u00edpios sociais e democr\u00e1ticos t\u00e3o caros a todos n\u00f3s, que est\u00e3o sendo afrontados.<\/p>\n<p>Qualquer esclarecimento desejado pode ser obtido atrav\u00e9s do mesmo e-mail. Desde j\u00e1, agradecemos sua colabora\u00e7\u00e3o, em nome de mais de 500 fam\u00edlias, e de toda a sociedade brasileira.<\/p>\n<p>Grupo de Apoio \u00e0 Luta do Horto<\/p>\n<p><a href='https:\/\/forumjustica.com.br\/wp-content\/uploads\/2013\/05\/MANIFESTO-DO-HORTO.pdf'>clique aqui para ler o manifesto<\/a><\/p>\n","protected":false},"excerpt":{"rendered":"<p>Prezado(a): O Manifesto do Horto, para o qual pedimos seu apoio, n\u00e3o \u00e9 uma declara\u00e7\u00e3o de princ\u00edpios, nem um grito de protesto: \u00e9 uma a\u00e7\u00e3o objetiva, com o intuito expresso de evitar a verdadeira cat\u00e1strofe social que est\u00e1 ocorrendo, agora, na comunidade do Horto Florestal, no Rio de Janeiro. Em carta enviada ao Presidente do [&hellip;]<\/p>\n","protected":false},"author":13,"featured_media":0,"comment_status":"open","ping_status":"closed","sticky":false,"template":"","format":"standard","meta":{"inline_featured_image":false,"footnotes":""},"categories":[1],"tags":[],"anos":[],"projetos":[],"autorias":[],"eixos_tematicos":[],"locais":[],"pessoas":[],"estado":[],"academia":[],"sociedade_civil":[],"class_list":["post-6012","post","type-post","status-publish","format-standard","hentry","category-noticias"],"_links":{"self":[{"href":"https:\/\/forumjustica.com.br\/en\/wp-json\/wp\/v2\/posts\/6012","targetHints":{"allow":["GET"]}}],"collection":[{"href":"https:\/\/forumjustica.com.br\/en\/wp-json\/wp\/v2\/posts"}],"about":[{"href":"https:\/\/forumjustica.com.br\/en\/wp-json\/wp\/v2\/types\/post"}],"author":[{"embeddable":true,"href":"https:\/\/forumjustica.com.br\/en\/wp-json\/wp\/v2\/users\/13"}],"replies":[{"embeddable":true,"href":"https:\/\/forumjustica.com.br\/en\/wp-json\/wp\/v2\/comments?post=6012"}],"version-history":[{"count":1,"href":"https:\/\/forumjustica.com.br\/en\/wp-json\/wp\/v2\/posts\/6012\/revisions"}],"predecessor-version":[{"id":17654,"href":"https:\/\/forumjustica.com.br\/en\/wp-json\/wp\/v2\/posts\/6012\/revisions\/17654"}],"wp:attachment":[{"href":"https:\/\/forumjustica.com.br\/en\/wp-json\/wp\/v2\/media?parent=6012"}],"wp:term":[{"taxonomy":"category","embeddable":true,"href":"https:\/\/forumjustica.com.br\/en\/wp-json\/wp\/v2\/categories?post=6012"},{"taxonomy":"post_tag","embeddable":true,"href":"https:\/\/forumjustica.com.br\/en\/wp-json\/wp\/v2\/tags?post=6012"},{"taxonomy":"anos","embeddable":true,"href":"https:\/\/forumjustica.com.br\/en\/wp-json\/wp\/v2\/anos?post=6012"},{"taxonomy":"projetos","embeddable":true,"href":"https:\/\/forumjustica.com.br\/en\/wp-json\/wp\/v2\/projetos?post=6012"},{"taxonomy":"autorias","embeddable":true,"href":"https:\/\/forumjustica.com.br\/en\/wp-json\/wp\/v2\/autorias?post=6012"},{"taxonomy":"eixos_tematicos","embeddable":true,"href":"https:\/\/forumjustica.com.br\/en\/wp-json\/wp\/v2\/eixos_tematicos?post=6012"},{"taxonomy":"locais","embeddable":true,"href":"https:\/\/forumjustica.com.br\/en\/wp-json\/wp\/v2\/locais?post=6012"},{"taxonomy":"pessoas","embeddable":true,"href":"https:\/\/forumjustica.com.br\/en\/wp-json\/wp\/v2\/pessoas?post=6012"},{"taxonomy":"estado","embeddable":true,"href":"https:\/\/forumjustica.com.br\/en\/wp-json\/wp\/v2\/estado?post=6012"},{"taxonomy":"academia","embeddable":true,"href":"https:\/\/forumjustica.com.br\/en\/wp-json\/wp\/v2\/academia?post=6012"},{"taxonomy":"sociedade_civil","embeddable":true,"href":"https:\/\/forumjustica.com.br\/en\/wp-json\/wp\/v2\/sociedade_civil?post=6012"}],"curies":[{"name":"wp","href":"https:\/\/api.w.org\/{rel}","templated":true}]}}