{"id":6150,"date":"2013-06-04T17:00:12","date_gmt":"2013-06-04T19:00:12","guid":{"rendered":"https:\/\/forumjustica.vlannetwork.com\/?p=6150"},"modified":"2022-09-04T21:16:17","modified_gmt":"2022-09-05T00:16:17","slug":"mp-ajuiza-acao-para-impedir-repressao-armada-a-camelos","status":"publish","type":"post","link":"https:\/\/forumjustica.com.br\/en\/mp-ajuiza-acao-para-impedir-repressao-armada-a-camelos\/","title":{"rendered":"MP ajuiza a\u00e7\u00e3o para impedir repress\u00e3o armada a camel\u00f4s"},"content":{"rendered":"<p>O DIA &#8211; 03\/06\/2013 17:13:13 &#8211; Atualizada \u00e0s 03\/06\/2013 18:06:18<\/p>\n<p>\u00d3rg\u00e3o pede que Prefeitura e Guarda Municipal indenizem ambulantes em no m\u00ednimo R$ 30 mil cada<\/p>\n<p>Rio &#8211; A 7\u00aa Promotoria de Justi\u00e7a de Tutela Coletiva de Defesa da Cidadania ajuizou a\u00e7\u00e3o civil p\u00fablica contra o munic\u00edpio do Rio de Janeiro e a Guarda Municipal para impedir repress\u00e3o armada a camel\u00f4s.<\/p>\n<p>A ACP pede a condena\u00e7\u00e3o dos r\u00e9us ao pagamento de indeniza\u00e7\u00e3o, por dano moral difuso, no valor m\u00ednimo de R$ 600 milh\u00f5es. A a\u00e7\u00e3o tamb\u00e9m pediu que os ambulantes submetidos \u00e0 atua\u00e7\u00e3o ilegal dos guardas municipais sejam indenizados em, no m\u00ednimo, R$ 30 mil cada.<\/p>\n<p>A a\u00e7\u00e3o prop\u00f5e ainda que a Guarda Municipal pare de fiscalizar ambulantes no Rio de Janeiro, sob pena de multa de R$ 50 mil para cada situa\u00e7\u00e3o de descumprimento.<\/p>\n<p>A a\u00e7\u00e3o se baseou em inqu\u00e9rito civil instaurado a partir de den\u00fancias de ambulantes, que teriam sofrido abusos, e de not\u00edcias de viol\u00eancia contra vendedores.<\/p>\n<p>De acordo com a promotoria, al\u00e9m de atuar na fiscaliza\u00e7\u00e3o das atividades econ\u00f4micas desenvolvidas pelos ambulantes e de apreender mercadorias ilegalmente, &#8220;o uso de armas &#8216;n\u00e3o letais&#8217;, invariavelmente empregadas nas opera\u00e7\u00f5es da Guarda Municipal, \u00e9 expressamente vedado pela Lei Org\u00e2nica do Munic\u00edpio do Rio de Janeiro.<\/p>\n<p>Na a\u00e7\u00e3o, o MP pede a suspens\u00e3o da apreens\u00e3o de mercadorias e objetos de trabalho de ambulantes do Rio pela Guarda Municipal; e a proibi\u00e7\u00e3o de utiliza\u00e7\u00e3o de armas de qualquer natureza, letais ou \u201cn\u00e3o letais\u201d, como granadas de g\u00e1s lacrimog\u00eaneo e de efeito moral, balas de borracha, bast\u00f5es de choque, canh\u00f5es de \u00e1gua, sprays de pimenta, espargidores de agentes qu\u00edmicos incapacitantes, tasers, pistolas el\u00e9tricas ou similares.<\/p>\n<p>O MP prop\u00f4s tamb\u00e9m a invalida\u00e7\u00e3o dos termos de reten\u00e7\u00e3o de mercadorias emitidos pela Guarda Municipal e dos autos de apreens\u00e3o e infra\u00e7\u00e3o deles decorrentes; al\u00e9m da condena\u00e7\u00e3o dos r\u00e9us a, solidariamente, restitu\u00edrem aos ambulantes os valores arrecadados destas reten\u00e7\u00f5es.<\/p>\n<p><a href=\"http:\/\/odia.ig.com.br\/noticia\/rio-de-janeiro\/2013-06-03\/mp-ajuiza-acao-para-impedir-repressao-armada-a-camelos.html\">http:\/\/odia.ig.com.br\/noticia\/rio-de-janeiro\/2013-06-03\/mp-ajuiza-acao-para-impedir-repressao-armada-a-camelos.html<\/a><\/p>\n","protected":false},"excerpt":{"rendered":"<p>O DIA &#8211; 03\/06\/2013 17:13:13 &#8211; Atualizada \u00e0s 03\/06\/2013 18:06:18 \u00d3rg\u00e3o pede que Prefeitura e Guarda Municipal indenizem ambulantes em no m\u00ednimo R$ 30 mil cada Rio &#8211; A 7\u00aa Promotoria de Justi\u00e7a de Tutela Coletiva de Defesa da Cidadania ajuizou a\u00e7\u00e3o civil p\u00fablica contra o munic\u00edpio do Rio de Janeiro e a Guarda Municipal [&hellip;]<\/p>\n","protected":false},"author":13,"featured_media":0,"comment_status":"open","ping_status":"closed","sticky":false,"template":"","format":"standard","meta":{"inline_featured_image":false,"footnotes":""},"categories":[1],"tags":[],"anos":[],"projetos":[],"autorias":[],"eixos_tematicos":[],"locais":[],"pessoas":[],"estado":[],"academia":[],"sociedade_civil":[],"class_list":["post-6150","post","type-post","status-publish","format-standard","hentry","category-noticias"],"_links":{"self":[{"href":"https:\/\/forumjustica.com.br\/en\/wp-json\/wp\/v2\/posts\/6150","targetHints":{"allow":["GET"]}}],"collection":[{"href":"https:\/\/forumjustica.com.br\/en\/wp-json\/wp\/v2\/posts"}],"about":[{"href":"https:\/\/forumjustica.com.br\/en\/wp-json\/wp\/v2\/types\/post"}],"author":[{"embeddable":true,"href":"https:\/\/forumjustica.com.br\/en\/wp-json\/wp\/v2\/users\/13"}],"replies":[{"embeddable":true,"href":"https:\/\/forumjustica.com.br\/en\/wp-json\/wp\/v2\/comments?post=6150"}],"version-history":[{"count":1,"href":"https:\/\/forumjustica.com.br\/en\/wp-json\/wp\/v2\/posts\/6150\/revisions"}],"predecessor-version":[{"id":17635,"href":"https:\/\/forumjustica.com.br\/en\/wp-json\/wp\/v2\/posts\/6150\/revisions\/17635"}],"wp:attachment":[{"href":"https:\/\/forumjustica.com.br\/en\/wp-json\/wp\/v2\/media?parent=6150"}],"wp:term":[{"taxonomy":"category","embeddable":true,"href":"https:\/\/forumjustica.com.br\/en\/wp-json\/wp\/v2\/categories?post=6150"},{"taxonomy":"post_tag","embeddable":true,"href":"https:\/\/forumjustica.com.br\/en\/wp-json\/wp\/v2\/tags?post=6150"},{"taxonomy":"anos","embeddable":true,"href":"https:\/\/forumjustica.com.br\/en\/wp-json\/wp\/v2\/anos?post=6150"},{"taxonomy":"projetos","embeddable":true,"href":"https:\/\/forumjustica.com.br\/en\/wp-json\/wp\/v2\/projetos?post=6150"},{"taxonomy":"autorias","embeddable":true,"href":"https:\/\/forumjustica.com.br\/en\/wp-json\/wp\/v2\/autorias?post=6150"},{"taxonomy":"eixos_tematicos","embeddable":true,"href":"https:\/\/forumjustica.com.br\/en\/wp-json\/wp\/v2\/eixos_tematicos?post=6150"},{"taxonomy":"locais","embeddable":true,"href":"https:\/\/forumjustica.com.br\/en\/wp-json\/wp\/v2\/locais?post=6150"},{"taxonomy":"pessoas","embeddable":true,"href":"https:\/\/forumjustica.com.br\/en\/wp-json\/wp\/v2\/pessoas?post=6150"},{"taxonomy":"estado","embeddable":true,"href":"https:\/\/forumjustica.com.br\/en\/wp-json\/wp\/v2\/estado?post=6150"},{"taxonomy":"academia","embeddable":true,"href":"https:\/\/forumjustica.com.br\/en\/wp-json\/wp\/v2\/academia?post=6150"},{"taxonomy":"sociedade_civil","embeddable":true,"href":"https:\/\/forumjustica.com.br\/en\/wp-json\/wp\/v2\/sociedade_civil?post=6150"}],"curies":[{"name":"wp","href":"https:\/\/api.w.org\/{rel}","templated":true}]}}