{"id":6155,"date":"2013-06-03T09:00:13","date_gmt":"2013-06-03T11:00:13","guid":{"rendered":"https:\/\/forumjustica.vlannetwork.com\/?p=6155"},"modified":"2022-09-04T21:16:17","modified_gmt":"2022-09-05T00:16:17","slug":"lancamento-do-i-relatorio-nacional-de-atuacoes-coletivas-da-defensoria-publica-e-palestra-do-prof-fredie-didier-jr","status":"publish","type":"post","link":"https:\/\/forumjustica.com.br\/en\/lancamento-do-i-relatorio-nacional-de-atuacoes-coletivas-da-defensoria-publica-e-palestra-do-prof-fredie-didier-jr\/","title":{"rendered":"LAN\u00c7AMENTO DO \u201cI RELAT\u00d3RIO NACIONAL DE ATUA\u00c7\u00d5ES COLETIVAS DA DEFENSORIA P\u00daBLICA\u201d E PALESTRA DO PROF. FREDIE DIDIER JR"},"content":{"rendered":"<p><a href=\"https:\/\/forumjustica.com.br\/wp-content\/uploads\/2013\/06\/lancamentorelatorio.jpg\"><img loading=\"lazy\" decoding=\"async\" src=\"https:\/\/forumjustica.com.br\/wp-content\/uploads\/2013\/06\/lancamentorelatorio.jpg\" alt=\"\" title=\"lancamentorelatorio\" width=\"548\" height=\"248\" class=\"aligncenter size-full wp-image-6156\" \/><\/a><br \/>\nA efetiva\u00e7\u00e3o do acesso \u00e0 justi\u00e7a, no Brasil, exige que o nosso sistema de justi\u00e7a seja pensado n\u00e3o no prisma dos \u201cprodutores\u201d, mas sim na perspectiva cappellettiana dos \u201cconsumidores\u201d do sistema. Com essa preocupa\u00e7\u00e3o, a Associa\u00e7\u00e3o Nacional dos Defensores P\u00fablicos (ANADEP) realizou amplo levantamento, em todas as regi\u00f5es do pa\u00eds, a respeito da atua\u00e7\u00e3o coletiva da Defensoria, a partir do qual foram destacadas e analisadas 50 iniciativas.<\/p>\n<p>O resultado desse levantamento est\u00e1 no \u201cI Relat\u00f3rio Nacional de Atua\u00e7\u00f5es Coletivas da Defensoria P\u00fablica: um estudo emp\u00edrico sob a \u00f3tica dos \u2018consumidores\u2019 do sistema de justi\u00e7a\u201d, coordenado por Jos\u00e9 Augusto Garcia de Sousa, sob a gest\u00e3o de Andr\u00e9 Machado de Castro.<\/p>\n<p>A apresenta\u00e7\u00e3o do Relat\u00f3rio acontecer\u00e1 na pr\u00f3xima sexta-feira, 7 de junho, a partir das 15 horas, na sede da ADPERJ (Associa\u00e7\u00e3o dos Defensores P\u00fablicos do Estado do Rio de Janeiro), situada na Rua do Carmo, 7, 16\u00ba andar, Centro, Rio de Janeiro.<\/p>\n<p>Participar\u00e3o Andr\u00e9 Lu\u00eds Machado de Castro, Jos\u00e9 Augusto Garcia de Sousa e Marivaldo Pereira, Secret\u00e1rio de Assuntos Legislativos do Minist\u00e9rio da Justi\u00e7a. Al\u00e9m da apresenta\u00e7\u00e3o do Relat\u00f3rio, haver\u00e1 um painel reunindo os defensores estaduais F\u00e1bio Schwartz, Henrique Guelber e Maria L\u00facia de Pontes e o defensor federal Andr\u00e9 Ordacgy, versando sobre a atua\u00e7\u00e3o coletiva da Defensoria P\u00fablica no Estado do Rio de Janeiro.<\/p>\n<p>Na mesma oportunidade, \u00e0s 17 horas, o Prof. Fredie Didier Jr., da Universidade Federal da Bahia, proferir\u00e1 palestra sobre &#8220;O Novo CPC e a Defensoria P\u00fablica&#8221;.<\/p>\n<p>A entrada \u00e9 franca e ser\u00e3o sorteados, entre os presentes, 10 livros (os 5 volumes do Curso de Processo Civil do Prof. Fredie Didier Jr. e 5 obras espec\u00edficas sobre acesso \u00e0 justi\u00e7a e Defensoria P\u00fablica). Ao final do evento, ser\u00e1 servido coquetel.<\/p>\n<p>PROGRAMA\u00c7\u00c3O<\/p>\n<p>15h: A Tutela Coletiva no Estado do Rio de Janeiro<\/p>\n<p>&#8211; Andr\u00e9 Ordacgy | Defensor P\u00fablico Federal<br \/>\nTitular 1\u00ba Of\u00edcio de Direitos Humanos e Tutela Coletiva da DPU\/RJ<br \/>\n&#8211; F\u00e1bio Schwartz | Defensor P\u00fablico\/RJ<br \/>\nEx-coordenador de Tutela Coletiva do NUDECON<br \/>\n&#8211; Henrique Guelber | Defensor P\u00fablico\/RJ<br \/>\nCoordenador do N\u00facleo de Defesa dos Direitos Humanos<br \/>\n&#8211; Maria L\u00facia de Pontes | Defensora P\u00fablica\/RJ<br \/>\nTitular do N\u00facleo de Terras e Habita\u00e7\u00e3o<\/p>\n<p>16h: Lan\u00e7amento do I Relat\u00f3rio Nacional de Atua\u00e7\u00f5es Coletivas da Defensoria P\u00fablica<\/p>\n<p>&#8211; Andr\u00e9 Lu\u00eds Machado de Castro | Defensor P\u00fablico\/RJ<br \/>\nEx-presidente da Associa\u00e7\u00e3o Nacional dos Defensores P\u00fablicos e Gestor do Relat\u00f3rio<br \/>\n&#8211; Jos\u00e9 Augusto Garcia de Sousa | Defensor P\u00fablico\/RJ<br \/>\nVice-presidente da ADPERJ e Coordenador do Relat\u00f3rio<br \/>\n&#8211; Marivaldo de Castro Pereira<br \/>\nSecret\u00e1rio de Assuntos Legislativos do Minist\u00e9rio da Justi\u00e7a<\/p>\n<p>17h: O Novo CPC e a Defensoria P\u00fablica<\/p>\n<p>&#8211; Fredie Didier Jr.<br \/>\nAdvogado e Professor da Universidade Federal da Bahia<\/p>\n<p><a href=\"https:\/\/forumjustica.com.br\/wp-content\/uploads\/2013\/06\/footer.jpg\"><img loading=\"lazy\" decoding=\"async\" src=\"https:\/\/forumjustica.com.br\/wp-content\/uploads\/2013\/06\/footer.jpg\" alt=\"\" title=\"footer\" width=\"600\" height=\"131\" class=\"aligncenter size-full wp-image-6157\" \/><\/a><\/p>\n","protected":false},"excerpt":{"rendered":"<p>A efetiva\u00e7\u00e3o do acesso \u00e0 justi\u00e7a, no Brasil, exige que o nosso sistema de justi\u00e7a seja pensado n\u00e3o no prisma dos \u201cprodutores\u201d, mas sim na perspectiva cappellettiana dos \u201cconsumidores\u201d do sistema. Com essa preocupa\u00e7\u00e3o, a Associa\u00e7\u00e3o Nacional dos Defensores P\u00fablicos (ANADEP) realizou amplo levantamento, em todas as regi\u00f5es do pa\u00eds, a respeito da atua\u00e7\u00e3o coletiva [&hellip;]<\/p>\n","protected":false},"author":13,"featured_media":0,"comment_status":"open","ping_status":"closed","sticky":false,"template":"","format":"standard","meta":{"inline_featured_image":false,"footnotes":""},"categories":[1],"tags":[],"anos":[],"projetos":[],"autorias":[],"eixos_tematicos":[],"locais":[],"pessoas":[],"estado":[],"academia":[],"sociedade_civil":[],"class_list":["post-6155","post","type-post","status-publish","format-standard","hentry","category-noticias"],"_links":{"self":[{"href":"https:\/\/forumjustica.com.br\/en\/wp-json\/wp\/v2\/posts\/6155","targetHints":{"allow":["GET"]}}],"collection":[{"href":"https:\/\/forumjustica.com.br\/en\/wp-json\/wp\/v2\/posts"}],"about":[{"href":"https:\/\/forumjustica.com.br\/en\/wp-json\/wp\/v2\/types\/post"}],"author":[{"embeddable":true,"href":"https:\/\/forumjustica.com.br\/en\/wp-json\/wp\/v2\/users\/13"}],"replies":[{"embeddable":true,"href":"https:\/\/forumjustica.com.br\/en\/wp-json\/wp\/v2\/comments?post=6155"}],"version-history":[{"count":1,"href":"https:\/\/forumjustica.com.br\/en\/wp-json\/wp\/v2\/posts\/6155\/revisions"}],"predecessor-version":[{"id":17637,"href":"https:\/\/forumjustica.com.br\/en\/wp-json\/wp\/v2\/posts\/6155\/revisions\/17637"}],"wp:attachment":[{"href":"https:\/\/forumjustica.com.br\/en\/wp-json\/wp\/v2\/media?parent=6155"}],"wp:term":[{"taxonomy":"category","embeddable":true,"href":"https:\/\/forumjustica.com.br\/en\/wp-json\/wp\/v2\/categories?post=6155"},{"taxonomy":"post_tag","embeddable":true,"href":"https:\/\/forumjustica.com.br\/en\/wp-json\/wp\/v2\/tags?post=6155"},{"taxonomy":"anos","embeddable":true,"href":"https:\/\/forumjustica.com.br\/en\/wp-json\/wp\/v2\/anos?post=6155"},{"taxonomy":"projetos","embeddable":true,"href":"https:\/\/forumjustica.com.br\/en\/wp-json\/wp\/v2\/projetos?post=6155"},{"taxonomy":"autorias","embeddable":true,"href":"https:\/\/forumjustica.com.br\/en\/wp-json\/wp\/v2\/autorias?post=6155"},{"taxonomy":"eixos_tematicos","embeddable":true,"href":"https:\/\/forumjustica.com.br\/en\/wp-json\/wp\/v2\/eixos_tematicos?post=6155"},{"taxonomy":"locais","embeddable":true,"href":"https:\/\/forumjustica.com.br\/en\/wp-json\/wp\/v2\/locais?post=6155"},{"taxonomy":"pessoas","embeddable":true,"href":"https:\/\/forumjustica.com.br\/en\/wp-json\/wp\/v2\/pessoas?post=6155"},{"taxonomy":"estado","embeddable":true,"href":"https:\/\/forumjustica.com.br\/en\/wp-json\/wp\/v2\/estado?post=6155"},{"taxonomy":"academia","embeddable":true,"href":"https:\/\/forumjustica.com.br\/en\/wp-json\/wp\/v2\/academia?post=6155"},{"taxonomy":"sociedade_civil","embeddable":true,"href":"https:\/\/forumjustica.com.br\/en\/wp-json\/wp\/v2\/sociedade_civil?post=6155"}],"curies":[{"name":"wp","href":"https:\/\/api.w.org\/{rel}","templated":true}]}}