{"id":6161,"date":"2013-06-06T12:00:40","date_gmt":"2013-06-06T14:00:40","guid":{"rendered":"https:\/\/forumjustica.vlannetwork.com\/?p=6161"},"modified":"2022-09-04T21:16:16","modified_gmt":"2022-09-05T00:16:16","slug":"anadep-e-mj-firmam-termo-de-cooperacao-para-criacao-de-portal-sobre-acesso-a-justica","status":"publish","type":"post","link":"https:\/\/forumjustica.com.br\/en\/anadep-e-mj-firmam-termo-de-cooperacao-para-criacao-de-portal-sobre-acesso-a-justica\/","title":{"rendered":"ANADEP e MJ firmam termo de coopera\u00e7\u00e3o para cria\u00e7\u00e3o de portal sobre acesso \u00e0 justi\u00e7a"},"content":{"rendered":"<p>04\/06\/2013 &#8211; 10:00<br \/>\nFonte: Ascom ANADEP<br \/>\nEstado: DF<\/p>\n<p><a href=\"https:\/\/forumjustica.com.br\/wp-content\/uploads\/2013\/06\/anadepmj.jpg\"><img loading=\"lazy\" decoding=\"async\" src=\"https:\/\/forumjustica.com.br\/wp-content\/uploads\/2013\/06\/anadepmj.jpg\" alt=\"\" title=\"anadepmj\" width=\"350\" height=\"234\" class=\"aligncenter size-full wp-image-6162\" \/><\/a><br \/>\nA ANADEP, representada por sua presidente Patr\u00edcia Kettermann, firmou, nesta ter\u00e7a-feira (4), com a Secretaria Nacional de Reforma do Judici\u00e1rio do Minist\u00e9rio da Justi\u00e7a, um acordo de coopera\u00e7\u00e3o que vai oportunizar a cria\u00e7\u00e3o do Atlas de Acesso \u00e0 Justi\u00e7a. Trata-se de um projeto que pretende tornar acess\u00edvel ao cidad\u00e3o brasileiro um amplo conjunto de informa\u00e7\u00f5es sobre o Sistema de Justi\u00e7a no pa\u00eds, atrav\u00e9s de um portal na internet. A previs\u00e3o \u00e9 de que sua publica\u00e7\u00e3o ocorra j\u00e1 na segunda quinzena de agosto.<\/p>\n<p>O Atlas deve oferecer detalhes sobre as institui\u00e7\u00f5es de justi\u00e7a no Brasil, contemplando tanto endere\u00e7os e caracter\u00edsticas dos servi\u00e7os oferecidos por cada \u00f3rg\u00e3o, como estat\u00edsticas e indicadores relacionados por estado. Conforme o secret\u00e1rio de Reforma do Judici\u00e1rio do MJ, Fl\u00e1vio Caetano, a ideia \u00e9 que o usu\u00e1rio do sistema de justi\u00e7a possa compreender que servi\u00e7os pode buscar junto ao Minist\u00e9rio P\u00fablico, Defensoria P\u00fablica nos estados e da Uni\u00e3o e cart\u00f3rios extrajudiciais, por exemplo. \u201cIniciaremos com a divulga\u00e7\u00e3o dos endere\u00e7os e de todas as portas de entrada destes \u00f3rg\u00e3os. Em uma segunda etapa queremos construir e divulgar um grande banco de dados com ferramentas estat\u00edsticas e dados abertos, franqueados para uso de nossos parceiros, e que possam ser atualizadas ao longo do tempo\u201d, adiantou.<\/p>\n<p>Sobre especificamente a Defensoria P\u00fablica, o sistema fornecer\u00e1, de in\u00edcio, informa\u00e7\u00f5es sobre todos os endere\u00e7os de atendimento no pa\u00eds. Tamb\u00e9m deve divulgar quais servi\u00e7os s\u00e3o prestados pela Institui\u00e7\u00e3o, \u00e1reas de atua\u00e7\u00e3o e como fazer para buscar atendimento. \u201cA ANADEP n\u00e3o apenas \u00e9 uma grande e competente parceira para coleta e aux\u00edlio no direcionamento deste material, como foi a primeira entidade a nos responder positivamente ao acordo\u201d, destacou o secret\u00e1rio.<\/p>\n<p>Tamb\u00e9m devem ser contemplados no portal  \u00edndices de acesso \u00e0 Justi\u00e7a, composto por dados sobre atendimentos e disponibilidade de servi\u00e7os da Defensoria, Minist\u00e9rio P\u00fablico, Judici\u00e1rio, em cada Unidade Federativa. Al\u00e9m de uma esp\u00e9cie de ranking sobre o aparelhamento do Judici\u00e1rio em cada estado. Ainda o or\u00e7amento da Justi\u00e7a, tamb\u00e9m em cada unidade da federa\u00e7\u00e3o ser\u00e1 divulgado pelo projeto.<\/p>\n<p>Apoio \u00e0 Defensoria \u2013 A presidente da ANADEP aproveitou a ocasi\u00e3o da assinatura do termo para conversar, ainda, com o secret\u00e1rio, buscando intensificar o fortalecimento \u00e0 pol\u00edtica associativa de di\u00e1logo permanente com membros do Executivo. Na pauta o debate em torno de temas de extremo interesse e import\u00e2ncia  para os Defensores P\u00fablicos, e caminhos para atendimento de demandas para amplia\u00e7\u00e3o dos servi\u00e7os da Defensoria no pa\u00eds.<\/p>\n<p><a href=\"http:\/\/www.anadep.org.br\/wtk\/pagina\/materia?id=17597\">http:\/\/www.anadep.org.br\/wtk\/pagina\/materia?id=17597<\/a><\/p>\n","protected":false},"excerpt":{"rendered":"<p>04\/06\/2013 &#8211; 10:00 Fonte: Ascom ANADEP Estado: DF A ANADEP, representada por sua presidente Patr\u00edcia Kettermann, firmou, nesta ter\u00e7a-feira (4), com a Secretaria Nacional de Reforma do Judici\u00e1rio do Minist\u00e9rio da Justi\u00e7a, um acordo de coopera\u00e7\u00e3o que vai oportunizar a cria\u00e7\u00e3o do Atlas de Acesso \u00e0 Justi\u00e7a. Trata-se de um projeto que pretende tornar acess\u00edvel [&hellip;]<\/p>\n","protected":false},"author":13,"featured_media":0,"comment_status":"open","ping_status":"closed","sticky":false,"template":"","format":"standard","meta":{"inline_featured_image":false,"footnotes":""},"categories":[1],"tags":[],"anos":[],"projetos":[],"autorias":[],"eixos_tematicos":[],"locais":[],"pessoas":[],"estado":[],"academia":[],"sociedade_civil":[],"class_list":["post-6161","post","type-post","status-publish","format-standard","hentry","category-noticias"],"_links":{"self":[{"href":"https:\/\/forumjustica.com.br\/en\/wp-json\/wp\/v2\/posts\/6161","targetHints":{"allow":["GET"]}}],"collection":[{"href":"https:\/\/forumjustica.com.br\/en\/wp-json\/wp\/v2\/posts"}],"about":[{"href":"https:\/\/forumjustica.com.br\/en\/wp-json\/wp\/v2\/types\/post"}],"author":[{"embeddable":true,"href":"https:\/\/forumjustica.com.br\/en\/wp-json\/wp\/v2\/users\/13"}],"replies":[{"embeddable":true,"href":"https:\/\/forumjustica.com.br\/en\/wp-json\/wp\/v2\/comments?post=6161"}],"version-history":[{"count":1,"href":"https:\/\/forumjustica.com.br\/en\/wp-json\/wp\/v2\/posts\/6161\/revisions"}],"predecessor-version":[{"id":17630,"href":"https:\/\/forumjustica.com.br\/en\/wp-json\/wp\/v2\/posts\/6161\/revisions\/17630"}],"wp:attachment":[{"href":"https:\/\/forumjustica.com.br\/en\/wp-json\/wp\/v2\/media?parent=6161"}],"wp:term":[{"taxonomy":"category","embeddable":true,"href":"https:\/\/forumjustica.com.br\/en\/wp-json\/wp\/v2\/categories?post=6161"},{"taxonomy":"post_tag","embeddable":true,"href":"https:\/\/forumjustica.com.br\/en\/wp-json\/wp\/v2\/tags?post=6161"},{"taxonomy":"anos","embeddable":true,"href":"https:\/\/forumjustica.com.br\/en\/wp-json\/wp\/v2\/anos?post=6161"},{"taxonomy":"projetos","embeddable":true,"href":"https:\/\/forumjustica.com.br\/en\/wp-json\/wp\/v2\/projetos?post=6161"},{"taxonomy":"autorias","embeddable":true,"href":"https:\/\/forumjustica.com.br\/en\/wp-json\/wp\/v2\/autorias?post=6161"},{"taxonomy":"eixos_tematicos","embeddable":true,"href":"https:\/\/forumjustica.com.br\/en\/wp-json\/wp\/v2\/eixos_tematicos?post=6161"},{"taxonomy":"locais","embeddable":true,"href":"https:\/\/forumjustica.com.br\/en\/wp-json\/wp\/v2\/locais?post=6161"},{"taxonomy":"pessoas","embeddable":true,"href":"https:\/\/forumjustica.com.br\/en\/wp-json\/wp\/v2\/pessoas?post=6161"},{"taxonomy":"estado","embeddable":true,"href":"https:\/\/forumjustica.com.br\/en\/wp-json\/wp\/v2\/estado?post=6161"},{"taxonomy":"academia","embeddable":true,"href":"https:\/\/forumjustica.com.br\/en\/wp-json\/wp\/v2\/academia?post=6161"},{"taxonomy":"sociedade_civil","embeddable":true,"href":"https:\/\/forumjustica.com.br\/en\/wp-json\/wp\/v2\/sociedade_civil?post=6161"}],"curies":[{"name":"wp","href":"https:\/\/api.w.org\/{rel}","templated":true}]}}