{"id":6178,"date":"2013-06-07T12:00:30","date_gmt":"2013-06-07T14:00:30","guid":{"rendered":"https:\/\/forumjustica.vlannetwork.com\/?p=6178"},"modified":"2022-09-04T21:16:16","modified_gmt":"2022-09-05T00:16:16","slug":"edicao-sobre-a-comissao-nacional-da-verdade-na-revista-juridica-da-presidencia","status":"publish","type":"post","link":"https:\/\/forumjustica.com.br\/en\/edicao-sobre-a-comissao-nacional-da-verdade-na-revista-juridica-da-presidencia\/","title":{"rendered":"Edi\u00e7\u00e3o sobre a Comiss\u00e3o Nacional da Verdade na Revista Jur\u00eddica da Presid\u00eancia"},"content":{"rendered":"<p><a href='https:\/\/www4.planalto.gov.br\/revistajuridica\/vol-15-n-105-edicao-especial-fev-mai-2013\/menu-vertical\/apresentacao\/rjp-105.pdf' >Clique aqui para acessar a publica\u00e7\u00e3o.<\/a><\/p>\n<p>Editorial &#8211; Edi\u00e7\u00e3o 105<\/p>\n<p>Cara leitora, caro leitor,<\/p>\n<p>No momento em que a Comiss\u00e3o Nacional da Verdade completa um ano de trabalhos realizados, a Revista Jur\u00eddica da Presid\u00eancia n\u00e3o poderia perder essa oportunidade de colaborar com os debates sobre a justi\u00e7a de transi\u00e7\u00e3o brasileira. Exatamente por isso, a chamada desta edi\u00e7\u00e3o, de n\u00famero 105, teve tema definido: a Comiss\u00e3o Nacional da Verdade (CNV). Nosso intuito foi o de conferir um espa\u00e7o para os membros da CNV, a sociedade e a academia participarem desse processo de reflex\u00e3o.<\/p>\n<p>Nesta edi\u00e7\u00e3o, como nossos convidados, contamos com a valorosa contribui\u00e7\u00e3o de um artigo sobre o direito \u00e0 verdade no Brasil de autoria do Coordenador da CNV, Paulo S\u00e9rgio Pinheiro, do Secret\u00e1rio-executivo da CNV, Pedro Helena Pontual Machado, e de Paula Karina Rodriguez Ballesteros, assessora da CNV.<\/p>\n<p>Da chamada p\u00fablica de trabalhos, recebemos tamb\u00e9m artigos de excelente qualidade que abarcaram uma multiplicidade de abordagens envolvendo a CNV. Laura Senra e Claudia Roesler, por exemplo, fizeram uma profunda pesquisa sobre a quest\u00e3o de g\u00eanero na justi\u00e7a de transi\u00e7\u00e3o brasileira, concedendo espa\u00e7o para essas vozes falarem sobre as viola\u00e7\u00f5es de Direitos Humanos. N\u00e3o menos importante foi a contribui\u00e7\u00e3o de Gustavo Miranda Antonio, ao apresentar a abertura conceitual da palavra reconcilia\u00e7\u00e3o e propor uma discuss\u00e3o sobre a sua aplica\u00e7\u00e3o \u00e0 realidade brasileira na CNV.<\/p>\n<p>Atestando o importante papel que est\u00e1 sendo desenvolvido pelas comiss\u00f5es da verdade nos estados brasileiros, Alexsandro Ribeiro do Nascimento apresentou alguns dos resultados da Comiss\u00e3o da Verdade de Pernambuco sobre os seus mortos e desaparecidos. J\u00e1 em uma perspectiva de direito comparado, Aleksander Aguilar Antunes e Juliana Vitorino fizeram interesante cotejo entre as comiss\u00f5es da verdade do Brasil e de El Salvador. Em pesquisa sobre a jurisprud\u00eancia do per\u00edodo da ditadura, P\u00e9rola Amaral Tiosso e M\u00e1rcio Barbosa Zerneri abordaram a import\u00e2ncia do habeas corpus na defesa dos presos pol\u00edticos. Renan Hon\u00f3rio Quinalha, por sua vez, fez pertinente rela\u00e7\u00e3o entre a teoria dos dois dem\u00f4nios e as defini\u00e7\u00f5es da CNV.<\/p>\n<p>Em um estudo sobre o direito \u00e0 verdade e a justi\u00e7a transicional em outros pa\u00edses, Margareth Vetis Zaganelli exp\u00f4s as principais caracter\u00edsticas e formatos das comiss\u00f5es da verdade. Ao defender a retomada, pelo povo, do seu lugar no Estado, Maria Celina Monteiro Gordilho desenvolveu estudo sobre o papel da sociedade civil nas defini\u00e7\u00f5es da CNV. Por fim, Ma\u00edsa Alves Rezende e M\u00e1rcia Teshima pesquisaram o direito \u00e0 verdade e \u00e0 mem\u00f3ria na atua\u00e7\u00e3o da Comiss\u00e3o da Verdade.<\/p>\n<p>Temos como certo que os trabalhos reunidos nesta edi\u00e7\u00e3o 105 da Revista Jur\u00eddica da Presid\u00eancia v\u00eam, neste momento em que a CNV apresenta um parcial balan\u00e7o de seus trabalhos (tomada de 268 depoimentos; recebimento de 101 pedidos de investiga\u00e7\u00e3o; 71 contribui\u00e7\u00f5es de material e 843 registros pela ouvidoria; e 15 audi\u00eancias p\u00fablicas), contribuir para os debates e a defini\u00e7\u00e3o dos rumos a serem trilhados pela CNV. Esperamos, com esta edi\u00e7\u00e3o, n\u00e3o s\u00f3 fomentar o debate na sociedade sobre o tema da justi\u00e7a de transi\u00e7\u00e3o brasileira, mas tamb\u00e9m contribuir com a importante tarefa que est\u00e1 sendo desenvolvida pela Comiss\u00e3o Nacional da Verdade.<\/p>\n<p>Finalmente, n\u00e3o podemos deixar de agradecer a todos os autores, pareceristas, bem como \u00e0 equipe do Centro de Estudos Jur\u00eddicos da Presid\u00eancia e da Subchefia para Assuntos Jur\u00eddicos da Casa Civil, pois sem a conjuga\u00e7\u00e3o de esfor\u00e7os, o que aqui apresentamos, resultado de intenso trabalho coletivo, n\u00e3o seria poss\u00edvel. Esperamos que todos aproveitem a leitura.<\/p>\n<p><a href=\"https:\/\/www4.planalto.gov.br\/revistajuridica\/vol-15-n-105-edicao-especial-fev-mai-2013\/menu-vertical\/apresentacao\">https:\/\/www4.planalto.gov.br\/revistajuridica\/vol-15-n-105-edicao-especial-fev-mai-2013\/menu-vertical\/apresentacao<\/a><\/p>\n","protected":false},"excerpt":{"rendered":"<p>Clique aqui para acessar a publica\u00e7\u00e3o. Editorial &#8211; Edi\u00e7\u00e3o 105 Cara leitora, caro leitor, No momento em que a Comiss\u00e3o Nacional da Verdade completa um ano de trabalhos realizados, a Revista Jur\u00eddica da Presid\u00eancia n\u00e3o poderia perder essa oportunidade de colaborar com os debates sobre a justi\u00e7a de transi\u00e7\u00e3o brasileira. Exatamente por isso, a chamada [&hellip;]<\/p>\n","protected":false},"author":13,"featured_media":0,"comment_status":"open","ping_status":"closed","sticky":false,"template":"","format":"standard","meta":{"inline_featured_image":false,"footnotes":""},"categories":[1],"tags":[],"anos":[],"projetos":[],"autorias":[],"eixos_tematicos":[],"locais":[],"pessoas":[],"estado":[],"academia":[],"sociedade_civil":[],"class_list":["post-6178","post","type-post","status-publish","format-standard","hentry","category-noticias"],"_links":{"self":[{"href":"https:\/\/forumjustica.com.br\/en\/wp-json\/wp\/v2\/posts\/6178","targetHints":{"allow":["GET"]}}],"collection":[{"href":"https:\/\/forumjustica.com.br\/en\/wp-json\/wp\/v2\/posts"}],"about":[{"href":"https:\/\/forumjustica.com.br\/en\/wp-json\/wp\/v2\/types\/post"}],"author":[{"embeddable":true,"href":"https:\/\/forumjustica.com.br\/en\/wp-json\/wp\/v2\/users\/13"}],"replies":[{"embeddable":true,"href":"https:\/\/forumjustica.com.br\/en\/wp-json\/wp\/v2\/comments?post=6178"}],"version-history":[{"count":1,"href":"https:\/\/forumjustica.com.br\/en\/wp-json\/wp\/v2\/posts\/6178\/revisions"}],"predecessor-version":[{"id":17629,"href":"https:\/\/forumjustica.com.br\/en\/wp-json\/wp\/v2\/posts\/6178\/revisions\/17629"}],"wp:attachment":[{"href":"https:\/\/forumjustica.com.br\/en\/wp-json\/wp\/v2\/media?parent=6178"}],"wp:term":[{"taxonomy":"category","embeddable":true,"href":"https:\/\/forumjustica.com.br\/en\/wp-json\/wp\/v2\/categories?post=6178"},{"taxonomy":"post_tag","embeddable":true,"href":"https:\/\/forumjustica.com.br\/en\/wp-json\/wp\/v2\/tags?post=6178"},{"taxonomy":"anos","embeddable":true,"href":"https:\/\/forumjustica.com.br\/en\/wp-json\/wp\/v2\/anos?post=6178"},{"taxonomy":"projetos","embeddable":true,"href":"https:\/\/forumjustica.com.br\/en\/wp-json\/wp\/v2\/projetos?post=6178"},{"taxonomy":"autorias","embeddable":true,"href":"https:\/\/forumjustica.com.br\/en\/wp-json\/wp\/v2\/autorias?post=6178"},{"taxonomy":"eixos_tematicos","embeddable":true,"href":"https:\/\/forumjustica.com.br\/en\/wp-json\/wp\/v2\/eixos_tematicos?post=6178"},{"taxonomy":"locais","embeddable":true,"href":"https:\/\/forumjustica.com.br\/en\/wp-json\/wp\/v2\/locais?post=6178"},{"taxonomy":"pessoas","embeddable":true,"href":"https:\/\/forumjustica.com.br\/en\/wp-json\/wp\/v2\/pessoas?post=6178"},{"taxonomy":"estado","embeddable":true,"href":"https:\/\/forumjustica.com.br\/en\/wp-json\/wp\/v2\/estado?post=6178"},{"taxonomy":"academia","embeddable":true,"href":"https:\/\/forumjustica.com.br\/en\/wp-json\/wp\/v2\/academia?post=6178"},{"taxonomy":"sociedade_civil","embeddable":true,"href":"https:\/\/forumjustica.com.br\/en\/wp-json\/wp\/v2\/sociedade_civil?post=6178"}],"curies":[{"name":"wp","href":"https:\/\/api.w.org\/{rel}","templated":true}]}}