{"id":6234,"date":"2013-06-11T12:00:12","date_gmt":"2013-06-11T14:00:12","guid":{"rendered":"https:\/\/forumjustica.vlannetwork.com\/?p=6234"},"modified":"2022-09-04T21:16:16","modified_gmt":"2022-09-05T00:16:16","slug":"assembleia-geral-da-oea-aprova-por-unanimidade-nova-resolucao-sobre-fortalecimento-da-defensoria-publica-no-continente","status":"publish","type":"post","link":"https:\/\/forumjustica.com.br\/en\/assembleia-geral-da-oea-aprova-por-unanimidade-nova-resolucao-sobre-fortalecimento-da-defensoria-publica-no-continente\/","title":{"rendered":"Assembleia Geral da OEA aprova por unanimidade nova Resolu\u00e7\u00e3o sobre fortalecimento da Defensoria P\u00fablica no continente"},"content":{"rendered":"<p>07\/06\/2013 &#8211; 12:33<br \/>\nFonte: Ascom ANADEP<br \/>\nEstado: DF<\/p>\n<p><a href=\"https:\/\/forumjustica.com.br\/wp-content\/uploads\/2013\/06\/anadep-onu.jpg\"><img loading=\"lazy\" decoding=\"async\" src=\"https:\/\/forumjustica.com.br\/wp-content\/uploads\/2013\/06\/anadep-onu.jpg\" alt=\"\" title=\"anadep onu\" width=\"350\" height=\"234\" class=\"aligncenter size-full wp-image-6238\" \/><\/a><\/p>\n<p>A Organiza\u00e7\u00e3o dos Estados Americanos (OEA) se reuniu na cidade de Antigua, na Guatemala, durante tr\u00eas dias nesta semana, para sua 43\u00aa Assembleia Geral. O evento, que ocorreu entre os dias 4 e 6, contou com a participa\u00e7\u00e3o de representantes de 35 pa\u00edses, incluindo tr\u00eas presidentes e 28 chanceleres dos pa\u00edses-membros da Organiza\u00e7\u00e3o. Durante a Assembleia, foi aprovada, por unanimidade, a nova Resolu\u00e7\u00e3o sobre fortalecimento da Defensoria P\u00fablica no Continente. Este j\u00e1 \u00e9 o terceiro documento aprovado pela OEA. Ele visa ampliar a autonomia das Defensorias P\u00fablicas como garantia de acesso \u00e0 justi\u00e7a e estimular a troca de experi\u00eancias e boas pr\u00e1ticas entre as Institui\u00e7\u00f5es.<\/p>\n<p>Entre as principais diretrizes da Resolu\u00e7\u00e3o, est\u00e3o: a obriga\u00e7\u00e3o de respeitar e garantir o exerc\u00edcio dos direitos reconhecidos nos tratados internacionais de que fazem parte e as leis nacionais, removendo os obst\u00e1culos que afetam ou limitar o acesso \u00e0 Defensoria P\u00fablica para garantir o livre e pleno acesso \u00e0 justi\u00e7a; o incentivo aos Estados que ainda n\u00e3o possuem a Institui\u00e7\u00e3o de defesa p\u00fablica; a defesa de independ\u00eancia e autonomia funcional dos Defensores P\u00fablicos; a promo\u00e7\u00e3o de oportunidades de coopera\u00e7\u00e3o internacional para o interc\u00e2mbio de experi\u00eancias e boas pr\u00e1ticas nesta \u00e1rea; a realiza\u00e7\u00e3o de uma segunda sess\u00e3o especial da Comiss\u00e3o de Assuntos Jur\u00eddicos e Pol\u00edticos da OEA sobre a troca de boas pr\u00e1ticas e experi\u00eancias geradas a partir da implementa\u00e7\u00e3o das resolu\u00e7\u00f5es AG \/ RES 2656 (XLI-O\/11) e AG \/ RES. 2714 (XLII-O\/12) no primeiro trimestre de 2014, com a presen\u00e7a dos Estados-Membros e as suas respectivas ag\u00eancias oficiais de assist\u00eancia jur\u00eddica, de membros da AIDEF, de especialistas, da sociedade civil e de organiza\u00e7\u00f5es internacionais; entre outros.<\/p>\n<p>Confira a \u00edntegra da Resolu\u00e7\u00e3o<a href=\"http:\/\/www.anadep.org.br\/wtksite\/cms\/conteudo\/17637\/OEA_-_Resoluci_n_2801_-_Autonomia_de_las_Defensor_as_P_blicas_como_garantia_de_acceso_a_la_Justicia.pdf\"> aqui. <\/a><\/p>\n<p>OEA se re\u00fane na Guatemala<\/p>\n<p>Com o tema \u201cUma Nova Pol\u00edtica Integral Frente ao Problema Mundial das Drogas nas Am\u00e9ricas\u201d, o secret\u00e1rio-geral da OEA, Jos\u00e9 Miguel Insulza, abriu os trabalhos e destacou a import\u00e2ncia de se discutir o assunto. \u201cA reuni\u00e3o estar\u00e1 centrada no consumo e tr\u00e1fico de drogas na regi\u00e3o, assim como nas estrat\u00e9gias para reduzir o problema\u201d, explicou.<\/p>\n<p>A OEA desenvolveu um estudo pr\u00e9vio sobre o tema, que foi entregue \u00e0 Col\u00f4mbia no \u00faltimo m\u00eas de abril. O relat\u00f3rio traz algumas alternativas que poder\u00e3o ser analisadas, entre elas, a descriminaliza\u00e7\u00e3o do consumo. Insulza defende que seja dado maior enfoque de sa\u00fade p\u00fablica ao tema. <a href=\"http:\/\/www.anadep.org.br\/wtk\/pagina\/materia?id=17632\">Leia na \u00edntegra.<\/a><\/p>\n<p>J\u00e1 na quarta-feira (5), foram aprovados temas da Conven\u00e7\u00e3o Interamericana contra o Racismo, a Discrimina\u00e7\u00e3o Racial e Formas Conexas de Intoler\u00e2ncia e da Conven\u00e7\u00e3o Interamericana contra Toda Forma de Discrimina\u00e7\u00e3o e Intoler\u00e2ncia. O presidente do Conselho Permanente da OEA e representante permanente do Panam\u00e1 na organiza\u00e7\u00e3o, Arturo Vallarino, lembrou que a negocia\u00e7\u00e3o em torno da elabora\u00e7\u00e3o dos documentos come\u00e7ou em 2000.  Detalhes dos documentos podem ser obtidos no site da OEA. <a href=\"http:\/\/www.anadep.org.br\/wtk\/pagina\/materia?id=17618\">Saiba mais.<\/a><\/p>\n<p>CIDH \u2013 Durante a reuni\u00e3o tamb\u00e9m foram eleitos tr\u00eas representantes para a Comiss\u00e3o Interamericana de Direitos Humanos (CIDH), da Organiza\u00e7\u00e3o dos Estados Americanos (OEA). O ex-ministro da Secretaria de Direitos Humanos (SDH) Paulo Vannuchi foi um dos eleitos. Os outros escolhidos foram: James Cavallaro (EUA) e Jos\u00e9 de Jes\u00fas Orozco Henr\u00edquez (M\u00e9xico). A CIDH \u00e9 formada por sete membros e \u00e9 uma das entidades do Sistema Interamericano de Prote\u00e7\u00e3o e Promo\u00e7\u00e3o dos Direitos Humanos (SIDH) nas Am\u00e9ricas. <a href=\"http:\/\/www.anadep.org.br\/wtk\/pagina\/materia?id=17631\">Leia na \u00edntegra no site da ANADEP. <\/a><\/p>\n<p>Paraguai \u2013 Ao final das plen\u00e1rias, ficou decidido que a 44 \u00aa Assembleia Geral da OEA ser\u00e1 realizada no Paraguai, de 3 a 5 de junho de 2014.<\/p>\n<p>O texto completo da Declara\u00e7\u00e3o de La Antigua Guatemala est\u00e1 dispon\u00edvel <a href=\"http:\/\/scm.oas.org\/ag\/documentos\/Index.htm#VolumenAP\">aqui.<\/a><\/p>","protected":false},"excerpt":{"rendered":"<p>07\/06\/2013 &#8211; 12:33 Fonte: Ascom ANADEP Estado: DF A Organiza\u00e7\u00e3o dos Estados Americanos (OEA) se reuniu na cidade de Antigua, na Guatemala, durante tr\u00eas dias nesta semana, para sua 43\u00aa Assembleia Geral. O evento, que ocorreu entre os dias 4 e 6, contou com a participa\u00e7\u00e3o de representantes de 35 pa\u00edses, incluindo tr\u00eas presidentes e [&hellip;]<\/p>\n","protected":false},"author":13,"featured_media":0,"comment_status":"open","ping_status":"closed","sticky":false,"template":"","format":"standard","meta":{"inline_featured_image":false,"footnotes":""},"categories":[1],"tags":[],"anos":[],"projetos":[],"autorias":[],"eixos_tematicos":[],"locais":[],"pessoas":[],"estado":[],"academia":[],"sociedade_civil":[],"class_list":["post-6234","post","type-post","status-publish","format-standard","hentry","category-noticias"],"_links":{"self":[{"href":"https:\/\/forumjustica.com.br\/en\/wp-json\/wp\/v2\/posts\/6234","targetHints":{"allow":["GET"]}}],"collection":[{"href":"https:\/\/forumjustica.com.br\/en\/wp-json\/wp\/v2\/posts"}],"about":[{"href":"https:\/\/forumjustica.com.br\/en\/wp-json\/wp\/v2\/types\/post"}],"author":[{"embeddable":true,"href":"https:\/\/forumjustica.com.br\/en\/wp-json\/wp\/v2\/users\/13"}],"replies":[{"embeddable":true,"href":"https:\/\/forumjustica.com.br\/en\/wp-json\/wp\/v2\/comments?post=6234"}],"version-history":[{"count":1,"href":"https:\/\/forumjustica.com.br\/en\/wp-json\/wp\/v2\/posts\/6234\/revisions"}],"predecessor-version":[{"id":17625,"href":"https:\/\/forumjustica.com.br\/en\/wp-json\/wp\/v2\/posts\/6234\/revisions\/17625"}],"wp:attachment":[{"href":"https:\/\/forumjustica.com.br\/en\/wp-json\/wp\/v2\/media?parent=6234"}],"wp:term":[{"taxonomy":"category","embeddable":true,"href":"https:\/\/forumjustica.com.br\/en\/wp-json\/wp\/v2\/categories?post=6234"},{"taxonomy":"post_tag","embeddable":true,"href":"https:\/\/forumjustica.com.br\/en\/wp-json\/wp\/v2\/tags?post=6234"},{"taxonomy":"anos","embeddable":true,"href":"https:\/\/forumjustica.com.br\/en\/wp-json\/wp\/v2\/anos?post=6234"},{"taxonomy":"projetos","embeddable":true,"href":"https:\/\/forumjustica.com.br\/en\/wp-json\/wp\/v2\/projetos?post=6234"},{"taxonomy":"autorias","embeddable":true,"href":"https:\/\/forumjustica.com.br\/en\/wp-json\/wp\/v2\/autorias?post=6234"},{"taxonomy":"eixos_tematicos","embeddable":true,"href":"https:\/\/forumjustica.com.br\/en\/wp-json\/wp\/v2\/eixos_tematicos?post=6234"},{"taxonomy":"locais","embeddable":true,"href":"https:\/\/forumjustica.com.br\/en\/wp-json\/wp\/v2\/locais?post=6234"},{"taxonomy":"pessoas","embeddable":true,"href":"https:\/\/forumjustica.com.br\/en\/wp-json\/wp\/v2\/pessoas?post=6234"},{"taxonomy":"estado","embeddable":true,"href":"https:\/\/forumjustica.com.br\/en\/wp-json\/wp\/v2\/estado?post=6234"},{"taxonomy":"academia","embeddable":true,"href":"https:\/\/forumjustica.com.br\/en\/wp-json\/wp\/v2\/academia?post=6234"},{"taxonomy":"sociedade_civil","embeddable":true,"href":"https:\/\/forumjustica.com.br\/en\/wp-json\/wp\/v2\/sociedade_civil?post=6234"}],"curies":[{"name":"wp","href":"https:\/\/api.w.org\/{rel}","templated":true}]}}