{"id":6261,"date":"2013-06-14T12:00:03","date_gmt":"2013-06-14T14:00:03","guid":{"rendered":"https:\/\/forumjustica.vlannetwork.com\/?p=6261"},"modified":"2022-09-04T21:16:16","modified_gmt":"2022-09-05T00:16:16","slug":"nota-publica-sobre-a-reducao-da-maioridade-penal","status":"publish","type":"post","link":"https:\/\/forumjustica.com.br\/en\/nota-publica-sobre-a-reducao-da-maioridade-penal\/","title":{"rendered":"NOTA P\u00daBLICA SOBRE A REDU\u00c7\u00c3O DA MAIORIDADE PENAL"},"content":{"rendered":"<p><a href=\"https:\/\/forumjustica.com.br\/wp-content\/uploads\/2013\/06\/logo-conanda.jpg\"><img loading=\"lazy\" decoding=\"async\" src=\"https:\/\/forumjustica.com.br\/wp-content\/uploads\/2013\/06\/logo-conanda.jpg\" alt=\"\" title=\"logo conanda\" width=\"413\" height=\"122\" class=\"aligncenter size-full wp-image-6262\" \/><\/a><\/p>\n<p>Em cumprimento \u00e0 sua miss\u00e3o de garantir e defender os direitos humanos de crian\u00e7as e adolescentes, o Conselho Nacional dos Direitos da Crian\u00e7a e do Adolescente \u2013 Conanda vem, por<br \/>\nmeio da presente Nota P\u00fablica, manifestar rep\u00fadio \u00e0s recentes iniciativas por parte de diferentes grupos do Estado e da sociedade no sentido de propor a REDU\u00c7\u00c3O DA MAIORIDADE PENAL, com base no que segue:<\/p>\n<p>Considerando o disposto no artigo 37-b, da Conven\u00e7\u00e3o Internacional Sobre os Direitos da<br \/>\nCrian\u00e7a de 1989, que assegura que nenhuma crian\u00e7a ou adolescente ser\u00e1 privado de sua liberdade de forma ilegal ou arbitr\u00e1ria;<\/p>\n<p>Considerando o disposto no artigo 1\u00ba da Constitui\u00e7\u00e3o da Rep\u00fablica Federativa do Brasil de 1988 que estabelece o princ\u00edpio da dignidade da pessoa humana;<\/p>\n<p>Considerando o disposto no artigo 5\u00ba, incisos LIV e LXI da Constitui\u00e7\u00e3o da Rep\u00fablica Federativa do Brasil de 1988, que versa sobre os direitos e garantias individuais &#8211; especialmente a liberdade;<\/p>\n<p>Considerando o disposto no artigo 227 da Constitui\u00e7\u00e3o da Rep\u00fablica Federativa do Brasil de 1988, que consagra a prote\u00e7\u00e3o integral \u00e0 crian\u00e7a e ao adolescente com prioridade absoluta;<\/p>\n<p>Considerando o disposto no artigo 228 da Constitui\u00e7\u00e3o da Rep\u00fablica Federativa do Brasil de 1988, que define como cl\u00e1usula p\u00e9trea a inimputabilidade dos cidad\u00e3os at\u00e9 18 anos de idade, garantindo-lhes tratamento de legisla\u00e7\u00e3o especial;<\/p>\n<p>Considerando o disposto nos artigos 3\u00ba, 5\u00ba, 15, 16, 17 e 18 da Lei 8.069\/90 \u2013 Estatuto da Crian\u00e7a e do Adolescente, que versam sobre os direitos fundamentais de crian\u00e7as e adolescentes, destacando-se &#8211; mas sem preju\u00edzo dos demais &#8211; os direitos \u00e0 liberdade e \u00e0 sa\u00fade;<\/p>\n<p>Considerado o disposto no artigo 88, inciso II, da Lei 8.069\/90 \u2013 Estatuto da Crian\u00e7a e do Adolescente, que define os conselhos dos direitos da crian\u00e7a e do adolescente como os \u00f3rg\u00e3os respons\u00e1veis pela constru\u00e7\u00e3o, delibera\u00e7\u00e3o e controle das pol\u00edticas p\u00fablicas de prote\u00e7\u00e3o \u00e0 crian\u00e7a e ao adolescente em todos os n\u00edveis;<\/p>\n<p>Considerando o disposto na Resolu\u00e7\u00e3o 113 do CONANDA, que versa sobre o Sistema de Garantia dos Direitos da Crian\u00e7a e do Adolescente;<\/p>\n<p>Considerando que, ao contr\u00e1rio do que se propaga, a atual legisla\u00e7\u00e3o j\u00e1 responsabiliza os adolescentes a partir dos 12 anos de idade que praticam ato infracional por meio da aplica\u00e7\u00e3o das medidas socioeducativas, conforme o disposto no Estatuto da Crian\u00e7a e do Adolescente.<\/p>\n<p>Considerando o disposto na Lei 12.594\/2012 que institui o Sistema Nacional de Atendimento Socioeducativo \u2013 Sinase e regulamenta a execu\u00e7\u00e3o das medidas socioeducativas destinadas a adolescentes que pratiquem ato infracional;<\/p>\n<p>Considerando que a eventual redu\u00e7\u00e3o da maioridade penal exporia adolescentes \u00e0 conviv\u00eancia<br \/>\ncom adultos no sistema penitenci\u00e1rio, aumentando sobremaneira sua vulnerabilidade e agravando o atual quadro de viol\u00eancia;<\/p>\n<p>Considerando que menos de 1% dos crimes de latroc\u00ednio e homic\u00eddios s\u00e3o cometidos por adolescentes, o que refuta a alega\u00e7\u00e3o de que diminuir a maioridade penal contribuiria para a redu\u00e7\u00e3o da criminalidade e viol\u00eancia;<\/p>\n<p>Considerando que os adolescentes em conflito com a lei, em sua maioria, s\u00e3o anteriormente v\u00edtimas de viola\u00e7\u00f5es de seus direitos humanos pela a\u00e7\u00e3o ou omiss\u00e3o do Estado, da sociedade, da comunidade e da fam\u00edlia;<\/p>\n<p>Considerando finalmente que reduzir a idade penal viola a Constitui\u00e7\u00e3o Federal, a Conven\u00e7\u00e3o dos Direitos da Crian\u00e7a, as regras m\u00ednimas de Beijing, as Diretrizes para a Preven\u00e7\u00e3o da Delinqu\u00eancia Juvenil, as Regras M\u00ednimas para a Prote\u00e7\u00e3o dos Menores de Liberdade (Regra de Riad), o Pacto de San Jose da Costa Rica e o Estatuto da Crian\u00e7a e do Adolescente;<\/p>\n<p>O CONANDA:<\/p>\n<p>1. Reafirma seu posicionamento contr\u00e1rio a qualquer projeto de Emenda \u00e0 Constitui\u00e7\u00e3o ou Projeto de Lei que vise \u00e0 redu\u00e7\u00e3o da maioridade penal.<\/p>\n<p>2. Reafirma tamb\u00e9m a necessidade de garantir pol\u00edticas p\u00fablicas e sociais com prioridade absoluta para a efetividade no processo de reinser\u00e7\u00e3o social dos adolescentes em conflito<br \/>\ncom a lei.<\/p>\n<p>3. Reafirma a import\u00e2ncia de uma abordagem sist\u00eamica do problema da viol\u00eancia no Pa\u00eds, que supere as vis\u00f5es simplistas e n\u00e3o fundamentadas que atribuem aos adolescentes a culpa pelo aumento da criminalidade.<\/p>\n<p>4. Reafirma a necessidade de que os gestores p\u00fablicos municipais, estaduais e federais, bem como os parlamentares, sejam responsabilizados pela aus\u00eancia de efetividade das normas e das pol\u00edticas p\u00fablicas protetivas \u00e0s crian\u00e7as e aos adolescentes.<\/p>\n<p>5. Reafirma a necessidade do Estado, da sociedade, da comunidade e da fam\u00edlia assumirem seu dever e responsabilidade pela promo\u00e7\u00e3o e prote\u00e7\u00e3o com prioridade absoluta dos direitos das crian\u00e7as e adolescentes, como forma de preven\u00e7\u00e3o aos diversos problemas<br \/>\nsociais existentes, inclusive a viol\u00eancia e a criminalidade.<\/p>\n<p>Bras\u00edlia, 05 de junho de 2013.<\/p>\n<p>CONSELHO NACIONAL DOS DIREITOS DA CRIAN\u00c7A E DO ADOLESCENTE<br \/>\nCONANDA<\/p>","protected":false},"excerpt":{"rendered":"<p>Em cumprimento \u00e0 sua miss\u00e3o de garantir e defender os direitos humanos de crian\u00e7as e adolescentes, o Conselho Nacional dos Direitos da Crian\u00e7a e do Adolescente \u2013 Conanda vem, por meio da presente Nota P\u00fablica, manifestar rep\u00fadio \u00e0s recentes iniciativas por parte de diferentes grupos do Estado e da sociedade no sentido de propor a [&hellip;]<\/p>\n","protected":false},"author":13,"featured_media":0,"comment_status":"open","ping_status":"closed","sticky":false,"template":"","format":"standard","meta":{"inline_featured_image":false,"footnotes":""},"categories":[1],"tags":[],"anos":[],"projetos":[],"autorias":[],"eixos_tematicos":[],"locais":[],"pessoas":[],"estado":[],"academia":[],"sociedade_civil":[],"class_list":["post-6261","post","type-post","status-publish","format-standard","hentry","category-noticias"],"_links":{"self":[{"href":"https:\/\/forumjustica.com.br\/en\/wp-json\/wp\/v2\/posts\/6261","targetHints":{"allow":["GET"]}}],"collection":[{"href":"https:\/\/forumjustica.com.br\/en\/wp-json\/wp\/v2\/posts"}],"about":[{"href":"https:\/\/forumjustica.com.br\/en\/wp-json\/wp\/v2\/types\/post"}],"author":[{"embeddable":true,"href":"https:\/\/forumjustica.com.br\/en\/wp-json\/wp\/v2\/users\/13"}],"replies":[{"embeddable":true,"href":"https:\/\/forumjustica.com.br\/en\/wp-json\/wp\/v2\/comments?post=6261"}],"version-history":[{"count":1,"href":"https:\/\/forumjustica.com.br\/en\/wp-json\/wp\/v2\/posts\/6261\/revisions"}],"predecessor-version":[{"id":17618,"href":"https:\/\/forumjustica.com.br\/en\/wp-json\/wp\/v2\/posts\/6261\/revisions\/17618"}],"wp:attachment":[{"href":"https:\/\/forumjustica.com.br\/en\/wp-json\/wp\/v2\/media?parent=6261"}],"wp:term":[{"taxonomy":"category","embeddable":true,"href":"https:\/\/forumjustica.com.br\/en\/wp-json\/wp\/v2\/categories?post=6261"},{"taxonomy":"post_tag","embeddable":true,"href":"https:\/\/forumjustica.com.br\/en\/wp-json\/wp\/v2\/tags?post=6261"},{"taxonomy":"anos","embeddable":true,"href":"https:\/\/forumjustica.com.br\/en\/wp-json\/wp\/v2\/anos?post=6261"},{"taxonomy":"projetos","embeddable":true,"href":"https:\/\/forumjustica.com.br\/en\/wp-json\/wp\/v2\/projetos?post=6261"},{"taxonomy":"autorias","embeddable":true,"href":"https:\/\/forumjustica.com.br\/en\/wp-json\/wp\/v2\/autorias?post=6261"},{"taxonomy":"eixos_tematicos","embeddable":true,"href":"https:\/\/forumjustica.com.br\/en\/wp-json\/wp\/v2\/eixos_tematicos?post=6261"},{"taxonomy":"locais","embeddable":true,"href":"https:\/\/forumjustica.com.br\/en\/wp-json\/wp\/v2\/locais?post=6261"},{"taxonomy":"pessoas","embeddable":true,"href":"https:\/\/forumjustica.com.br\/en\/wp-json\/wp\/v2\/pessoas?post=6261"},{"taxonomy":"estado","embeddable":true,"href":"https:\/\/forumjustica.com.br\/en\/wp-json\/wp\/v2\/estado?post=6261"},{"taxonomy":"academia","embeddable":true,"href":"https:\/\/forumjustica.com.br\/en\/wp-json\/wp\/v2\/academia?post=6261"},{"taxonomy":"sociedade_civil","embeddable":true,"href":"https:\/\/forumjustica.com.br\/en\/wp-json\/wp\/v2\/sociedade_civil?post=6261"}],"curies":[{"name":"wp","href":"https:\/\/api.w.org\/{rel}","templated":true}]}}