{"id":6268,"date":"2013-06-14T12:00:07","date_gmt":"2013-06-14T14:00:07","guid":{"rendered":"https:\/\/forumjustica.vlannetwork.com\/?p=6268"},"modified":"2022-09-04T21:16:16","modified_gmt":"2022-09-05T00:16:16","slug":"cartografia-com-criancas-da-vila-autodromo-minha-vida-na-vila","status":"publish","type":"post","link":"https:\/\/forumjustica.com.br\/en\/cartografia-com-criancas-da-vila-autodromo-minha-vida-na-vila\/","title":{"rendered":"Cartografia com crian\u00e7as da Vila Aut\u00f3dromo &#8211; Minha Vida na Vila"},"content":{"rendered":"<p><a href=\"https:\/\/forumjustica.com.br\/wp-content\/uploads\/2013\/06\/CARTOGRAFIA-VILA-AUT\u00d3DROMO.png\"><img loading=\"lazy\" decoding=\"async\" src=\"https:\/\/forumjustica.com.br\/wp-content\/uploads\/2013\/06\/CARTOGRAFIA-VILA-AUT\u00d3DROMO.png\" alt=\"\" title=\"CARTOGRAFIA VILA AUT\u00d3DROMO\" width=\"567\" height=\"797\" class=\"aligncenter size-full wp-image-6269\" \/><\/a><\/p>\n<p><strong>Onde? Av. Embaixador Abelardo Bueno, 16 (Na altura do port\u00e3o 10 do antigo Aut\u00f3dromo). A atividade ser\u00e1 realizada no parquinho em frente \u00e0 Associa\u00e7\u00e3o de Moradores. <\/strong><\/p>\n<p><strong>O que \u00e9 projeto?<br \/>\n<\/strong><br \/>\nEste mapa afetivo \u00e9 um produto do Laborat\u00f3rio de Cartografia  com  crian\u00e7as da Vila Aut\u00f3dromo, que teve como objetivo reconhecer a comunidade enquanto um espa\u00e7o vivido, atrav\u00e9s do olhar daqueles que habitam e aproveitam intensamente o lugar,  da forma mais l\u00fadica poss\u00edvel: as crian\u00e7as.<\/p>\n<p>O trabalho foi desenvolvido a partir de encontros realizados na  Vila Aut\u00f3dromo ao longo do primeiro semestre de 2012. A id\u00e9ia era saber das crian\u00e7as quais os lugares mais legais, mais interessantes, mais amedrontadores, mais divertidos da comunidade. A partir da conversa fizemos dois grandes mapas, botando no papel diferentes formas de representar a vida em Vila Aut\u00f3dromo e a delicadeza das rela\u00e7\u00f5es que acontecem nestes espa\u00e7os.<\/p>\n<p>Em seguida, utilizando recursos audiovisuais, estes espa\u00e7os foram registrados a partir de uma deriva conduzida pelas crian\u00e7as. Tiramos fotografias, filmamos e gravamos \u00e1udios desse delicioso passeio atrav\u00e9s das ruas da Vila Aut\u00f3dromo.<\/p>\n<p>O olhar das crian\u00e7as sobre o lugar chama aten\u00e7\u00e3o para outras perspectivas sobre a comunidade que, diante da tens\u00e3o atual (grave amea\u00e7a de remo\u00e7\u00e3o),  passam quase como desapercebidas.  Esta perspectiva representa uma contraposi\u00e7\u00e3o \u00e0 vis\u00e3o da comunidade como apenas um conjunto de casas, pass\u00edvel de substitui\u00e7\u00e3o, que embasa a perspectiva da remo\u00e7\u00e3o.<\/p>\n<p>O ponto de vista infantil sobre viv\u00eancia cotidiana local mostra como se formam la\u00e7os afetivos com o lugar e as pessoas que est\u00e3o intimamente ligados ao espa\u00e7o da Vila Aut\u00f3dromo. A sombra da \u00e1rvore em frente ao Bar do Cleber, os mutir\u00f5es de limpeza do canal, a conviv\u00eancia com os vizinhos, as brincadeiras na rua, os bichos, a lagoa. A intera\u00e7\u00e3o dos moradores com esses  lugares e entre si atribuem a esse espa\u00e7o f\u00edsico uma riqueza imaterial &#8211; cultural, hist\u00f3rica e social, que esse projeto de cartografia busca, dentro das suas limita\u00e7\u00f5es, retratar.<\/p>\n<p><strong> Sobre a Vila Aut\u00f3dromo:<br \/>\n  <\/strong><br \/>\n A comunidade Vila Aut\u00f3dromo fica no bairro de Jacarepagu\u00e1, onde vivem de 500 fam\u00edlias de baixa renda, h\u00e1 mais de 20 anos. A ocupa\u00e7\u00e3o foi iniciada em meados da d\u00e9cada de 1980, e, em 1989, outras fam\u00edlias oriundas da Comunidade Cardoso Fontes foram assentadas no local.  Diferentemente de outras comunidades carentes da cidade, a \u00e1rea est\u00e1 demarcada como AEIS (\u00e1rea de especial interesse social) e parte dos moradores da Vila Aut\u00f3dromo possui o t\u00edtulo de Concess\u00e3o de Direito Real de Uso expedido pelo ex-governador Leonel Brizola em 1998, o que vem dificultando as tentativas de remo\u00e7\u00e3o.<\/p>\n<p> A \u00e1rea \u00e9 cobi\u00e7ada pelos grupos imobili\u00e1rios e da constru\u00e7\u00e3o civil devido \u00e0 crescente valoriza\u00e7\u00e3o imobili\u00e1ria da regi\u00e3o nos \u00faltimos anos, seja por estar situada no entorno da Lagoa de Jacarepagu\u00e1 e da praia do Recreio, seja pelos lan\u00e7amentos imobili\u00e1rios destinados \u00e0s classes m\u00e9dia e alta, e ainda pelos grandes projetos culturais e esportivos realizados e projetados para a regi\u00e3o.<\/p>\n<p>A comunidade tem um hist\u00f3rico de resist\u00eancia popular contra as tentativas de remo\u00e7\u00e3o promovidas pelo poder p\u00fablico desde a d\u00e9cada de 1990. V\u00e1rios j\u00e1 foram os motivos apresentados para remover os moradores, nenhum deles consistente. Atualmente as amea\u00e7as de remo\u00e7\u00e3o ganham uma nova dimens\u00e3o no contexto do projeto de prepara\u00e7\u00e3o dos Jogos Ol\u00edmpicos. A comunidade foi informada oficialmente de que a Prefeitura pretende remov\u00ea-la para viabilizar a constru\u00e7\u00e3o de instala\u00e7\u00f5es esportivas atrav\u00e9s de PPP &#8211; Parceria P\u00fablico-Privada, onde a utiliza\u00e7\u00e3o privada de terra urbana abundante para a promo\u00e7\u00e3o de novos lan\u00e7amentos imobili\u00e1rios seria um dos v\u00e1rios benef\u00edcios para atrair a participa\u00e7\u00e3o dos grupos privados. Ou seja, a retirada de uma comunidade de baixa renda, consolidada, tem sido colocada como priorit\u00e1ria pela Prefeitura Municipal do Rio de Janeiro para viabilizar mais um projeto de mercantiliza\u00e7\u00e3o da cidade. Para os moradores estaria reservado um empreendimento do Programa Minha Casa Minha Vida pr\u00f3ximo \u00e0 comunidade. O projeto era cadastrar as fam\u00edlias e remov\u00ea-las ainda em outubro de 2011. Enquanto as unidades habitacionais n\u00e3o estivessem conclu\u00eddas, as fam\u00edlias receberiam aluguel social da Prefeitura. O cadastro das fam\u00edlias foi iniciado. Entretanto, ap\u00f3s den\u00fancias de que o terreno no valor de quase 20 milh\u00f5es de reais, destinado ao reassentamento, era de propriedade de doador de campanha do prefeito Eduardo Paes, a Prefeitura cancelou sua aquisi\u00e7\u00e3o.<\/p>\n<p>Quando lan\u00e7ado o edital para a licita\u00e7\u00e3o da PPP do Parque Ol\u00edmpico, os moradores, em conjunto com a Defensoria P\u00fablica do Estado, conseguiram obter uma liminar de suspens\u00e3o da mesma, at\u00e9 que a prefeitura esclarecesse que o direito \u00e0 moradia das fam\u00edlias da Vila Aut\u00f3dromo estaria garantido. Desmentindo informa\u00e7\u00f5es que a pr\u00f3pria prefeitura havia dado anteriormente, a procuradoria do munic\u00edpio, em resposta, afirmou que a remo\u00e7\u00e3o da comunidade n\u00e3o seria em fun\u00e7\u00e3o do Parque Ol\u00edmpico, mas das obras de mobilidade previstas para a regi\u00e3o, da Transcarioca e Transol\u00edmpica, que cortariam a \u00e1rea. Estudos t\u00e9cnicos elaborados e divulgados pela prefeitura tamb\u00e9m n\u00e3o confirmam a informa\u00e7\u00e3o, j\u00e1 que as vias no m\u00e1ximo tangenciam a \u00e1rea, sem implicar na necessidade de remo\u00e7\u00e3o. As informa\u00e7\u00f5es contradit\u00f3rias cada vez mais confirmam a hip\u00f3tese de que a principal motiva\u00e7\u00e3o para a remo\u00e7\u00e3o \u00e9 o interesse imobili\u00e1rio.<\/p>\n<p>Sendo assim, os moradores em conjunto com o ETTERN\/IPPUR\/UFRJ e NEPHU\/UFF, elaboraram um projeto de urbaniza\u00e7\u00e3o que demonstra a viabilidade da regulariza\u00e7\u00e3o fundi\u00e1ria para toda a comunidade e sua compatibilidade com a implanta\u00e7\u00e3o dos equipamentos esportivos e obras de mobilidade urbana. Tal projeto representa um grande avan\u00e7o do ponto de vista da diretriz presente no Estatuto da Cidade, qual seja o Princ\u00edpio da Gest\u00e3o Democr\u00e1tica da Cidade, uma vez que o Plano Popular de Urbaniza\u00e7\u00e3o da Vila Aut\u00f3dromo foi elaborado em conjunto com os moradores e levando em considera\u00e7\u00e3o suas demandas concretas, al\u00e9m de demonstrar a viabilidade da regulariza\u00e7\u00e3o com custo mais baixo aos cofres p\u00fablicos do que a remo\u00e7\u00e3o da comunidade. No entanto, ao apresentarem o Plano ao Prefeito da cidade, os moradores n\u00e3o obtiveram resposta sobre a inten\u00e7\u00e3o de utiliz\u00e1-lo ou n\u00e3o.<\/p>\n<p>Atualmente a comunidade vive grande press\u00e3o por parte da Prefeitura, que tenta convencer os moradores a aceitarem a proposta de reassentamento em um condom\u00ednio do Minha Casa, Minha Vida que n\u00e3o reproduz em nada a vida na comunidade. Al\u00e9m de ser de acesso mais dif\u00edcil e das unidades serem muito pequenas, os moradores seriam obrigados a assumir d\u00edvidas.<\/p>\n<p>Fontes:<br \/>\nhttp:\/\/comitepopulario.files.wordpress.com\/2012\/08\/planopopularvilaautodromo.pdf<br \/>\nhttp:\/\/comitepopulario.files.wordpress.com\/2012\/04\/dossic3aa-megaeventos-e-violac3a7c3b5es-dos-direitos-humanos-no-rio-de-janeiro.pdf<\/p>\n<p>Cartografia Afetiva<\/p>\n<p>Suely Rolnik, em seu artigo &#8220;CARTOGRAFIA ou de como pensar com o corpo vibr\u00e1til &#8220;, define a cartografia sentimental ou afetiva em contraponto a cartografia georeferenciada, que \u00e9 mais est\u00e1tica e define apenas caracter\u00edsticas territoriais, ou seja, a representa\u00e7\u00e3o de um todo est\u00e1tico. A cartografia afetiva, por sua vez, tem a ver com paisagens que se criam para expressar afetos, as rela\u00e7\u00f5es din\u00e2micas entre as pessoas que vivem em territ\u00f3rios delimitados. S\u00e3o  as paisagens psicossociais. <\/p>","protected":false},"excerpt":{"rendered":"<p>Onde? Av. Embaixador Abelardo Bueno, 16 (Na altura do port\u00e3o 10 do antigo Aut\u00f3dromo). A atividade ser\u00e1 realizada no parquinho em frente \u00e0 Associa\u00e7\u00e3o de Moradores. O que \u00e9 projeto? Este mapa afetivo \u00e9 um produto do Laborat\u00f3rio de Cartografia com crian\u00e7as da Vila Aut\u00f3dromo, que teve como objetivo reconhecer a comunidade enquanto um espa\u00e7o [&hellip;]<\/p>\n","protected":false},"author":13,"featured_media":0,"comment_status":"open","ping_status":"closed","sticky":false,"template":"","format":"standard","meta":{"inline_featured_image":false,"footnotes":""},"categories":[1],"tags":[],"anos":[],"projetos":[],"autorias":[],"eixos_tematicos":[],"locais":[],"pessoas":[],"estado":[],"academia":[],"sociedade_civil":[],"class_list":["post-6268","post","type-post","status-publish","format-standard","hentry","category-noticias"],"_links":{"self":[{"href":"https:\/\/forumjustica.com.br\/en\/wp-json\/wp\/v2\/posts\/6268","targetHints":{"allow":["GET"]}}],"collection":[{"href":"https:\/\/forumjustica.com.br\/en\/wp-json\/wp\/v2\/posts"}],"about":[{"href":"https:\/\/forumjustica.com.br\/en\/wp-json\/wp\/v2\/types\/post"}],"author":[{"embeddable":true,"href":"https:\/\/forumjustica.com.br\/en\/wp-json\/wp\/v2\/users\/13"}],"replies":[{"embeddable":true,"href":"https:\/\/forumjustica.com.br\/en\/wp-json\/wp\/v2\/comments?post=6268"}],"version-history":[{"count":1,"href":"https:\/\/forumjustica.com.br\/en\/wp-json\/wp\/v2\/posts\/6268\/revisions"}],"predecessor-version":[{"id":17617,"href":"https:\/\/forumjustica.com.br\/en\/wp-json\/wp\/v2\/posts\/6268\/revisions\/17617"}],"wp:attachment":[{"href":"https:\/\/forumjustica.com.br\/en\/wp-json\/wp\/v2\/media?parent=6268"}],"wp:term":[{"taxonomy":"category","embeddable":true,"href":"https:\/\/forumjustica.com.br\/en\/wp-json\/wp\/v2\/categories?post=6268"},{"taxonomy":"post_tag","embeddable":true,"href":"https:\/\/forumjustica.com.br\/en\/wp-json\/wp\/v2\/tags?post=6268"},{"taxonomy":"anos","embeddable":true,"href":"https:\/\/forumjustica.com.br\/en\/wp-json\/wp\/v2\/anos?post=6268"},{"taxonomy":"projetos","embeddable":true,"href":"https:\/\/forumjustica.com.br\/en\/wp-json\/wp\/v2\/projetos?post=6268"},{"taxonomy":"autorias","embeddable":true,"href":"https:\/\/forumjustica.com.br\/en\/wp-json\/wp\/v2\/autorias?post=6268"},{"taxonomy":"eixos_tematicos","embeddable":true,"href":"https:\/\/forumjustica.com.br\/en\/wp-json\/wp\/v2\/eixos_tematicos?post=6268"},{"taxonomy":"locais","embeddable":true,"href":"https:\/\/forumjustica.com.br\/en\/wp-json\/wp\/v2\/locais?post=6268"},{"taxonomy":"pessoas","embeddable":true,"href":"https:\/\/forumjustica.com.br\/en\/wp-json\/wp\/v2\/pessoas?post=6268"},{"taxonomy":"estado","embeddable":true,"href":"https:\/\/forumjustica.com.br\/en\/wp-json\/wp\/v2\/estado?post=6268"},{"taxonomy":"academia","embeddable":true,"href":"https:\/\/forumjustica.com.br\/en\/wp-json\/wp\/v2\/academia?post=6268"},{"taxonomy":"sociedade_civil","embeddable":true,"href":"https:\/\/forumjustica.com.br\/en\/wp-json\/wp\/v2\/sociedade_civil?post=6268"}],"curies":[{"name":"wp","href":"https:\/\/api.w.org\/{rel}","templated":true}]}}