{"id":6276,"date":"2013-06-13T17:30:59","date_gmt":"2013-06-13T19:30:59","guid":{"rendered":"https:\/\/forumjustica.vlannetwork.com\/?p=6276"},"modified":"2022-09-04T21:16:16","modified_gmt":"2022-09-05T00:16:16","slug":"copa-popular-contra-as-remocoes-sabado-156-a-partir-das-9h","status":"publish","type":"post","link":"https:\/\/forumjustica.com.br\/en\/copa-popular-contra-as-remocoes-sabado-156-a-partir-das-9h\/","title":{"rendered":"COPA POPULAR CONTRA AS REMO\u00c7\u00d5ES! S\u00e1bado, 15\/6, a partir das 9h."},"content":{"rendered":"<p><a href=\"https:\/\/forumjustica.com.br\/wp-content\/uploads\/2013\/06\/COPA-POPULAR.jpg\"><img loading=\"lazy\" decoding=\"async\" src=\"https:\/\/forumjustica.com.br\/wp-content\/uploads\/2013\/06\/COPA-POPULAR-234x300-1.jpg\" alt=\"\" title=\"COPA POPULAR\" width=\"234\" height=\"300\" class=\"aligncenter size-medium wp-image-6277\" \/><\/a><br \/>\nNo pr\u00f3ximo s\u00e1bado (15), quando ter\u00e1 in\u00edcio a Copa das Confedera\u00e7\u00f5es no Brasil, uma outra copa estar\u00e1 acontecendo no Rio de Janeiro, a Copa Popular Contra as Remo\u00e7\u00f5es! Um campeonato que quer promover a integra\u00e7\u00e3o das comunidades amea\u00e7adas por esse projeto de cidade que exclui a popula\u00e7\u00e3o de baixa renda do Rio de Janeiro.<\/p>\n<p>Provid\u00eancia, Santa Marta, Salgueiro, Indiana, Muzema, Vila Aut\u00f3dromo, Vila Recreio II e muitas outras comunidades estar\u00e3o presentes! Os jogos come\u00e7am \u00e0s 9h. Chega mais!<\/p>\n<p>No dia vai ser lan\u00e7ado o saci como Mascote Popular da Copa! O saci \u00e9 copyleft, vai poder ser vendido nos mercados populares e pelos ambulantes.<\/p>\n<p>A partir das 17h, haver\u00e1 uma festa junina no mesmo local. Quilombo da Gamboa foi o nome escolhido pelos futuros moradores do conjunto que ser\u00e1 constru\u00eddo na zona portu\u00e1ria, bem no centro da dita revitaliza\u00e7\u00e3o do Porto Maravilha, em frente \u00e0 Cidade do Samba. Local conquistado com muita luta e mobiliza\u00e7\u00e3o e que ser\u00e1 palco da Copa Popular!<\/p>\n<p>Servi\u00e7o<\/p>\n<p>Quando: S\u00e1bado, dia 15\/6, a partir das 9h<br \/>\nLocal: Quilombo da Gamboa \u2013 Rua da Gamboa 345, Gamboa \u2013 Rio de Janeiro (mapa aqui: <a href=\"http:\/\/goo.gl\/maps\/WQQz8\">http:\/\/goo.gl\/maps\/WQQz8<\/a>)<\/p>\n<p>Evento no Facebook: <a href=\"https:\/\/www.facebook.com\/events\/354614781332029\/\">https:\/\/www.facebook.com\/events\/354614781332029\/<\/a><\/p>","protected":false},"excerpt":{"rendered":"<p>No pr\u00f3ximo s\u00e1bado (15), quando ter\u00e1 in\u00edcio a Copa das Confedera\u00e7\u00f5es no Brasil, uma outra copa estar\u00e1 acontecendo no Rio de Janeiro, a Copa Popular Contra as Remo\u00e7\u00f5es! Um campeonato que quer promover a integra\u00e7\u00e3o das comunidades amea\u00e7adas por esse projeto de cidade que exclui a popula\u00e7\u00e3o de baixa renda do Rio de Janeiro. Provid\u00eancia, [&hellip;]<\/p>\n","protected":false},"author":13,"featured_media":0,"comment_status":"open","ping_status":"closed","sticky":false,"template":"","format":"standard","meta":{"inline_featured_image":false,"footnotes":""},"categories":[1],"tags":[],"anos":[],"projetos":[],"autorias":[],"eixos_tematicos":[],"locais":[],"pessoas":[],"estado":[],"academia":[],"sociedade_civil":[],"class_list":["post-6276","post","type-post","status-publish","format-standard","hentry","category-noticias"],"_links":{"self":[{"href":"https:\/\/forumjustica.com.br\/en\/wp-json\/wp\/v2\/posts\/6276","targetHints":{"allow":["GET"]}}],"collection":[{"href":"https:\/\/forumjustica.com.br\/en\/wp-json\/wp\/v2\/posts"}],"about":[{"href":"https:\/\/forumjustica.com.br\/en\/wp-json\/wp\/v2\/types\/post"}],"author":[{"embeddable":true,"href":"https:\/\/forumjustica.com.br\/en\/wp-json\/wp\/v2\/users\/13"}],"replies":[{"embeddable":true,"href":"https:\/\/forumjustica.com.br\/en\/wp-json\/wp\/v2\/comments?post=6276"}],"version-history":[{"count":1,"href":"https:\/\/forumjustica.com.br\/en\/wp-json\/wp\/v2\/posts\/6276\/revisions"}],"predecessor-version":[{"id":17619,"href":"https:\/\/forumjustica.com.br\/en\/wp-json\/wp\/v2\/posts\/6276\/revisions\/17619"}],"wp:attachment":[{"href":"https:\/\/forumjustica.com.br\/en\/wp-json\/wp\/v2\/media?parent=6276"}],"wp:term":[{"taxonomy":"category","embeddable":true,"href":"https:\/\/forumjustica.com.br\/en\/wp-json\/wp\/v2\/categories?post=6276"},{"taxonomy":"post_tag","embeddable":true,"href":"https:\/\/forumjustica.com.br\/en\/wp-json\/wp\/v2\/tags?post=6276"},{"taxonomy":"anos","embeddable":true,"href":"https:\/\/forumjustica.com.br\/en\/wp-json\/wp\/v2\/anos?post=6276"},{"taxonomy":"projetos","embeddable":true,"href":"https:\/\/forumjustica.com.br\/en\/wp-json\/wp\/v2\/projetos?post=6276"},{"taxonomy":"autorias","embeddable":true,"href":"https:\/\/forumjustica.com.br\/en\/wp-json\/wp\/v2\/autorias?post=6276"},{"taxonomy":"eixos_tematicos","embeddable":true,"href":"https:\/\/forumjustica.com.br\/en\/wp-json\/wp\/v2\/eixos_tematicos?post=6276"},{"taxonomy":"locais","embeddable":true,"href":"https:\/\/forumjustica.com.br\/en\/wp-json\/wp\/v2\/locais?post=6276"},{"taxonomy":"pessoas","embeddable":true,"href":"https:\/\/forumjustica.com.br\/en\/wp-json\/wp\/v2\/pessoas?post=6276"},{"taxonomy":"estado","embeddable":true,"href":"https:\/\/forumjustica.com.br\/en\/wp-json\/wp\/v2\/estado?post=6276"},{"taxonomy":"academia","embeddable":true,"href":"https:\/\/forumjustica.com.br\/en\/wp-json\/wp\/v2\/academia?post=6276"},{"taxonomy":"sociedade_civil","embeddable":true,"href":"https:\/\/forumjustica.com.br\/en\/wp-json\/wp\/v2\/sociedade_civil?post=6276"}],"curies":[{"name":"wp","href":"https:\/\/api.w.org\/{rel}","templated":true}]}}