{"id":6287,"date":"2013-06-15T18:00:48","date_gmt":"2013-06-15T20:00:48","guid":{"rendered":"https:\/\/forumjustica.vlannetwork.com\/?p=6287"},"modified":"2022-09-04T21:16:16","modified_gmt":"2022-09-05T00:16:16","slug":"convite-audiencia-publica-sobre-violencia-no-campo","status":"publish","type":"post","link":"https:\/\/forumjustica.com.br\/en\/convite-audiencia-publica-sobre-violencia-no-campo\/","title":{"rendered":"Convite &#8211; Audi\u00eancia P\u00fablica sobre Viol\u00eancia no Campo"},"content":{"rendered":"<p><a href=\"https:\/\/forumjustica.com.br\/wp-content\/uploads\/2013\/06\/mst.jpg\"><img loading=\"lazy\" decoding=\"async\" src=\"https:\/\/forumjustica.com.br\/wp-content\/uploads\/2013\/06\/mst.jpg\" alt=\"\" title=\"mst\" width=\"960\" height=\"721\" class=\"aligncenter size-full wp-image-6288\" \/><\/a><\/p>\n<p>A Comiss\u00e3o de Defesa dos Direitos Humanos e Cidadania da Alerj realizar\u00e1, na segunda-feira (17\/6), \u00e0s 14h, uma audi\u00eancia p\u00fablica sobre a viol\u00eancia no campo. A iniciativa pretende dar luz ao aumento da viol\u00eancia no munic\u00edpio de Campos dos Goytacazes devido aos conflitos agr\u00e1rios. Os assassinatos dos integrantes do Movimento dos Trabalhadores Sem Terra (MST), C\u00edcero Guedes e Regina dos Santos, em janeiro e fevereiro deste ano, demonstram o acirramento desse quadro. &#8220;Esses assassinatos s\u00e3o emblem\u00e1ticos. A luta pela reforma agr\u00e1ria \u00e9 um dos maiores desafios do Brasil. O latif\u00fandio acirra as desigualdades e gera viol\u00eancia. Isso \u00e9 a moderniza\u00e7\u00e3o do atraso. N\u00e3o podemos permitir&#8221;, afirmou Marcelo Freixo. A audi\u00eancia, al\u00e9m de pautar a discuss\u00e3o sobre a investiga\u00e7\u00e3o desses assassinatos, pretende reivindicar infraestrutura de transporte, ilumina\u00e7\u00e3o e fiscaliza\u00e7\u00e3o dos assentamentos como elementos de seguran\u00e7a p\u00fablica no campo. Os processos de desapropria\u00e7\u00e3o dos latif\u00fandios improdutivos para o assentamento das fam\u00edlias acampadas tamb\u00e9m estar\u00e3o em discuss\u00e3o como forma de diminuir os conflitos agr\u00e1rios. A audi\u00eancia ser\u00e1 na C\u00e2mara Municipal de Campos dos Goytacazes, que fica na Rua Bar\u00e3o Lagoa Dourada, 147 &#8211; Centro, Campos dos Goytacaze<\/p>","protected":false},"excerpt":{"rendered":"<p>A Comiss\u00e3o de Defesa dos Direitos Humanos e Cidadania da Alerj realizar\u00e1, na segunda-feira (17\/6), \u00e0s 14h, uma audi\u00eancia p\u00fablica sobre a viol\u00eancia no campo. A iniciativa pretende dar luz ao aumento da viol\u00eancia no munic\u00edpio de Campos dos Goytacazes devido aos conflitos agr\u00e1rios. Os assassinatos dos integrantes do Movimento dos Trabalhadores Sem Terra (MST), [&hellip;]<\/p>\n","protected":false},"author":13,"featured_media":0,"comment_status":"open","ping_status":"closed","sticky":false,"template":"","format":"standard","meta":{"inline_featured_image":false,"footnotes":""},"categories":[1],"tags":[],"anos":[],"projetos":[],"autorias":[],"eixos_tematicos":[],"locais":[],"pessoas":[],"estado":[],"academia":[],"sociedade_civil":[],"class_list":["post-6287","post","type-post","status-publish","format-standard","hentry","category-noticias"],"_links":{"self":[{"href":"https:\/\/forumjustica.com.br\/en\/wp-json\/wp\/v2\/posts\/6287","targetHints":{"allow":["GET"]}}],"collection":[{"href":"https:\/\/forumjustica.com.br\/en\/wp-json\/wp\/v2\/posts"}],"about":[{"href":"https:\/\/forumjustica.com.br\/en\/wp-json\/wp\/v2\/types\/post"}],"author":[{"embeddable":true,"href":"https:\/\/forumjustica.com.br\/en\/wp-json\/wp\/v2\/users\/13"}],"replies":[{"embeddable":true,"href":"https:\/\/forumjustica.com.br\/en\/wp-json\/wp\/v2\/comments?post=6287"}],"version-history":[{"count":1,"href":"https:\/\/forumjustica.com.br\/en\/wp-json\/wp\/v2\/posts\/6287\/revisions"}],"predecessor-version":[{"id":17616,"href":"https:\/\/forumjustica.com.br\/en\/wp-json\/wp\/v2\/posts\/6287\/revisions\/17616"}],"wp:attachment":[{"href":"https:\/\/forumjustica.com.br\/en\/wp-json\/wp\/v2\/media?parent=6287"}],"wp:term":[{"taxonomy":"category","embeddable":true,"href":"https:\/\/forumjustica.com.br\/en\/wp-json\/wp\/v2\/categories?post=6287"},{"taxonomy":"post_tag","embeddable":true,"href":"https:\/\/forumjustica.com.br\/en\/wp-json\/wp\/v2\/tags?post=6287"},{"taxonomy":"anos","embeddable":true,"href":"https:\/\/forumjustica.com.br\/en\/wp-json\/wp\/v2\/anos?post=6287"},{"taxonomy":"projetos","embeddable":true,"href":"https:\/\/forumjustica.com.br\/en\/wp-json\/wp\/v2\/projetos?post=6287"},{"taxonomy":"autorias","embeddable":true,"href":"https:\/\/forumjustica.com.br\/en\/wp-json\/wp\/v2\/autorias?post=6287"},{"taxonomy":"eixos_tematicos","embeddable":true,"href":"https:\/\/forumjustica.com.br\/en\/wp-json\/wp\/v2\/eixos_tematicos?post=6287"},{"taxonomy":"locais","embeddable":true,"href":"https:\/\/forumjustica.com.br\/en\/wp-json\/wp\/v2\/locais?post=6287"},{"taxonomy":"pessoas","embeddable":true,"href":"https:\/\/forumjustica.com.br\/en\/wp-json\/wp\/v2\/pessoas?post=6287"},{"taxonomy":"estado","embeddable":true,"href":"https:\/\/forumjustica.com.br\/en\/wp-json\/wp\/v2\/estado?post=6287"},{"taxonomy":"academia","embeddable":true,"href":"https:\/\/forumjustica.com.br\/en\/wp-json\/wp\/v2\/academia?post=6287"},{"taxonomy":"sociedade_civil","embeddable":true,"href":"https:\/\/forumjustica.com.br\/en\/wp-json\/wp\/v2\/sociedade_civil?post=6287"}],"curies":[{"name":"wp","href":"https:\/\/api.w.org\/{rel}","templated":true}]}}