{"id":6349,"date":"2013-06-23T18:30:26","date_gmt":"2013-06-23T20:30:26","guid":{"rendered":"https:\/\/forumjustica.vlannetwork.com\/?p=6349"},"modified":"2022-09-04T21:16:16","modified_gmt":"2022-09-05T00:16:16","slug":"nota-oficial-anadep-manifestacoes-populares","status":"publish","type":"post","link":"https:\/\/forumjustica.com.br\/en\/nota-oficial-anadep-manifestacoes-populares\/","title":{"rendered":"NOTA OFICIAL ANADEP &#8211; MANIFESTA\u00c7\u00d5ES POPULARES"},"content":{"rendered":"<p><a href=\"https:\/\/forumjustica.com.br\/wp-content\/uploads\/2013\/06\/logo_site.gif\"><img loading=\"lazy\" decoding=\"async\" src=\"https:\/\/forumjustica.com.br\/wp-content\/uploads\/2013\/06\/logo_site-300x45.gif\" alt=\"\" title=\"logo_site\" width=\"300\" height=\"45\" class=\"aligncenter size-medium wp-image-6376\" \/><\/a><\/p>\n<p>Considerando as crescentes e cada vez maiores e mais articuladas manifesta\u00e7\u00f5es populares nos mais variados Estados da Federa\u00e7\u00e3o;<\/p>\n<p>Considerando que se trata de um movimento que luta por direitos humanos e fundamentais consagrados na normativa internacional e em nosso ordenamento jur\u00eddico;<\/p>\n<p>Considerando que a imprensa noticia a exist\u00eancia de viola\u00e7\u00f5es aos Direitos Humanos dos manifestantes, que est\u00e3o no pleno exerc\u00edcio de seu direito constitucional de reuni\u00e3o;<\/p>\n<p>Considerando o momento pol\u00edtico que exige o firme posicionamento das Defensoras e Defensores P\u00fablicos no Brasil acerca de sua fun\u00e7\u00e3o institucional de garantidores dos Direitos Humanos em \u00e2mbito nacional e internacional;<\/p>\n<p>Considerando que a Defensoria P\u00fablica tem como objetivos institucionais a primazia da dignidade da pessoa humana, a redu\u00e7\u00e3o das desigualdades sociais e preval\u00eancia e efetividade dos Direitos Humanos<\/p>\n<p>A ANADEP firma seu posicionamento de apoio irrestrito \u00e0s manifesta\u00e7\u00f5es populares (desde os primeiros momentos do movimento) enquanto express\u00f5es democr\u00e1ticas do Direito Humano de livre associa\u00e7\u00e3o;<\/p>\n<p>Firma tamb\u00e9m o compromisso das Defensoras e Defensores P\u00fablicos com o manejo de todo o instrumental jur\u00eddico, notadamente das garantias constitucionais, em prol do respeito pleno ao exerc\u00edcio de tal direito, para que dele jamais se divorcie a observ\u00e2ncia m\u00e1xima dos direitos \u00e0 vida e \u00e0 integridade f\u00edsica dos manifestantes;<\/p>\n<p>Firma, igualmente, seu compromisso com o acompanhamento da proporcionalidade e adequa\u00e7\u00e3o da atividade estatal tendente a monitorar as manifesta\u00e7\u00f5es, garantindo aos manifestantes que n\u00e3o haver\u00e1 excessos e que, em havendo, ser\u00e3o prontamente apontados e buscada a devida responsabiliza\u00e7\u00e3o.<\/p>\n<p>Por fim, a ANADEP alia-se \u00e0 sociedade brasileira no clamor por justi\u00e7a social, refor\u00e7ando o apoio a todo tipo de manifesta\u00e7\u00e3o pac\u00edfica, voltada \u00e0 afirma\u00e7\u00e3o de nossa democracia e \u00e0 constru\u00e7\u00e3o de uma sociedade mais justa e solid\u00e1ria como modo de afirma\u00e7\u00e3o do Estado Democr\u00e1tico de Direito.<br \/>\n<a href=\"http:\/\/www.anadep.org.br\/wtk\/pagina\/materia?id=17733\"><br \/>\nhttp:\/\/www.anadep.org.br\/wtk\/pagina\/materia?id=17733<\/a><\/p>","protected":false},"excerpt":{"rendered":"<p>Considerando as crescentes e cada vez maiores e mais articuladas manifesta\u00e7\u00f5es populares nos mais variados Estados da Federa\u00e7\u00e3o; Considerando que se trata de um movimento que luta por direitos humanos e fundamentais consagrados na normativa internacional e em nosso ordenamento jur\u00eddico; Considerando que a imprensa noticia a exist\u00eancia de viola\u00e7\u00f5es aos Direitos Humanos dos manifestantes, [&hellip;]<\/p>\n","protected":false},"author":13,"featured_media":0,"comment_status":"open","ping_status":"closed","sticky":false,"template":"","format":"standard","meta":{"inline_featured_image":false,"footnotes":""},"categories":[1],"tags":[],"anos":[],"projetos":[],"autorias":[],"eixos_tematicos":[],"locais":[],"pessoas":[],"estado":[],"academia":[],"sociedade_civil":[],"class_list":["post-6349","post","type-post","status-publish","format-standard","hentry","category-noticias"],"_links":{"self":[{"href":"https:\/\/forumjustica.com.br\/en\/wp-json\/wp\/v2\/posts\/6349","targetHints":{"allow":["GET"]}}],"collection":[{"href":"https:\/\/forumjustica.com.br\/en\/wp-json\/wp\/v2\/posts"}],"about":[{"href":"https:\/\/forumjustica.com.br\/en\/wp-json\/wp\/v2\/types\/post"}],"author":[{"embeddable":true,"href":"https:\/\/forumjustica.com.br\/en\/wp-json\/wp\/v2\/users\/13"}],"replies":[{"embeddable":true,"href":"https:\/\/forumjustica.com.br\/en\/wp-json\/wp\/v2\/comments?post=6349"}],"version-history":[{"count":1,"href":"https:\/\/forumjustica.com.br\/en\/wp-json\/wp\/v2\/posts\/6349\/revisions"}],"predecessor-version":[{"id":17607,"href":"https:\/\/forumjustica.com.br\/en\/wp-json\/wp\/v2\/posts\/6349\/revisions\/17607"}],"wp:attachment":[{"href":"https:\/\/forumjustica.com.br\/en\/wp-json\/wp\/v2\/media?parent=6349"}],"wp:term":[{"taxonomy":"category","embeddable":true,"href":"https:\/\/forumjustica.com.br\/en\/wp-json\/wp\/v2\/categories?post=6349"},{"taxonomy":"post_tag","embeddable":true,"href":"https:\/\/forumjustica.com.br\/en\/wp-json\/wp\/v2\/tags?post=6349"},{"taxonomy":"anos","embeddable":true,"href":"https:\/\/forumjustica.com.br\/en\/wp-json\/wp\/v2\/anos?post=6349"},{"taxonomy":"projetos","embeddable":true,"href":"https:\/\/forumjustica.com.br\/en\/wp-json\/wp\/v2\/projetos?post=6349"},{"taxonomy":"autorias","embeddable":true,"href":"https:\/\/forumjustica.com.br\/en\/wp-json\/wp\/v2\/autorias?post=6349"},{"taxonomy":"eixos_tematicos","embeddable":true,"href":"https:\/\/forumjustica.com.br\/en\/wp-json\/wp\/v2\/eixos_tematicos?post=6349"},{"taxonomy":"locais","embeddable":true,"href":"https:\/\/forumjustica.com.br\/en\/wp-json\/wp\/v2\/locais?post=6349"},{"taxonomy":"pessoas","embeddable":true,"href":"https:\/\/forumjustica.com.br\/en\/wp-json\/wp\/v2\/pessoas?post=6349"},{"taxonomy":"estado","embeddable":true,"href":"https:\/\/forumjustica.com.br\/en\/wp-json\/wp\/v2\/estado?post=6349"},{"taxonomy":"academia","embeddable":true,"href":"https:\/\/forumjustica.com.br\/en\/wp-json\/wp\/v2\/academia?post=6349"},{"taxonomy":"sociedade_civil","embeddable":true,"href":"https:\/\/forumjustica.com.br\/en\/wp-json\/wp\/v2\/sociedade_civil?post=6349"}],"curies":[{"name":"wp","href":"https:\/\/api.w.org\/{rel}","templated":true}]}}