{"id":6367,"date":"2013-06-26T09:00:37","date_gmt":"2013-06-26T11:00:37","guid":{"rendered":"https:\/\/forumjustica.vlannetwork.com\/?p=6367"},"modified":"2022-09-04T21:16:16","modified_gmt":"2022-09-05T00:16:16","slug":"asamblea-general-de-la-oea-adopto-convenciones-contra-el-racismo-y-la-discriminacion-2","status":"publish","type":"post","link":"https:\/\/forumjustica.com.br\/en\/asamblea-general-de-la-oea-adopto-convenciones-contra-el-racismo-y-la-discriminacion-2\/","title":{"rendered":"Asamblea General de la OEA adopt\u00f3 Convenciones contra el Racismo y la Discriminaci\u00f3n"},"content":{"rendered":"<p>El d\u00eda 5 de junio de 2013, la Asamblea General de la Organizaci\u00f3n de los Estados Americanos (OEA) adopt\u00f3 la Convenci\u00f3n Interamericana contra el Racismo, la Discriminaci\u00f3n Racial y Formas Conexas de Intolerancia, y la Convenci\u00f3n Interamericana contra Toda Forma de Discriminaci\u00f3n e Intolerancia.<\/p>\n<p>Con la adopci\u00f3n de ambas Convenciones, se concluye con la tarea iniciada en el a\u00f1o 2000 por los Estados Miembros de la OEA cuando la Asamblea General encomend\u00f3 al Consejo Permanente que estudiase la necesidad de elaborar un Proyecto de Convenci\u00f3n Americana para Prevenir, Sancionar y Erradicar el Racismo y Toda Forma de Discriminaci\u00f3n e Intolerancia.<\/p>\n<p>Debemos resaltar que Antigua y Barbuda, Argentina, Brasil, Costa Rica, Ecuador y Uruguay se convirtieron en los primeros firmantes de la Convenci\u00f3n Interamericana contra el Racismo, la Discriminaci\u00f3n Racial y Formas Conexas de Intolerancia; y Argentina, Brasil, Ecuador y Uruguay de la Convenci\u00f3n Interamericana contra Toda Forma de Discriminaci\u00f3n e Intolerancia.<\/p>\n<p>En palabras del Secretario General Insulza, la Convenci\u00f3n Interamericana contra el Racismo, la Discriminaci\u00f3n Racial y Formas Conexas de Intolerancia \u201ctiene como m\u00e9ritos principales reafirmar, actualizar y perfeccionar alguna de las nociones consagradas en la Convenci\u00f3n Internacional sobre la Eliminaci\u00f3n de Todas las Formas de Discriminaci\u00f3n Racial de la ONU del 1965, consolidando y especificando para las Am\u00e9ricas el contenido democr\u00e1tico de los principios de la igualdad jur\u00eddica y de la no discriminaci\u00f3n\u201d.<\/p>\n<p>Adem\u00e1s destac\u00f3 que el \u201cinstrumento hemisf\u00e9rico elabora una definici\u00f3n jur\u00eddicamente vinculante de racismo, de discriminaci\u00f3n m\u00faltiple o agravada y de intolerancia; y propone una protecci\u00f3n de todo ser humano contra el racismo, la discriminaci\u00f3n racial y formas conexas de intolerancia en cualquier \u00e1mbito de la vida p\u00fablica o privada, entre otros aportes\u201d.<\/p>\n<p>Respecto a la Convenci\u00f3n Interamericana contra Toda Forma de Discriminaci\u00f3n e Intolerancia, el Secretario General Insulza afirm\u00f3 que tiene un \u201cgran valor simb\u00f3lico-jur\u00eddico\u201d y que dicha Convenci\u00f3n \u201cconvierte a la OEA en una organizaci\u00f3n internacional a la vanguardia en la lucha contra toda forma de discriminaci\u00f3n e intolerancia\u201d.<\/p>\n<p>Asimismo, afirm\u00f3 que \u201cse trata del primer instrumento jur\u00eddicamente vinculante que condena la discriminaci\u00f3n basada en &#8220;motivos de nacionalidad, edad, sexo, orientaci\u00f3n sexual, identidad y expresi\u00f3n de g\u00e9nero, idioma, religi\u00f3n, identidad cultural, opiniones pol\u00edticas o de cualquier otra naturaleza, origen social, posici\u00f3n socioecon\u00f3mica, nivel de educaci\u00f3n, condici\u00f3n migratoria, de refugiado, repatriado, ap\u00e1trida o desplazado interno, discapacidad, caracter\u00edstica gen\u00e9tica, condici\u00f3n de salud mental o f\u00edsica, incluyendo infectocontagiosa, ps\u00edquica incapacitante o cualquier otra\u201d.<\/p>\n<p>Debemos se\u00f1alar que ambas Convenciones entrar\u00e1n en vigencia cuando sean ratificadas por dos Estados Miembros.<\/p>\n<p>Cabe destacar que el Departamento de Derecho Internacional ha estado activamente involucrado en este proceso, y desde la creaci\u00f3n del Grupo de Trabajo encargado de Elaborar un Proyecto de Convenci\u00f3n Interamericana Contra el Racismo y Toda Forma de Discriminaci\u00f3n e Intolerancia, el Departamento ha prestado asesor\u00eda jur\u00eddica y apoyo t\u00e9cnico a dicho Grupo de Trabajo.<\/p>\n<p>El texto de ambas Convenciones, as\u00ed como el estado de firmas y futuras ratificaciones ya se encuentra en la base de datos del Departamento de Derecho Internacional en su p\u00e1gina web respectiva.<\/p>\n<p>Para acceder al texto de la Convenci\u00f3n Interamericana contra el Racismo, la Discriminaci\u00f3n Racial, y formas conexas de intolerancia, haga click aqu\u00ed (ESP) (ENG) (POR) (FRA)<\/p>\n<p>Para acceder al texto de la Convenci\u00f3n Interamericana contra toda forma de Discriminaci\u00f3n e Intolerancia, haga click aqu\u00ed (ESP) (ENG) (POR) (FRA)<\/p>\n<p>Para acceder a la galer\u00eda de fotos de la firma de las Convenciones, haga click aqu\u00ed \u00bb<\/p>\n<p>Para acceder al B-roll de la firma de las Convenciones, haga click aqu\u00ed \u00bb<\/p>\n<p>Para m\u00e1s informaci\u00f3n sobre el Departamento de Derecho Internacional, por favor visite nuestra p\u00e1gina Web \u00bb<\/p>\n<p><a href=\"http:\/\/www.oas.org\/es\/sla\/ddi\/boletines_informativos_tratados_multilaterales_interamericanos_jun-17-2013.html\">http:\/\/www.oas.org\/es\/sla\/ddi\/boletines_informativos_tratados_multilaterales_interamericanos_jun-17-2013.html<\/a><\/p>\n","protected":false},"excerpt":{"rendered":"<p>El d\u00eda 5 de junio de 2013, la Asamblea General de la Organizaci\u00f3n de los Estados Americanos (OEA) adopt\u00f3 la Convenci\u00f3n Interamericana contra el Racismo, la Discriminaci\u00f3n Racial y Formas Conexas de Intolerancia, y la Convenci\u00f3n Interamericana contra Toda Forma de Discriminaci\u00f3n e Intolerancia. Con la adopci\u00f3n de ambas Convenciones, se concluye con la tarea [&hellip;]<\/p>\n","protected":false},"author":13,"featured_media":0,"comment_status":"open","ping_status":"closed","sticky":false,"template":"","format":"standard","meta":{"inline_featured_image":false,"footnotes":""},"categories":[1],"tags":[],"anos":[],"projetos":[],"autorias":[],"eixos_tematicos":[],"locais":[],"pessoas":[],"estado":[],"academia":[],"sociedade_civil":[],"class_list":["post-6367","post","type-post","status-publish","format-standard","hentry","category-noticias"],"_links":{"self":[{"href":"https:\/\/forumjustica.com.br\/en\/wp-json\/wp\/v2\/posts\/6367","targetHints":{"allow":["GET"]}}],"collection":[{"href":"https:\/\/forumjustica.com.br\/en\/wp-json\/wp\/v2\/posts"}],"about":[{"href":"https:\/\/forumjustica.com.br\/en\/wp-json\/wp\/v2\/types\/post"}],"author":[{"embeddable":true,"href":"https:\/\/forumjustica.com.br\/en\/wp-json\/wp\/v2\/users\/13"}],"replies":[{"embeddable":true,"href":"https:\/\/forumjustica.com.br\/en\/wp-json\/wp\/v2\/comments?post=6367"}],"version-history":[{"count":1,"href":"https:\/\/forumjustica.com.br\/en\/wp-json\/wp\/v2\/posts\/6367\/revisions"}],"predecessor-version":[{"id":17601,"href":"https:\/\/forumjustica.com.br\/en\/wp-json\/wp\/v2\/posts\/6367\/revisions\/17601"}],"wp:attachment":[{"href":"https:\/\/forumjustica.com.br\/en\/wp-json\/wp\/v2\/media?parent=6367"}],"wp:term":[{"taxonomy":"category","embeddable":true,"href":"https:\/\/forumjustica.com.br\/en\/wp-json\/wp\/v2\/categories?post=6367"},{"taxonomy":"post_tag","embeddable":true,"href":"https:\/\/forumjustica.com.br\/en\/wp-json\/wp\/v2\/tags?post=6367"},{"taxonomy":"anos","embeddable":true,"href":"https:\/\/forumjustica.com.br\/en\/wp-json\/wp\/v2\/anos?post=6367"},{"taxonomy":"projetos","embeddable":true,"href":"https:\/\/forumjustica.com.br\/en\/wp-json\/wp\/v2\/projetos?post=6367"},{"taxonomy":"autorias","embeddable":true,"href":"https:\/\/forumjustica.com.br\/en\/wp-json\/wp\/v2\/autorias?post=6367"},{"taxonomy":"eixos_tematicos","embeddable":true,"href":"https:\/\/forumjustica.com.br\/en\/wp-json\/wp\/v2\/eixos_tematicos?post=6367"},{"taxonomy":"locais","embeddable":true,"href":"https:\/\/forumjustica.com.br\/en\/wp-json\/wp\/v2\/locais?post=6367"},{"taxonomy":"pessoas","embeddable":true,"href":"https:\/\/forumjustica.com.br\/en\/wp-json\/wp\/v2\/pessoas?post=6367"},{"taxonomy":"estado","embeddable":true,"href":"https:\/\/forumjustica.com.br\/en\/wp-json\/wp\/v2\/estado?post=6367"},{"taxonomy":"academia","embeddable":true,"href":"https:\/\/forumjustica.com.br\/en\/wp-json\/wp\/v2\/academia?post=6367"},{"taxonomy":"sociedade_civil","embeddable":true,"href":"https:\/\/forumjustica.com.br\/en\/wp-json\/wp\/v2\/sociedade_civil?post=6367"}],"curies":[{"name":"wp","href":"https:\/\/api.w.org\/{rel}","templated":true}]}}