{"id":6411,"date":"2013-06-25T17:00:44","date_gmt":"2013-06-25T19:00:44","guid":{"rendered":"https:\/\/forumjustica.vlannetwork.com\/?p=6411"},"modified":"2022-09-04T21:16:16","modified_gmt":"2022-09-05T00:16:16","slug":"nas-ruas-por-igualdade-justica-social-e-democracia","status":"publish","type":"post","link":"https:\/\/forumjustica.com.br\/en\/nas-ruas-por-igualdade-justica-social-e-democracia\/","title":{"rendered":"Nas ruas por igualdade, justi\u00e7a social e democracia!"},"content":{"rendered":"<p><a href=\"https:\/\/forumjustica.com.br\/wp-content\/uploads\/2013\/06\/nas-ruas.jpg\"><img loading=\"lazy\" decoding=\"async\" src=\"https:\/\/forumjustica.com.br\/wp-content\/uploads\/2013\/06\/nas-ruas.jpg\" alt=\"\" title=\"nas ruas\" width=\"556\" height=\"313\" class=\"aligncenter size-full wp-image-6412\" \/><\/a><\/p>\n<p><strong>Pressionando Posicionamento frente \u00e0 sociedade e ao Estado <\/strong><\/p>\n<p>N\u00f3s, movimentos sociais, cidad\u00e3s e cidad\u00e3os abaixo-assinados, que estivemos sempre na luta por um mundo mais justo e igualit\u00e1rio ocupando as ruas, antes e agora, manifestando nossas demandas e expressando nossas insatisfa\u00e7\u00f5es, REAFIRMAMOS nossa identidade com a vigorosa e diversa participa\u00e7\u00e3o popular que toma o Brasil nos \u00faltimos dias. SAUDAMOS, especialmente a juventude, por tomar ruas e pra\u00e7as em diversas cidades do Brasil, dando novo \u00e2nimo \u00e0s lutas de resist\u00eancia e expressando a possibilidade de somar for\u00e7as para a constru\u00e7\u00e3o de um pa\u00eds mais justo e democr\u00e1tico.<\/p>\n<p>ALERTAMOS para o interesse crescente das for\u00e7as conservadores de direita, atrav\u00e9s dos seus meios de comunica\u00e7\u00e3o, em roubar a cena e direcionar a agenda dos protestos, para reduzir a pauta de reivindica\u00e7\u00f5es e desmoralizar os partidos pol\u00edticos. Sabemos que os problemas contra os quais lutamos t\u00eam origem nos graves e estruturantes d\u00e9ficits no campo e nas cidades. Suas causas se devem: ao privilegiamento dos interesses do agroneg\u00f3cio para exporta\u00e7\u00e3o e do extrativismo comandado pelas grandes empresas transnacionais; ao sistema pol\u00edtico patrimonialista, desigual e reprodutor de desigualdades; ao racismo, sexismo, \u00e0s LGBTfobias institucionalizadas e \u00e0 explora\u00e7\u00e3o desmedida e gananciosa do trabalho, provocando e mantendo as desigualdades estruturais da nossa sociedade. no acesso \u00e0 educa\u00e7\u00e3o, sa\u00fade, moradia e mobilidade nos espa\u00e7os urbanos e rurais; \u00e0 viol\u00eancia contra a juventude negra, as mulheres, a popula\u00e7\u00e3o LGBT, a classe trabalhadora.<\/p>\n<p>RECHA\u00c7AMOS, a forte repress\u00e3o policial nos atos e nas periferias das grandes cidades, bem como os atos de viol\u00eancia e vandalismo perpetrados por pequenos grupos n\u00e3o identificados que se somam \u00e0s multid\u00f5es.<\/p>\n<p>SOMOS CONTRA a criminaliza\u00e7\u00e3o da pobreza, da juventude e dos movimentos sociais do campo e da cidade, que amea\u00e7a e co\u00edbe a justa e democr\u00e1tica express\u00e3o da vontade popular.<\/p>\n<p>DEFENDEMOS o direito de todas as pessoas, grupos e partidos se manifestarem e defenderem suas causas neste grande encontro que toma as ruas de v\u00e1rias cidades do pa\u00eds.<\/p>\n<p>As vozes que propagam o clamor da insatisfa\u00e7\u00e3o geral t\u00eam expressado, al\u00e9m da revolta contra o aumento das tarifas de transporte p\u00fablico, a indigna\u00e7\u00e3o frente aos gastos bilion\u00e1rios e as viola\u00e7\u00f5es aos direitos humanos pelo projeto Copa e Olimp\u00edadas, que orientam o modelo de desenvolvimento excludente nas cidades brasileiras e, em especial, na Amaz\u00f4nia; \u00e0 transforma\u00e7\u00e3o das cidades em mercadoria; aos avan\u00e7os conservadorismo religioso, que se traduzem em projetos-de-lei como \u201cBolsa estupro\u201d\/Estatuto do Nascituro, \u201ccura gay\u201d, redu\u00e7\u00e3o da maioridade penal e outras afrontas ao Estado Democr\u00e1tico de Direitos; e frente \u00e0 escalada dos setores ruralistas para impedir agora a demarca\u00e7\u00e3o de terras ind\u00edgenas e quilombolas, como j\u00e1 tentaram fazer com a Reforma Agr\u00e1ria.<\/p>\n<p>Somos parte dessa multid\u00e3o que se ergueu dos Comit\u00eas Populares da Copa, dos movimentos pelo Passe Livre, das Marchas das Vadias, dos movimentos Ind\u00edgenas, dos movimentos de luta por moradia e pelo direito \u00e0 cidade, dos movimentos estudantis, dos movimentos negr@s, dos movimentos de mulheres, dos movimentos LGBT, dos movimentos de direitos humanos e dos movimentos do campo. Estamos nas ruas para denunciar todas as formas de discrimina\u00e7\u00e3o e viola\u00e7\u00e3o dos direitos.<\/p>\n<p>Junt@s, nas ruas, queremos avan\u00e7ar nas conquistas democr\u00e1ticas dos \u00faltimos anos, exigindo justi\u00e7a fiscal e democratiza\u00e7\u00e3o do poder. DEFENDEMOS as Reformas tribut\u00e1ria e pol\u00edtica, a democratiza\u00e7\u00e3o da comunica\u00e7\u00e3o e a afirma\u00e7\u00e3o da laicidade do Estado brasileiro.<\/p>\n<p>Seguiremos organizad@s, mobilizad@s, nas ruas para gerar poder popular e alcan\u00e7ar uma democracia que nos represente.<\/p>\n<p>22 de junho de 2013.<\/p>\n<p>Movimentos e entidades que assinam esta nota:<\/p>\n<p>Articula\u00e7\u00e3o de Mulheres Brasileiras \u2013 AMB<br \/>\nArticula\u00e7\u00e3o de Organiza\u00e7\u00f5es de Mulheres Negras Brasileiras \u2013 AMNB<br \/>\nAssocia\u00e7\u00e3o Nacional dos Centros de Defesa da Crian\u00e7a e do Adolescente<br \/>\nCoordena\u00e7\u00e3o Nacional de Comunidades Quilombolas \u2013 CONAQ<br \/>\nIntervozes\u2013 Coletivo Brasil de Comunica\u00e7\u00e3o Social<br \/>\nMovimento dos Atingidos por Barragens<br \/>\nMovimento de Mulheres Camponesas<br \/>\nMovimento dos Trabalhadores Sem Teto &#8211; MTST<br \/>\nMovimento dos Trabalhadores e Trabalhadoras do Campo-MTC<br \/>\nPlataforma DHESCA Brasil<br \/>\nRede Lai Lai Apejo -Sa\u00fade da Popula\u00e7\u00e3o Negra e AIDS<br \/>\nRede Nacional Feminista de Sa\u00fade, Direitos Sexuais e Direitos Reprodutivos<br \/>\nRede Nacional de Religi\u00f5es Afro-Brasileiras e Sa\u00fade<\/p>\n<p>A\u00e7\u00e3o Educativa<br \/>\nArticula\u00e7\u00e3o de Mulheres do Amap\u00e1<br \/>\nArticula\u00e7\u00e3o de Mulheres do Amazonas<br \/>\nArticula\u00e7\u00e3o de Mulheres do Mato Grosso do Sul<br \/>\nArticula\u00e7\u00e3o de Mulheres Brasileiras &#8211; Rio de Janeiro<br \/>\nArticula\u00e7\u00e3o de Mulheres Tocantinenses<br \/>\nArticula\u00e7\u00e3o de Mulheres de S\u00e3o Paulo<br \/>\nArticula\u00e7\u00e3o de Mulheres Brasileiras &#8211; Minas Gerais<br \/>\nAssocia\u00e7\u00e3o Cultural de Mulheres Negras -ACMUN<br \/>\nAMMA Psique e Negritude<br \/>\nCentro de Estudos e Defesa do Negro do Par\u00e1 &#8211; CEDENPA<br \/>\nCFEMEA- Centro Feminista de Estudos e Assessoria<br \/>\nColetivo Leila Diniz<br \/>\nCoordena\u00e7\u00e3o de Mulheres Quilombolas de Minas Gerais<br \/>\nColetivo Marcha das Vadias DF<br \/>\nMarcha das Vadias &#8211; RJ<br \/>\nComit\u00ea Popular da Copa DF<br \/>\nCriola\u2013 Organiza\u00e7\u00e3o de Mulheres Negras (RJ)<br \/>\nCunh\u00e3\u2013 Coletivo Feminista da Para\u00edba<br \/>\nFASE\u2013 Federa\u00e7\u00e3o de \u00d3rg\u00e3os para Assist\u00eancia Social e Educacional<br \/>\nF\u00f3rum de Mulheres de Lauro de Freitas &#8211; BA<br \/>\nF\u00f3rum de Mulheres de Manaus<br \/>\nF\u00f3rum Cearense de Mulheres<br \/>\nF\u00f3rum de Mulheres do Distrito Federal<br \/>\nF\u00f3rum de Mulheres do Esp\u00edrito Santo<br \/>\nF\u00f3rum Goiano de Mulheres<br \/>\nF\u00f3rum Estadual de Mulheres Maranhenses<br \/>\nF\u00f3rum de Mulheres de Mato Grosso<br \/>\nF\u00f3rum de Mulheres da Grande Belo Horizonte<br \/>\nF\u00f3rum de Mulheres da Amaz\u00f4nia Paraense<br \/>\nF\u00f3rum de Mulheres da Para\u00edba<br \/>\nF\u00f3rum de Mulheres de Pernambuco<br \/>\nF\u00f3rum Estadual de Mulheres do Rio Grande do Norte<br \/>\nF\u00f3rum de Mulheres de Santa Catarina<br \/>\nF\u00f3rum de Mulheres de Sergipe<br \/>\nF\u00f3rum de Mulheres Piauienses<br \/>\nGeled\u00e9s\u2013 Instituto da Mulher Negra<br \/>\nGrupo Brasil e Desenvolvimento<br \/>\nGrupo CurumimR<br \/>\nGrupo Gay Mirindiba<br \/>\nIBASE\u2013 Instituto Brasileiro de An\u00e1lises Sociais e Econ\u00f4micas<br \/>\nINESC\u2013 Instituto de Estudos Socioecon\u00f4micos<br \/>\nInstituto Patr\u00edcia Galv\u00e3o \u2013M\u00eddia e Direitos<br \/>\nMovimento Passe Livre \u2013 DF<br \/>\nN\u00facleo de Mulheres de Roraima<br \/>\nPretas Candangas<br \/>\nProjeto de Promotoras Legais Populares de S\u00e3o Paulo<br \/>\nRede de Mulheres Negras para Seguran\u00e7a Alimentar e Nutricional<br \/>\nRede de Mulheres em Articula\u00e7\u00e3o da Para\u00edba<br \/>\nRede de Mulheres de Terreiro de Pernambuco<br \/>\nSociedade Paraense de Defesa dos Direitos Humanos<br \/>\nSOS Corpo \u2013 Instituto Feminista para a Democracia<br \/>\nTerra de Direitos<br \/>\nUiala Mukaji Sociedade das Mulheres Negras de Pernambuco<br \/>\nUni\u00e3o de Mulheres de S\u00e3o Paulo<\/p>\n<p>clique <a href=\"http:\/\/www.change.org\/pt-BR\/peti%C3%A7%C3%B5es\/nas-ruas-por-igualdade-justi%C3%A7a-social-e-democracia-3\">aqui<\/a> para assinar tamb\u00e9m!<\/p>\n<p><\/p>","protected":false},"excerpt":{"rendered":"<p>Pressionando Posicionamento frente \u00e0 sociedade e ao Estado N\u00f3s, movimentos sociais, cidad\u00e3s e cidad\u00e3os abaixo-assinados, que estivemos sempre na luta por um mundo mais justo e igualit\u00e1rio ocupando as ruas, antes e agora, manifestando nossas demandas e expressando nossas insatisfa\u00e7\u00f5es, REAFIRMAMOS nossa identidade com a vigorosa e diversa participa\u00e7\u00e3o popular que toma o Brasil nos [&hellip;]<\/p>\n","protected":false},"author":13,"featured_media":0,"comment_status":"open","ping_status":"closed","sticky":false,"template":"","format":"standard","meta":{"inline_featured_image":false,"footnotes":""},"categories":[1],"tags":[],"anos":[],"projetos":[],"autorias":[],"eixos_tematicos":[],"locais":[],"pessoas":[],"estado":[],"academia":[],"sociedade_civil":[],"class_list":["post-6411","post","type-post","status-publish","format-standard","hentry","category-noticias"],"_links":{"self":[{"href":"https:\/\/forumjustica.com.br\/en\/wp-json\/wp\/v2\/posts\/6411","targetHints":{"allow":["GET"]}}],"collection":[{"href":"https:\/\/forumjustica.com.br\/en\/wp-json\/wp\/v2\/posts"}],"about":[{"href":"https:\/\/forumjustica.com.br\/en\/wp-json\/wp\/v2\/types\/post"}],"author":[{"embeddable":true,"href":"https:\/\/forumjustica.com.br\/en\/wp-json\/wp\/v2\/users\/13"}],"replies":[{"embeddable":true,"href":"https:\/\/forumjustica.com.br\/en\/wp-json\/wp\/v2\/comments?post=6411"}],"version-history":[{"count":1,"href":"https:\/\/forumjustica.com.br\/en\/wp-json\/wp\/v2\/posts\/6411\/revisions"}],"predecessor-version":[{"id":17603,"href":"https:\/\/forumjustica.com.br\/en\/wp-json\/wp\/v2\/posts\/6411\/revisions\/17603"}],"wp:attachment":[{"href":"https:\/\/forumjustica.com.br\/en\/wp-json\/wp\/v2\/media?parent=6411"}],"wp:term":[{"taxonomy":"category","embeddable":true,"href":"https:\/\/forumjustica.com.br\/en\/wp-json\/wp\/v2\/categories?post=6411"},{"taxonomy":"post_tag","embeddable":true,"href":"https:\/\/forumjustica.com.br\/en\/wp-json\/wp\/v2\/tags?post=6411"},{"taxonomy":"anos","embeddable":true,"href":"https:\/\/forumjustica.com.br\/en\/wp-json\/wp\/v2\/anos?post=6411"},{"taxonomy":"projetos","embeddable":true,"href":"https:\/\/forumjustica.com.br\/en\/wp-json\/wp\/v2\/projetos?post=6411"},{"taxonomy":"autorias","embeddable":true,"href":"https:\/\/forumjustica.com.br\/en\/wp-json\/wp\/v2\/autorias?post=6411"},{"taxonomy":"eixos_tematicos","embeddable":true,"href":"https:\/\/forumjustica.com.br\/en\/wp-json\/wp\/v2\/eixos_tematicos?post=6411"},{"taxonomy":"locais","embeddable":true,"href":"https:\/\/forumjustica.com.br\/en\/wp-json\/wp\/v2\/locais?post=6411"},{"taxonomy":"pessoas","embeddable":true,"href":"https:\/\/forumjustica.com.br\/en\/wp-json\/wp\/v2\/pessoas?post=6411"},{"taxonomy":"estado","embeddable":true,"href":"https:\/\/forumjustica.com.br\/en\/wp-json\/wp\/v2\/estado?post=6411"},{"taxonomy":"academia","embeddable":true,"href":"https:\/\/forumjustica.com.br\/en\/wp-json\/wp\/v2\/academia?post=6411"},{"taxonomy":"sociedade_civil","embeddable":true,"href":"https:\/\/forumjustica.com.br\/en\/wp-json\/wp\/v2\/sociedade_civil?post=6411"}],"curies":[{"name":"wp","href":"https:\/\/api.w.org\/{rel}","templated":true}]}}