{"id":6427,"date":"2013-06-28T17:00:48","date_gmt":"2013-06-28T19:00:48","guid":{"rendered":"https:\/\/forumjustica.vlannetwork.com\/?p=6427"},"modified":"2022-09-04T21:16:15","modified_gmt":"2022-09-05T00:16:15","slug":"palestra-ministerio-publico-resolutivo-um-novo-desenho-institucional","status":"publish","type":"post","link":"https:\/\/forumjustica.com.br\/en\/palestra-ministerio-publico-resolutivo-um-novo-desenho-institucional\/","title":{"rendered":"Palestra Minist\u00e9rio P\u00fablico resolutivo: um novo desenho institucional"},"content":{"rendered":"<p>O Minist\u00e9rio P\u00fablico do Paran\u00e1, por meio do Centro de Estudos e Aperfei\u00e7oamento Funcional (CEAF), promove nesta segunda-feira, 1\u00ba de julho, palestra com o promotor de Justi\u00e7a Marcelo Pedroso Goulart, do MP de S\u00e3o Paulo, com o tema &#8220;Minist\u00e9rio P\u00fablico resolutivo: um novo desenho institucional&#8221;. A palestra ser\u00e1 realizada no per\u00edodo das 9h \u00e0s 10h, no audit\u00f3rio da sede da institui\u00e7\u00e3o (Rua Marechal Hermes, 751 &#8211; Centro C\u00edvico), em Curitiba. Haver\u00e1 tamb\u00e9m transmiss\u00e3o ao vivo, via webcast.<\/p>\n<p>Logo ap\u00f3s a palestra, aberta a todos os integrantes do MP-PR, o promotor far\u00e1 o lan\u00e7amento do livro &#8220;Elementos para uma Teoria Geral do Minist\u00e9rio P\u00fablico&#8221; (Editora Arraes, Belo Horizonte, 2013).<\/p>\n<p>Curr\u00edculo &#8211; Marcelo Pedroso Goulart \u00e9 promotor de Justi\u00e7a do MP-SP. Formou-se em Direito pela Universidade de S\u00e3o Paulo (USP), \u00e9 mestre em Direito pela Universidade Estadual Paulista (UNESP). \u00c9, tamb\u00e9m, membro-fundador e ex-coordenador-geral do Movimento do Minist\u00e9rio P\u00fablico Democr\u00e1tico (bi\u00eanio 1995-1997). Um dos maiores int\u00e9rpretes da nova doutrina do Minist\u00e9rio P\u00fablico, o promotor foi o primeiro a pensar na constru\u00e7\u00e3o te\u00f3rico, cr\u00edtica e did\u00e1tica dos modelos de MP demandista e resolutivo.<\/p>\n<p>Para acompanhar o evento ao vivo (a partir das 9h no dia 01 de julho): <a href=\"http:\/\/www2.mp.pr.gov.br\/webcast\/\">clique aqui<\/a><br \/>\n_____________________________________________________________________<br \/>\nCentro de Estudos e Aperfei\u00e7oamento Funcional<br \/>\nRua Marechal Deodoro, 1028 &#8211; 7\u00ba andar, Centro, Curitiba-PR<br \/>\ncursosmp@mp.pr.gov.br<\/p>\n<p><a href=\"http:\/\/\">http:\/\/www.ceaf.mp.pr.gov.br\/modules\/noticias\/article.php?storyid=207&#038;tit=Palestra-Ministerio-Publico-resolutivo-um-novo-desenho-institucional&#8211;<\/a><\/p>\n","protected":false},"excerpt":{"rendered":"<p>O Minist\u00e9rio P\u00fablico do Paran\u00e1, por meio do Centro de Estudos e Aperfei\u00e7oamento Funcional (CEAF), promove nesta segunda-feira, 1\u00ba de julho, palestra com o promotor de Justi\u00e7a Marcelo Pedroso Goulart, do MP de S\u00e3o Paulo, com o tema &#8220;Minist\u00e9rio P\u00fablico resolutivo: um novo desenho institucional&#8221;. A palestra ser\u00e1 realizada no per\u00edodo das 9h \u00e0s 10h, [&hellip;]<\/p>\n","protected":false},"author":13,"featured_media":0,"comment_status":"open","ping_status":"closed","sticky":false,"template":"","format":"standard","meta":{"inline_featured_image":false,"footnotes":""},"categories":[1],"tags":[],"anos":[],"projetos":[],"autorias":[],"eixos_tematicos":[],"locais":[],"pessoas":[],"estado":[],"academia":[],"sociedade_civil":[],"class_list":["post-6427","post","type-post","status-publish","format-standard","hentry","category-noticias"],"_links":{"self":[{"href":"https:\/\/forumjustica.com.br\/en\/wp-json\/wp\/v2\/posts\/6427","targetHints":{"allow":["GET"]}}],"collection":[{"href":"https:\/\/forumjustica.com.br\/en\/wp-json\/wp\/v2\/posts"}],"about":[{"href":"https:\/\/forumjustica.com.br\/en\/wp-json\/wp\/v2\/types\/post"}],"author":[{"embeddable":true,"href":"https:\/\/forumjustica.com.br\/en\/wp-json\/wp\/v2\/users\/13"}],"replies":[{"embeddable":true,"href":"https:\/\/forumjustica.com.br\/en\/wp-json\/wp\/v2\/comments?post=6427"}],"version-history":[{"count":1,"href":"https:\/\/forumjustica.com.br\/en\/wp-json\/wp\/v2\/posts\/6427\/revisions"}],"predecessor-version":[{"id":17596,"href":"https:\/\/forumjustica.com.br\/en\/wp-json\/wp\/v2\/posts\/6427\/revisions\/17596"}],"wp:attachment":[{"href":"https:\/\/forumjustica.com.br\/en\/wp-json\/wp\/v2\/media?parent=6427"}],"wp:term":[{"taxonomy":"category","embeddable":true,"href":"https:\/\/forumjustica.com.br\/en\/wp-json\/wp\/v2\/categories?post=6427"},{"taxonomy":"post_tag","embeddable":true,"href":"https:\/\/forumjustica.com.br\/en\/wp-json\/wp\/v2\/tags?post=6427"},{"taxonomy":"anos","embeddable":true,"href":"https:\/\/forumjustica.com.br\/en\/wp-json\/wp\/v2\/anos?post=6427"},{"taxonomy":"projetos","embeddable":true,"href":"https:\/\/forumjustica.com.br\/en\/wp-json\/wp\/v2\/projetos?post=6427"},{"taxonomy":"autorias","embeddable":true,"href":"https:\/\/forumjustica.com.br\/en\/wp-json\/wp\/v2\/autorias?post=6427"},{"taxonomy":"eixos_tematicos","embeddable":true,"href":"https:\/\/forumjustica.com.br\/en\/wp-json\/wp\/v2\/eixos_tematicos?post=6427"},{"taxonomy":"locais","embeddable":true,"href":"https:\/\/forumjustica.com.br\/en\/wp-json\/wp\/v2\/locais?post=6427"},{"taxonomy":"pessoas","embeddable":true,"href":"https:\/\/forumjustica.com.br\/en\/wp-json\/wp\/v2\/pessoas?post=6427"},{"taxonomy":"estado","embeddable":true,"href":"https:\/\/forumjustica.com.br\/en\/wp-json\/wp\/v2\/estado?post=6427"},{"taxonomy":"academia","embeddable":true,"href":"https:\/\/forumjustica.com.br\/en\/wp-json\/wp\/v2\/academia?post=6427"},{"taxonomy":"sociedade_civil","embeddable":true,"href":"https:\/\/forumjustica.com.br\/en\/wp-json\/wp\/v2\/sociedade_civil?post=6427"}],"curies":[{"name":"wp","href":"https:\/\/api.w.org\/{rel}","templated":true}]}}