{"id":6431,"date":"2013-07-02T09:00:30","date_gmt":"2013-07-02T11:00:30","guid":{"rendered":"https:\/\/forumjustica.vlannetwork.com\/?p=6431"},"modified":"2022-09-04T21:16:15","modified_gmt":"2022-09-05T00:16:15","slug":"brasil-ditadura-militar-completo-e-disponivel-para-download","status":"publish","type":"post","link":"https:\/\/forumjustica.com.br\/en\/brasil-ditadura-militar-completo-e-disponivel-para-download\/","title":{"rendered":"&quot;Brasil: ditadura militar&quot; completo e dispon\u00edvel para download!"},"content":{"rendered":"<p>Devido aos \u00faltimos acontecimentos e manifesta\u00e7\u00f5es no Brasil de junho de 2013, resolvemos distribuir para download e visualiza\u00e7\u00e3o digital completa a publica\u00e7\u00e3o &#8220;Brasil: ditadura militar &#8211; um livro para os que nasceram bem depois&#8230;&#8221;, da qual sou ilustradora. Acreditamos que ele pode ser uma \u00f3tima ferramenta para trabalhos de educa\u00e7\u00e3o popular sobre a nossa hist\u00f3ria, que n\u00e3o podemos esquecer!!! POR FAVOR DIVULGUEM, o livro \u00e9 did\u00e1tico e de simples entendimento (ele \u00e9 infanto juvenil). Estamos em um momento que conhecer a hist\u00f3ria da ditadura sob uma \u00f3tica militante \u00e9 important\u00edssimo!!! Vale lembrar que esse livrinho \u00e9 fruto de um trabalho \u00e1rduo de pesquisa e dedica\u00e7\u00e3o, ou seja, disponibilizamos na internet para ampliar seu acesso, mas se quiser nos ajudar comprando um exemplar original escreva para brasilditaduramilitar@gmail.com.<\/p>\n<p><a href=\"https:\/\/forumjustica.com.br\/wp-content\/uploads\/2013\/06\/capa_RGB_divulga\u00e7\u00e3o.jpg\"><img loading=\"lazy\" decoding=\"async\" src=\"https:\/\/forumjustica.com.br\/wp-content\/uploads\/2013\/06\/capa_RGB_divulga\u00e7\u00e3o.jpg\" alt=\"\" title=\"capa_RGB_divulga\u00e7\u00e3o\" width=\"640\" height=\"292\" class=\"aligncenter size-full wp-image-6432\" \/><\/a><\/p>\n<p><a href=\"http:\/\/crocomila.blogspot.com.br\/2013\/06\/brasil-ditadura-militar-completo-e.html\">http:\/\/crocomila.blogspot.com.br\/2013\/06\/brasil-ditadura-militar-completo-e.html<\/a><\/p>","protected":false},"excerpt":{"rendered":"<p>Devido aos \u00faltimos acontecimentos e manifesta\u00e7\u00f5es no Brasil de junho de 2013, resolvemos distribuir para download e visualiza\u00e7\u00e3o digital completa a publica\u00e7\u00e3o &#8220;Brasil: ditadura militar &#8211; um livro para os que nasceram bem depois&#8230;&#8221;, da qual sou ilustradora. Acreditamos que ele pode ser uma \u00f3tima ferramenta para trabalhos de educa\u00e7\u00e3o popular sobre a nossa hist\u00f3ria, [&hellip;]<\/p>\n","protected":false},"author":13,"featured_media":0,"comment_status":"open","ping_status":"closed","sticky":false,"template":"","format":"standard","meta":{"inline_featured_image":false,"footnotes":""},"categories":[1],"tags":[],"anos":[],"projetos":[],"autorias":[],"eixos_tematicos":[],"locais":[],"pessoas":[],"estado":[],"academia":[],"sociedade_civil":[],"class_list":["post-6431","post","type-post","status-publish","format-standard","hentry","category-noticias"],"_links":{"self":[{"href":"https:\/\/forumjustica.com.br\/en\/wp-json\/wp\/v2\/posts\/6431","targetHints":{"allow":["GET"]}}],"collection":[{"href":"https:\/\/forumjustica.com.br\/en\/wp-json\/wp\/v2\/posts"}],"about":[{"href":"https:\/\/forumjustica.com.br\/en\/wp-json\/wp\/v2\/types\/post"}],"author":[{"embeddable":true,"href":"https:\/\/forumjustica.com.br\/en\/wp-json\/wp\/v2\/users\/13"}],"replies":[{"embeddable":true,"href":"https:\/\/forumjustica.com.br\/en\/wp-json\/wp\/v2\/comments?post=6431"}],"version-history":[{"count":1,"href":"https:\/\/forumjustica.com.br\/en\/wp-json\/wp\/v2\/posts\/6431\/revisions"}],"predecessor-version":[{"id":17591,"href":"https:\/\/forumjustica.com.br\/en\/wp-json\/wp\/v2\/posts\/6431\/revisions\/17591"}],"wp:attachment":[{"href":"https:\/\/forumjustica.com.br\/en\/wp-json\/wp\/v2\/media?parent=6431"}],"wp:term":[{"taxonomy":"category","embeddable":true,"href":"https:\/\/forumjustica.com.br\/en\/wp-json\/wp\/v2\/categories?post=6431"},{"taxonomy":"post_tag","embeddable":true,"href":"https:\/\/forumjustica.com.br\/en\/wp-json\/wp\/v2\/tags?post=6431"},{"taxonomy":"anos","embeddable":true,"href":"https:\/\/forumjustica.com.br\/en\/wp-json\/wp\/v2\/anos?post=6431"},{"taxonomy":"projetos","embeddable":true,"href":"https:\/\/forumjustica.com.br\/en\/wp-json\/wp\/v2\/projetos?post=6431"},{"taxonomy":"autorias","embeddable":true,"href":"https:\/\/forumjustica.com.br\/en\/wp-json\/wp\/v2\/autorias?post=6431"},{"taxonomy":"eixos_tematicos","embeddable":true,"href":"https:\/\/forumjustica.com.br\/en\/wp-json\/wp\/v2\/eixos_tematicos?post=6431"},{"taxonomy":"locais","embeddable":true,"href":"https:\/\/forumjustica.com.br\/en\/wp-json\/wp\/v2\/locais?post=6431"},{"taxonomy":"pessoas","embeddable":true,"href":"https:\/\/forumjustica.com.br\/en\/wp-json\/wp\/v2\/pessoas?post=6431"},{"taxonomy":"estado","embeddable":true,"href":"https:\/\/forumjustica.com.br\/en\/wp-json\/wp\/v2\/estado?post=6431"},{"taxonomy":"academia","embeddable":true,"href":"https:\/\/forumjustica.com.br\/en\/wp-json\/wp\/v2\/academia?post=6431"},{"taxonomy":"sociedade_civil","embeddable":true,"href":"https:\/\/forumjustica.com.br\/en\/wp-json\/wp\/v2\/sociedade_civil?post=6431"}],"curies":[{"name":"wp","href":"https:\/\/api.w.org\/{rel}","templated":true}]}}