{"id":6447,"date":"2013-07-02T09:00:55","date_gmt":"2013-07-02T11:00:55","guid":{"rendered":"https:\/\/forumjustica.vlannetwork.com\/?p=6447"},"modified":"2022-09-04T21:16:15","modified_gmt":"2022-09-05T00:16:15","slug":"eguranca-publica-e-direitos-humanos-violencia-estatal-e-a-desmilitarizacao-da-policia","status":"publish","type":"post","link":"https:\/\/forumjustica.com.br\/en\/eguranca-publica-e-direitos-humanos-violencia-estatal-e-a-desmilitarizacao-da-policia\/","title":{"rendered":"Seguran\u00e7a P\u00fablica e Direitos Humanos: Viol\u00eancia Estatal e a Desmilitariza\u00e7\u00e3o da Pol\u00edcia"},"content":{"rendered":"<p><a href=\"https:\/\/forumjustica.com.br\/wp-content\/uploads\/2013\/07\/1492_553996484647264_2145474690_n.png\"><img loading=\"lazy\" decoding=\"async\" src=\"https:\/\/forumjustica.com.br\/wp-content\/uploads\/2013\/07\/1492_553996484647264_2145474690_n.png\" alt=\"\" title=\"1492_553996484647264_2145474690_n\" width=\"850\" height=\"315\" class=\"aligncenter size-full wp-image-6448\" \/><\/a><\/p>\n<p>Na pr\u00f3xima quarta-feira, 3\/7, \u00e0s 17h, haver\u00e1 um debate na Sala 107 do Instituto de FIlosofia e Ci\u00eancias Sociais da UFRJ (IFCS) sobre a Desmilitariza\u00e7\u00e3o da Pol\u00edcia. O encontro faz parte da prepara\u00e7\u00e3o para o ENPOP que acontecer\u00e1 nos dias 12, 13 e 14 de julho!<\/p>\n<p>No meio de tantos movimentos nas \u00faltimas semanas, mais um importante espa\u00e7o para pensarmos juntos!! Pensarmos que as diferentes pautas est\u00e3o longe de serem fragmentadas, mas sim se articulam profundamente em uma discuss\u00e3o ampliada sobre o modelo de cidade que queremos.<\/p>\n<p><strong>Seguran\u00e7a P\u00fablica e Direitos Humanos:<br \/>\nViol\u00eancia Estatal e a Desmilitariza\u00e7\u00e3o da Pol\u00edcia<\/strong><\/p>\n<p>Debatedores:<\/p>\n<p>Orlando Zaccone &#8211; delegado de Pol\u00edcia Civil do Rio de Janeiro<br \/>\nGizele Martins &#8211; comunicadora popular e moradora do Conjuntos de Favelas da Mar\u00e9<br \/>\nRenato Cosentino &#8211; Comit\u00ea Popular da Copa e das Olimp\u00edadas\/RJ<\/p>\n<p>Esse evento faz parte da s\u00e9rie de Pr\u00e9-Encontros que est\u00e3o sendo organizados para preparar o Encontro Popular sobre Seguran\u00e7a P\u00fablica e Direitos Humanos que ser\u00e1 realizado nos dias 12, 13 e 14 de julho no CAP UERJ.<\/p>\n<p>Para saber mais visite o site: www.enpop.net<\/p>\n<p>Pr\u00e9 Encontro ENPOP<br \/>\nQuarta \u00e0s 17:00<br \/>\nSala 107 do Instituto de FIlosofia e Ci\u00eancias Sociais da UFRJ<\/p>","protected":false},"excerpt":{"rendered":"<p>Na pr\u00f3xima quarta-feira, 3\/7, \u00e0s 17h, haver\u00e1 um debate na Sala 107 do Instituto de FIlosofia e Ci\u00eancias Sociais da UFRJ (IFCS) sobre a Desmilitariza\u00e7\u00e3o da Pol\u00edcia. O encontro faz parte da prepara\u00e7\u00e3o para o ENPOP que acontecer\u00e1 nos dias 12, 13 e 14 de julho! No meio de tantos movimentos nas \u00faltimas semanas, mais [&hellip;]<\/p>\n","protected":false},"author":13,"featured_media":0,"comment_status":"open","ping_status":"closed","sticky":false,"template":"","format":"standard","meta":{"inline_featured_image":false,"footnotes":""},"categories":[1],"tags":[],"anos":[],"projetos":[],"autorias":[],"eixos_tematicos":[],"locais":[],"pessoas":[],"estado":[],"academia":[],"sociedade_civil":[],"class_list":["post-6447","post","type-post","status-publish","format-standard","hentry","category-noticias"],"_links":{"self":[{"href":"https:\/\/forumjustica.com.br\/en\/wp-json\/wp\/v2\/posts\/6447","targetHints":{"allow":["GET"]}}],"collection":[{"href":"https:\/\/forumjustica.com.br\/en\/wp-json\/wp\/v2\/posts"}],"about":[{"href":"https:\/\/forumjustica.com.br\/en\/wp-json\/wp\/v2\/types\/post"}],"author":[{"embeddable":true,"href":"https:\/\/forumjustica.com.br\/en\/wp-json\/wp\/v2\/users\/13"}],"replies":[{"embeddable":true,"href":"https:\/\/forumjustica.com.br\/en\/wp-json\/wp\/v2\/comments?post=6447"}],"version-history":[{"count":1,"href":"https:\/\/forumjustica.com.br\/en\/wp-json\/wp\/v2\/posts\/6447\/revisions"}],"predecessor-version":[{"id":17590,"href":"https:\/\/forumjustica.com.br\/en\/wp-json\/wp\/v2\/posts\/6447\/revisions\/17590"}],"wp:attachment":[{"href":"https:\/\/forumjustica.com.br\/en\/wp-json\/wp\/v2\/media?parent=6447"}],"wp:term":[{"taxonomy":"category","embeddable":true,"href":"https:\/\/forumjustica.com.br\/en\/wp-json\/wp\/v2\/categories?post=6447"},{"taxonomy":"post_tag","embeddable":true,"href":"https:\/\/forumjustica.com.br\/en\/wp-json\/wp\/v2\/tags?post=6447"},{"taxonomy":"anos","embeddable":true,"href":"https:\/\/forumjustica.com.br\/en\/wp-json\/wp\/v2\/anos?post=6447"},{"taxonomy":"projetos","embeddable":true,"href":"https:\/\/forumjustica.com.br\/en\/wp-json\/wp\/v2\/projetos?post=6447"},{"taxonomy":"autorias","embeddable":true,"href":"https:\/\/forumjustica.com.br\/en\/wp-json\/wp\/v2\/autorias?post=6447"},{"taxonomy":"eixos_tematicos","embeddable":true,"href":"https:\/\/forumjustica.com.br\/en\/wp-json\/wp\/v2\/eixos_tematicos?post=6447"},{"taxonomy":"locais","embeddable":true,"href":"https:\/\/forumjustica.com.br\/en\/wp-json\/wp\/v2\/locais?post=6447"},{"taxonomy":"pessoas","embeddable":true,"href":"https:\/\/forumjustica.com.br\/en\/wp-json\/wp\/v2\/pessoas?post=6447"},{"taxonomy":"estado","embeddable":true,"href":"https:\/\/forumjustica.com.br\/en\/wp-json\/wp\/v2\/estado?post=6447"},{"taxonomy":"academia","embeddable":true,"href":"https:\/\/forumjustica.com.br\/en\/wp-json\/wp\/v2\/academia?post=6447"},{"taxonomy":"sociedade_civil","embeddable":true,"href":"https:\/\/forumjustica.com.br\/en\/wp-json\/wp\/v2\/sociedade_civil?post=6447"}],"curies":[{"name":"wp","href":"https:\/\/api.w.org\/{rel}","templated":true}]}}