{"id":6495,"date":"2013-07-04T13:30:06","date_gmt":"2013-07-04T15:30:06","guid":{"rendered":"https:\/\/forumjustica.vlannetwork.com\/?p=6495"},"modified":"2022-09-04T21:16:15","modified_gmt":"2022-09-05T00:16:15","slug":"quintas-resistentes-ditadura-resistencia-e-memoria","status":"publish","type":"post","link":"https:\/\/forumjustica.com.br\/en\/quintas-resistentes-ditadura-resistencia-e-memoria\/","title":{"rendered":"QUINTAS RESISTENTES: ditadura, resist\u00eancia e mem\u00f3ria"},"content":{"rendered":"<p>QUINTAS RESISTENTES: ditadura, resist\u00eancia e mem\u00f3ria<\/p>\n<p>Hoje t\u00eam in\u00edcio, na Livraria Antonio Gramsci, as Quintas Resistentes. O evento ser\u00e1 restrito a uma equipe de jornalistas e entrevistadores convidados que a cada semana comandar\u00e3o um bate-papo sobre as variadas lutas contra a ditadura civil-militar. Neste primeiro dia, estar\u00e1 presente Vladimir Palmeira, importante lideran\u00e7a na \u00e1rea estudantil.<\/p>\n<p>Para quem quiser acompanhar, o evento ser\u00e1 transmitido ao vivo a partir das 19h no endere\u00e7o <a href=\"http:\/\/piratininga.org.br\/aovivo\">http:\/\/piratininga.org.br\/aovivo<\/a><\/p>\n<p>Foto de Evandro Teixeira<br \/>\n<a href=\"https:\/\/forumjustica.com.br\/wp-content\/uploads\/2013\/07\/quintas-resistentes.jpg\"><img loading=\"lazy\" decoding=\"async\" src=\"https:\/\/forumjustica.com.br\/wp-content\/uploads\/2013\/07\/quintas-resistentes.jpg\" alt=\"\" title=\"quintas resistentes\" width=\"1120\" height=\"818\" class=\"alignleft size-full wp-image-6496\" \/><\/a><\/p>","protected":false},"excerpt":{"rendered":"<p>QUINTAS RESISTENTES: ditadura, resist\u00eancia e mem\u00f3ria Hoje t\u00eam in\u00edcio, na Livraria Antonio Gramsci, as Quintas Resistentes. O evento ser\u00e1 restrito a uma equipe de jornalistas e entrevistadores convidados que a cada semana comandar\u00e3o um bate-papo sobre as variadas lutas contra a ditadura civil-militar. Neste primeiro dia, estar\u00e1 presente Vladimir Palmeira, importante lideran\u00e7a na \u00e1rea estudantil. [&hellip;]<\/p>\n","protected":false},"author":13,"featured_media":0,"comment_status":"open","ping_status":"closed","sticky":false,"template":"","format":"standard","meta":{"inline_featured_image":false,"footnotes":""},"categories":[1],"tags":[],"anos":[],"projetos":[],"autorias":[],"eixos_tematicos":[],"locais":[],"pessoas":[],"estado":[],"academia":[],"sociedade_civil":[],"class_list":["post-6495","post","type-post","status-publish","format-standard","hentry","category-noticias"],"_links":{"self":[{"href":"https:\/\/forumjustica.com.br\/en\/wp-json\/wp\/v2\/posts\/6495","targetHints":{"allow":["GET"]}}],"collection":[{"href":"https:\/\/forumjustica.com.br\/en\/wp-json\/wp\/v2\/posts"}],"about":[{"href":"https:\/\/forumjustica.com.br\/en\/wp-json\/wp\/v2\/types\/post"}],"author":[{"embeddable":true,"href":"https:\/\/forumjustica.com.br\/en\/wp-json\/wp\/v2\/users\/13"}],"replies":[{"embeddable":true,"href":"https:\/\/forumjustica.com.br\/en\/wp-json\/wp\/v2\/comments?post=6495"}],"version-history":[{"count":1,"href":"https:\/\/forumjustica.com.br\/en\/wp-json\/wp\/v2\/posts\/6495\/revisions"}],"predecessor-version":[{"id":17584,"href":"https:\/\/forumjustica.com.br\/en\/wp-json\/wp\/v2\/posts\/6495\/revisions\/17584"}],"wp:attachment":[{"href":"https:\/\/forumjustica.com.br\/en\/wp-json\/wp\/v2\/media?parent=6495"}],"wp:term":[{"taxonomy":"category","embeddable":true,"href":"https:\/\/forumjustica.com.br\/en\/wp-json\/wp\/v2\/categories?post=6495"},{"taxonomy":"post_tag","embeddable":true,"href":"https:\/\/forumjustica.com.br\/en\/wp-json\/wp\/v2\/tags?post=6495"},{"taxonomy":"anos","embeddable":true,"href":"https:\/\/forumjustica.com.br\/en\/wp-json\/wp\/v2\/anos?post=6495"},{"taxonomy":"projetos","embeddable":true,"href":"https:\/\/forumjustica.com.br\/en\/wp-json\/wp\/v2\/projetos?post=6495"},{"taxonomy":"autorias","embeddable":true,"href":"https:\/\/forumjustica.com.br\/en\/wp-json\/wp\/v2\/autorias?post=6495"},{"taxonomy":"eixos_tematicos","embeddable":true,"href":"https:\/\/forumjustica.com.br\/en\/wp-json\/wp\/v2\/eixos_tematicos?post=6495"},{"taxonomy":"locais","embeddable":true,"href":"https:\/\/forumjustica.com.br\/en\/wp-json\/wp\/v2\/locais?post=6495"},{"taxonomy":"pessoas","embeddable":true,"href":"https:\/\/forumjustica.com.br\/en\/wp-json\/wp\/v2\/pessoas?post=6495"},{"taxonomy":"estado","embeddable":true,"href":"https:\/\/forumjustica.com.br\/en\/wp-json\/wp\/v2\/estado?post=6495"},{"taxonomy":"academia","embeddable":true,"href":"https:\/\/forumjustica.com.br\/en\/wp-json\/wp\/v2\/academia?post=6495"},{"taxonomy":"sociedade_civil","embeddable":true,"href":"https:\/\/forumjustica.com.br\/en\/wp-json\/wp\/v2\/sociedade_civil?post=6495"}],"curies":[{"name":"wp","href":"https:\/\/api.w.org\/{rel}","templated":true}]}}