{"id":6504,"date":"2013-07-08T09:00:34","date_gmt":"2013-07-08T11:00:34","guid":{"rendered":"https:\/\/forumjustica.vlannetwork.com\/?p=6504"},"modified":"2022-09-04T21:16:15","modified_gmt":"2022-09-05T00:16:15","slug":"aprovada-pec-que-da-autonomia-as-defensorias-da-uniao-e-do-df","status":"publish","type":"post","link":"https:\/\/forumjustica.com.br\/en\/aprovada-pec-que-da-autonomia-as-defensorias-da-uniao-e-do-df\/","title":{"rendered":"Aprovada PEC que d\u00e1 autonomia \u00e0s defensorias da Uni\u00e3o e do DF"},"content":{"rendered":"<p>Aprovada PEC que d\u00e1 autonomia \u00e0s defensorias da Uni\u00e3o e do DF<\/p>\n<p>Ag\u00eancia C\u00e2mara e Ag\u00eancia Brasil &#8211; 03\/07\/2013 &#8211; 21h38<\/p>\n<p>A C\u00e2mara dos Deputados aprovou, por 408 votos favor\u00e1veis, 3 contr\u00e1rios e 1 absten\u00e7\u00e3o, a PEC (Proposta de Emenda \u00e0 Constitui\u00e7\u00e3o) 207, que estende \u00e0s defensorias p\u00fablicas da Uni\u00e3o e do Distrito Federal a autonomia funcional e administrativa e a iniciativa de sua proposta or\u00e7ament\u00e1ria concedidas \u00e0s defensorias estaduais.<\/p>\n<p>A PEC, de autoria do Senado Federal, ainda precisa ser aprovada em segundo turno para poder ser promulgada pelo Congresso Nacional. Ao t\u00e9rmino da vota\u00e7\u00e3o, o presidente da C\u00e2mara, deputado Henrique Eduardo Alves (PMDB-RN), anunciou que vai propor aos l\u00edderes partid\u00e1rios na ter\u00e7a-feira (9\/7) da pr\u00f3xima semana a quebra de interst\u00edcio para poder votar a proposta, em segundo turno, na pr\u00f3pria ter\u00e7a-feira.<\/p>\n<p>A vota\u00e7\u00e3o foi acompanhada por um grupo de servidores das defensorias, que ocupou as galerias da C\u00e2mara. A cada discurso favor\u00e1vel \u00e0 PEC, eles se manifestavam com aplausos.<\/p>\n<p>Alguns deputados, no entanto, afirmaram que a PEC \u00e9 corporativa. Os deputados Silvio Costa (PTB-PE) e Mendon\u00e7a Filho (DEM-PE) argumentaram que a proposta \u00e9 meramente corporativa e n\u00e3o atende aos interesses do Pa\u00eds. Silvio Costa disse que a proposta \u00e9 &#8220;demag\u00f3gica&#8221; e que a autonomia administrativa vai reservar parte do Or\u00e7amento, o que pode comprometer as contas p\u00fablicas. &#8220;O Estado brasileiro vai quebrar&#8221;, disse.<\/p>\n<p>J\u00e1 Mendon\u00e7a Filho afirmou que nenhuma institui\u00e7\u00e3o pode se colocar acima dos poderes definidos pela Constitui\u00e7\u00e3o \u2013 Legislativo, Judici\u00e1rio e Executivo. &#8220;As corpora\u00e7\u00f5es ganham for\u00e7a e peso no Pa\u00eds, e elas n\u00e3o podem se sobrepor ao interesse geral&#8221;, disse. Ele declarou que a proposta abre caminho para que outras carreiras tamb\u00e9m reivindiquem essa autonomia.<\/p>\n<p>Institui\u00e7\u00e3o de Estado<\/p>\n<p>Os dois deputados, no entanto, foram minoria no debate. Mendon\u00e7a Filho chegou a bater boca com o deputado Miro Teixeira (PDT-RJ), que defendeu a proposta. Segundo ele, a defensoria tem de deixar de ser uma institui\u00e7\u00e3o do governo e passar a ser uma institui\u00e7\u00e3o de Estado. &#8220;A defensoria n\u00e3o pode ficar subordinada a governos&#8221;, disse Teixeira.<\/p>\n<p>O l\u00edder do PPS, deputado Rubens Bueno (PR), ressaltou que a PEC apenas garante \u00e0 Uni\u00e3o e ao Distrito Federal a mesma autonomia j\u00e1 garantida aos estados. J\u00e1 o l\u00edder do PSDB, deputado Carlos Sampaio (SP), destacou que a defensoria atua n\u00e3o apenas na defesa dos mais pobres, mas tamb\u00e9m das pessoas com defici\u00eancia.<\/p>\n<p>A deputada Alice Portugal (PCdoB-BA) disse que o fortalecimento da defensoria vai beneficiar os mais pobres e as mulheres. &#8220;\u00c9 um avan\u00e7o para mulheres, que, pela defensoria, fazem valer a Lei Maria da Penha&#8221;, disse.<\/p>\n<p><a href=\"http:\/\/ultimainstancia.uol.com.br\/conteudo\/noticias\/64420\/aprovada+pec+que+da+autonomia+as+defensorias+da+uniao+e+do+df.shtml\">http:\/\/ultimainstancia.uol.com.br\/conteudo\/noticias\/64420\/aprovada+pec+que+da+autonomia+as+defensorias+da+uniao+e+do+df.shtml<\/a><\/p>\n","protected":false},"excerpt":{"rendered":"<p>Aprovada PEC que d\u00e1 autonomia \u00e0s defensorias da Uni\u00e3o e do DF Ag\u00eancia C\u00e2mara e Ag\u00eancia Brasil &#8211; 03\/07\/2013 &#8211; 21h38 A C\u00e2mara dos Deputados aprovou, por 408 votos favor\u00e1veis, 3 contr\u00e1rios e 1 absten\u00e7\u00e3o, a PEC (Proposta de Emenda \u00e0 Constitui\u00e7\u00e3o) 207, que estende \u00e0s defensorias p\u00fablicas da Uni\u00e3o e do Distrito Federal a [&hellip;]<\/p>\n","protected":false},"author":13,"featured_media":0,"comment_status":"open","ping_status":"closed","sticky":false,"template":"","format":"standard","meta":{"inline_featured_image":false,"footnotes":""},"categories":[1],"tags":[],"anos":[],"projetos":[],"autorias":[],"eixos_tematicos":[],"locais":[],"pessoas":[],"estado":[],"academia":[],"sociedade_civil":[],"class_list":["post-6504","post","type-post","status-publish","format-standard","hentry","category-noticias"],"_links":{"self":[{"href":"https:\/\/forumjustica.com.br\/en\/wp-json\/wp\/v2\/posts\/6504","targetHints":{"allow":["GET"]}}],"collection":[{"href":"https:\/\/forumjustica.com.br\/en\/wp-json\/wp\/v2\/posts"}],"about":[{"href":"https:\/\/forumjustica.com.br\/en\/wp-json\/wp\/v2\/types\/post"}],"author":[{"embeddable":true,"href":"https:\/\/forumjustica.com.br\/en\/wp-json\/wp\/v2\/users\/13"}],"replies":[{"embeddable":true,"href":"https:\/\/forumjustica.com.br\/en\/wp-json\/wp\/v2\/comments?post=6504"}],"version-history":[{"count":1,"href":"https:\/\/forumjustica.com.br\/en\/wp-json\/wp\/v2\/posts\/6504\/revisions"}],"predecessor-version":[{"id":17582,"href":"https:\/\/forumjustica.com.br\/en\/wp-json\/wp\/v2\/posts\/6504\/revisions\/17582"}],"wp:attachment":[{"href":"https:\/\/forumjustica.com.br\/en\/wp-json\/wp\/v2\/media?parent=6504"}],"wp:term":[{"taxonomy":"category","embeddable":true,"href":"https:\/\/forumjustica.com.br\/en\/wp-json\/wp\/v2\/categories?post=6504"},{"taxonomy":"post_tag","embeddable":true,"href":"https:\/\/forumjustica.com.br\/en\/wp-json\/wp\/v2\/tags?post=6504"},{"taxonomy":"anos","embeddable":true,"href":"https:\/\/forumjustica.com.br\/en\/wp-json\/wp\/v2\/anos?post=6504"},{"taxonomy":"projetos","embeddable":true,"href":"https:\/\/forumjustica.com.br\/en\/wp-json\/wp\/v2\/projetos?post=6504"},{"taxonomy":"autorias","embeddable":true,"href":"https:\/\/forumjustica.com.br\/en\/wp-json\/wp\/v2\/autorias?post=6504"},{"taxonomy":"eixos_tematicos","embeddable":true,"href":"https:\/\/forumjustica.com.br\/en\/wp-json\/wp\/v2\/eixos_tematicos?post=6504"},{"taxonomy":"locais","embeddable":true,"href":"https:\/\/forumjustica.com.br\/en\/wp-json\/wp\/v2\/locais?post=6504"},{"taxonomy":"pessoas","embeddable":true,"href":"https:\/\/forumjustica.com.br\/en\/wp-json\/wp\/v2\/pessoas?post=6504"},{"taxonomy":"estado","embeddable":true,"href":"https:\/\/forumjustica.com.br\/en\/wp-json\/wp\/v2\/estado?post=6504"},{"taxonomy":"academia","embeddable":true,"href":"https:\/\/forumjustica.com.br\/en\/wp-json\/wp\/v2\/academia?post=6504"},{"taxonomy":"sociedade_civil","embeddable":true,"href":"https:\/\/forumjustica.com.br\/en\/wp-json\/wp\/v2\/sociedade_civil?post=6504"}],"curies":[{"name":"wp","href":"https:\/\/api.w.org\/{rel}","templated":true}]}}