{"id":6551,"date":"2013-07-12T13:19:00","date_gmt":"2013-07-12T15:19:00","guid":{"rendered":"https:\/\/forumjustica.vlannetwork.com\/?p=6551"},"modified":"2022-09-04T21:16:15","modified_gmt":"2022-09-05T00:16:15","slug":"conheca-a-primeira-ouvidora-geral-da-defensoria-publica-do-parana","status":"publish","type":"post","link":"https:\/\/forumjustica.com.br\/en\/conheca-a-primeira-ouvidora-geral-da-defensoria-publica-do-parana\/","title":{"rendered":"Conhe\u00e7a a primeira Ouvidora-Geral da Defensoria P\u00fablica do Paran\u00e1"},"content":{"rendered":"<p>09\/07\/2013<\/p>\n<p>Na manh\u00e3 desta segunda-feira (08\/07), no gabinete da defensora p\u00fablica-geral do Estado, foi nomeada a primeira ouvidora da Defensoria P\u00fablica do Paran\u00e1, Maria de Lourdes de Souza.<\/p>\n<p>Pedagoga e estudante de Direito, Maria de Lourdes, conhecida como Santa, atua como assessora pol\u00edtica e tem grande participa\u00e7\u00e3o dentro dos movimentos sociais de luta pelos direitos humanos. \u00c9 fundadora e diretora da Associa\u00e7\u00e3o Cultural de Negritude e A\u00e7\u00e3o Popular (ACNAP), fundadora e conselheira do Conselho Permanente de Direitos Humanos do Paran\u00e1 e do Programa de Assist\u00eancia a V\u00edtimas e Testemunhas Amea\u00e7adas (Provita). Al\u00e9m disso, atua na \u00e1rea de pol\u00edticas p\u00fablicas da Comiss\u00e3o de Estudos \u00e0 Viol\u00eancia de G\u00eanero (CEVIGE).<\/p>\n<p>A Ouvidoria-Geral \u00e9 um \u00f3rg\u00e3o auxiliar da Defensoria P\u00fablica, prevista na Lei Org\u00e2nica da institui\u00e7\u00e3o (art. 34), e que tem como objetivo a promo\u00e7\u00e3o da qualidade dos servi\u00e7os prestados pela DPPR. A Ouvidoria tem participa\u00e7\u00e3o da sociedade civil na sua gest\u00e3o e fiscaliza\u00e7\u00e3o.<\/p>\n<p>O ouvidor-geral \u00e9 escolhido pelo Conselho Superior da DPPR, entre cidad\u00e3os de reputa\u00e7\u00e3o ilibada, n\u00e3o integrantes da Carreira de Defensor P\u00fablico e indicados em lista tr\u00edplice \u2013 formada em vota\u00e7\u00e3o realizada entre metade dos membros do Conselho Permanente de Direitos Humanos (COPED), que s\u00e3o escolhidos entre as organiza\u00e7\u00f5es n\u00e3o-governamentais ligadas \u00e0 defesa dos Direitos Humanos \u2013 composta de membros da sociedade civil, para mandato de dois anos, permitida uma recondu\u00e7\u00e3o.<\/p>\n<p>O cargo de ouvidor-geral \u00e9 exercido em regime de dedica\u00e7\u00e3o exclusiva. Nas pr\u00f3ximas semanas, Maria de Lourdes deve se desvincular de seu atual emprego para tomar posse como a primeira ouvidora-geral da Defensoria P\u00fablica do Paran\u00e1.<\/p>\n<p><br \/>\n<a href=\"http:\/\/www.defensoriapublica.pr.gov.br\/modules\/noticias\/article.php?storyid=55\">http:\/\/www.defensoriapublica.pr.gov.br\/modules\/noticias\/article.php?storyid=55<\/a><\/p>\n","protected":false},"excerpt":{"rendered":"<p>09\/07\/2013 Na manh\u00e3 desta segunda-feira (08\/07), no gabinete da defensora p\u00fablica-geral do Estado, foi nomeada a primeira ouvidora da Defensoria P\u00fablica do Paran\u00e1, Maria de Lourdes de Souza. Pedagoga e estudante de Direito, Maria de Lourdes, conhecida como Santa, atua como assessora pol\u00edtica e tem grande participa\u00e7\u00e3o dentro dos movimentos sociais de luta pelos direitos [&hellip;]<\/p>\n","protected":false},"author":13,"featured_media":0,"comment_status":"open","ping_status":"closed","sticky":false,"template":"","format":"standard","meta":{"inline_featured_image":false,"footnotes":""},"categories":[1],"tags":[],"anos":[],"projetos":[],"autorias":[],"eixos_tematicos":[],"locais":[],"pessoas":[],"estado":[],"academia":[],"sociedade_civil":[],"class_list":["post-6551","post","type-post","status-publish","format-standard","hentry","category-noticias"],"_links":{"self":[{"href":"https:\/\/forumjustica.com.br\/en\/wp-json\/wp\/v2\/posts\/6551","targetHints":{"allow":["GET"]}}],"collection":[{"href":"https:\/\/forumjustica.com.br\/en\/wp-json\/wp\/v2\/posts"}],"about":[{"href":"https:\/\/forumjustica.com.br\/en\/wp-json\/wp\/v2\/types\/post"}],"author":[{"embeddable":true,"href":"https:\/\/forumjustica.com.br\/en\/wp-json\/wp\/v2\/users\/13"}],"replies":[{"embeddable":true,"href":"https:\/\/forumjustica.com.br\/en\/wp-json\/wp\/v2\/comments?post=6551"}],"version-history":[{"count":1,"href":"https:\/\/forumjustica.com.br\/en\/wp-json\/wp\/v2\/posts\/6551\/revisions"}],"predecessor-version":[{"id":17575,"href":"https:\/\/forumjustica.com.br\/en\/wp-json\/wp\/v2\/posts\/6551\/revisions\/17575"}],"wp:attachment":[{"href":"https:\/\/forumjustica.com.br\/en\/wp-json\/wp\/v2\/media?parent=6551"}],"wp:term":[{"taxonomy":"category","embeddable":true,"href":"https:\/\/forumjustica.com.br\/en\/wp-json\/wp\/v2\/categories?post=6551"},{"taxonomy":"post_tag","embeddable":true,"href":"https:\/\/forumjustica.com.br\/en\/wp-json\/wp\/v2\/tags?post=6551"},{"taxonomy":"anos","embeddable":true,"href":"https:\/\/forumjustica.com.br\/en\/wp-json\/wp\/v2\/anos?post=6551"},{"taxonomy":"projetos","embeddable":true,"href":"https:\/\/forumjustica.com.br\/en\/wp-json\/wp\/v2\/projetos?post=6551"},{"taxonomy":"autorias","embeddable":true,"href":"https:\/\/forumjustica.com.br\/en\/wp-json\/wp\/v2\/autorias?post=6551"},{"taxonomy":"eixos_tematicos","embeddable":true,"href":"https:\/\/forumjustica.com.br\/en\/wp-json\/wp\/v2\/eixos_tematicos?post=6551"},{"taxonomy":"locais","embeddable":true,"href":"https:\/\/forumjustica.com.br\/en\/wp-json\/wp\/v2\/locais?post=6551"},{"taxonomy":"pessoas","embeddable":true,"href":"https:\/\/forumjustica.com.br\/en\/wp-json\/wp\/v2\/pessoas?post=6551"},{"taxonomy":"estado","embeddable":true,"href":"https:\/\/forumjustica.com.br\/en\/wp-json\/wp\/v2\/estado?post=6551"},{"taxonomy":"academia","embeddable":true,"href":"https:\/\/forumjustica.com.br\/en\/wp-json\/wp\/v2\/academia?post=6551"},{"taxonomy":"sociedade_civil","embeddable":true,"href":"https:\/\/forumjustica.com.br\/en\/wp-json\/wp\/v2\/sociedade_civil?post=6551"}],"curies":[{"name":"wp","href":"https:\/\/api.w.org\/{rel}","templated":true}]}}