{"id":6559,"date":"2013-07-15T10:00:47","date_gmt":"2013-07-15T12:00:47","guid":{"rendered":"https:\/\/forumjustica.vlannetwork.com\/?p=6559"},"modified":"2022-09-04T21:16:15","modified_gmt":"2022-09-05T00:16:15","slug":"comissao-especial-da-pec-das-comarcas-sera-instalada-na-proxima-terca-16","status":"publish","type":"post","link":"https:\/\/forumjustica.com.br\/en\/comissao-especial-da-pec-das-comarcas-sera-instalada-na-proxima-terca-16\/","title":{"rendered":"Comiss\u00e3o Especial da PEC das Comarcas ser\u00e1 instalada na pr\u00f3xima ter\u00e7a (16)"},"content":{"rendered":"<p>Fonte: Ascom ANADEP<br \/>\nEstado: DF<\/p>\n<p><a href=\"https:\/\/forumjustica.com.br\/wp-content\/uploads\/2013\/07\/mapa.jpg\"><img loading=\"lazy\" decoding=\"async\" src=\"https:\/\/forumjustica.com.br\/wp-content\/uploads\/2013\/07\/mapa.jpg\" alt=\"\" title=\"mapa\" width=\"274\" height=\"260\" class=\"alignright size-full wp-image-6561\" \/><\/a><\/p>\n<p>Na pr\u00f3xima ter\u00e7a-feira (16), a ANADEP dar\u00e1 um importante passo na tramita\u00e7\u00e3o daPEC 247\/2013 \u2013 a PEC das Comarcas, com a reuni\u00e3o para instala\u00e7\u00e3o da Comiss\u00e3o Especial para acompanhamento da mat\u00e9ria. O presidente da C\u00e2mara dos Deputados, Henrique Eduardo Alves (PMDB\/RN), j\u00e1 assinou o ato de instala\u00e7\u00e3o da Comiss\u00e3o (veja aqui a \u00edntegra do documento). A solenidade est\u00e1 agendada para as 14h30, no Plen\u00e1rio 16 do Anexo II, da C\u00e2mara dos Deputados.<\/p>\n<p>De acordo com a presidente da ANADEP, Patr\u00edcia Kettermann, o Brasil precisa de uma Defensoria P\u00fablica forte e efetivamente estruturada em todas as Comarcas.  &#8220;A altera\u00e7\u00e3o constitucional buscada atrav\u00e9s da PEC 247 responde aos anseios sociais tendo em vista que \u00e9 inadmiss\u00edvel que haja defensores p\u00fablicos em apenas 28% das comarcas do nosso pa\u00eds. A ANADEP tem se articulado di\u00e1ria e intensamente para que o tramite da PEC seja breve fazendo com que a Constitui\u00e7\u00e3o Federal seja o reflexo destes anseios leg\u00edtimos por garantia de direitos&#8221;, pontuou.<\/p>\n<p>A PEC das Comarcas busca universalizar os servi\u00e7os da Defensoria P\u00fablica em todo o territ\u00f3rio brasileiro, estabelecendo que o n\u00famero de defensores p\u00fablicos deva ser proporcional \u00e0 efetiva demanda pelo servi\u00e7o. A proposta fixa um prazo de oito anos para que todas as comarcas do Brasil passem a ter defensores p\u00fablicos em n\u00famero suficiente.<\/p>\n<p>De acordo com dados do <a href=\"http:\/\/www.ipea.gov.br\/sites\/mapadefensoria\">Mapa da Defensoria P\u00fablica no Brasil<\/a>, faltam defensores p\u00fablicos em 72% das comarcas brasileiras, ou seja, a Defensoria P\u00fablica s\u00f3 est\u00e1 presente em 754 das 2.680 comarcas distribu\u00eddas em todo o pa\u00eds. Ainda segundo a pesquisa, os estados contam com 11.835 magistrados, 9.963 membros do Minist\u00e9rio P\u00fablico e apenas com 5.054 defensores p\u00fablicos.<\/p>\n<p>Tramita\u00e7\u00e3o: A mat\u00e9ria teve sua admissibilidade aprovada no dia 10 de abril \u00faltimo, na Comiss\u00e3o de Constitui\u00e7\u00e3o e Justi\u00e7a (CCJ). S\u00f3 depois de apreciada e aprovada pela comiss\u00e3o especial, a proposta ser\u00e1 encaminhada \u00e0 delibera\u00e7\u00e3o do plen\u00e1rio da C\u00e2mara, em dois turnos de vota\u00e7\u00e3o. Para ser aprovada ser\u00e3o necess\u00e1rios 308 votos favor\u00e1veis. Depois de aprovada em dois turnos, a PEC ser\u00e1 ent\u00e3o encaminhada \u00e0 aprecia\u00e7\u00e3o do Senado.<\/p>\n<p>Confira aqui a rela\u00e7\u00e3o completa da composi\u00e7\u00e3o dos membros da Comiss\u00e3o Especial da PEC 247\/2013.<\/p>","protected":false},"excerpt":{"rendered":"<p>Fonte: Ascom ANADEP Estado: DF Na pr\u00f3xima ter\u00e7a-feira (16), a ANADEP dar\u00e1 um importante passo na tramita\u00e7\u00e3o daPEC 247\/2013 \u2013 a PEC das Comarcas, com a reuni\u00e3o para instala\u00e7\u00e3o da Comiss\u00e3o Especial para acompanhamento da mat\u00e9ria. O presidente da C\u00e2mara dos Deputados, Henrique Eduardo Alves (PMDB\/RN), j\u00e1 assinou o ato de instala\u00e7\u00e3o da Comiss\u00e3o (veja [&hellip;]<\/p>\n","protected":false},"author":13,"featured_media":0,"comment_status":"open","ping_status":"closed","sticky":false,"template":"","format":"standard","meta":{"inline_featured_image":false,"footnotes":""},"categories":[1],"tags":[],"anos":[],"projetos":[],"autorias":[],"eixos_tematicos":[],"locais":[],"pessoas":[],"estado":[],"academia":[],"sociedade_civil":[],"class_list":["post-6559","post","type-post","status-publish","format-standard","hentry","category-noticias"],"_links":{"self":[{"href":"https:\/\/forumjustica.com.br\/en\/wp-json\/wp\/v2\/posts\/6559","targetHints":{"allow":["GET"]}}],"collection":[{"href":"https:\/\/forumjustica.com.br\/en\/wp-json\/wp\/v2\/posts"}],"about":[{"href":"https:\/\/forumjustica.com.br\/en\/wp-json\/wp\/v2\/types\/post"}],"author":[{"embeddable":true,"href":"https:\/\/forumjustica.com.br\/en\/wp-json\/wp\/v2\/users\/13"}],"replies":[{"embeddable":true,"href":"https:\/\/forumjustica.com.br\/en\/wp-json\/wp\/v2\/comments?post=6559"}],"version-history":[{"count":1,"href":"https:\/\/forumjustica.com.br\/en\/wp-json\/wp\/v2\/posts\/6559\/revisions"}],"predecessor-version":[{"id":17573,"href":"https:\/\/forumjustica.com.br\/en\/wp-json\/wp\/v2\/posts\/6559\/revisions\/17573"}],"wp:attachment":[{"href":"https:\/\/forumjustica.com.br\/en\/wp-json\/wp\/v2\/media?parent=6559"}],"wp:term":[{"taxonomy":"category","embeddable":true,"href":"https:\/\/forumjustica.com.br\/en\/wp-json\/wp\/v2\/categories?post=6559"},{"taxonomy":"post_tag","embeddable":true,"href":"https:\/\/forumjustica.com.br\/en\/wp-json\/wp\/v2\/tags?post=6559"},{"taxonomy":"anos","embeddable":true,"href":"https:\/\/forumjustica.com.br\/en\/wp-json\/wp\/v2\/anos?post=6559"},{"taxonomy":"projetos","embeddable":true,"href":"https:\/\/forumjustica.com.br\/en\/wp-json\/wp\/v2\/projetos?post=6559"},{"taxonomy":"autorias","embeddable":true,"href":"https:\/\/forumjustica.com.br\/en\/wp-json\/wp\/v2\/autorias?post=6559"},{"taxonomy":"eixos_tematicos","embeddable":true,"href":"https:\/\/forumjustica.com.br\/en\/wp-json\/wp\/v2\/eixos_tematicos?post=6559"},{"taxonomy":"locais","embeddable":true,"href":"https:\/\/forumjustica.com.br\/en\/wp-json\/wp\/v2\/locais?post=6559"},{"taxonomy":"pessoas","embeddable":true,"href":"https:\/\/forumjustica.com.br\/en\/wp-json\/wp\/v2\/pessoas?post=6559"},{"taxonomy":"estado","embeddable":true,"href":"https:\/\/forumjustica.com.br\/en\/wp-json\/wp\/v2\/estado?post=6559"},{"taxonomy":"academia","embeddable":true,"href":"https:\/\/forumjustica.com.br\/en\/wp-json\/wp\/v2\/academia?post=6559"},{"taxonomy":"sociedade_civil","embeddable":true,"href":"https:\/\/forumjustica.com.br\/en\/wp-json\/wp\/v2\/sociedade_civil?post=6559"}],"curies":[{"name":"wp","href":"https:\/\/api.w.org\/{rel}","templated":true}]}}