{"id":6590,"date":"2013-07-16T23:01:24","date_gmt":"2013-07-17T01:01:24","guid":{"rendered":"https:\/\/forumjustica.vlannetwork.com\/?p=6590"},"modified":"2022-09-04T21:16:15","modified_gmt":"2022-09-05T00:16:15","slug":"amanha-debate-vandalizando-o-feminino-as-10h30-na-uerj","status":"publish","type":"post","link":"https:\/\/forumjustica.com.br\/en\/amanha-debate-vandalizando-o-feminino-as-10h30-na-uerj\/","title":{"rendered":"Amanh\u00e3! Debate &quot;Vandalizando o feminino&quot; \u00e0s 10h30 na UERJ"},"content":{"rendered":"<p>Prezad@s,<\/p>\n<p>tendo em vista as manifesta\u00e7\u00f5es multitudin\u00e1rias que tomaram as ruas nos \u00faltimos meses e, em especial, a aproxima\u00e7\u00e3o da Marcha das Vadias realizada em todo o Brasil e no final desse m\u00eas de julho aqui no Rio de Janeiro, quest\u00f5es como viol\u00eancia de g\u00eanero, feminismos e direitos sexuais e reprodutivos ganham destaque no debate p\u00fablico e nos desafiam a repensar categorias e ressignificar conceitos. Com isso em mente, as representa\u00e7\u00f5es discentes dos programas de p\u00f3s-gradua\u00e7\u00e3o em Direito da UERJ e da PUC-Rio convidam tod@s para o evento &#8220;Vandalizando o feminino: debates sobre emancipa\u00e7\u00e3o, igualdade, mulheres e vadiagem&#8221;, a se realizar no dia 17 de julho, quarta-feira, \u00e0s 10h30, no sal\u00e3o nobre do 7\u00ba andar da UERJ.<\/p>\n<p>Compor\u00e3o a mesa as debatedoras Indianara Alves Siqueira (militante dos movimentos TransRevolu\u00e7\u00e3o, RedTrans Brasil e Marcha das Vadias), Vanessa Santos do Canto (doutoranda em Direito pela PUC-RJ, pesquisadora de quest\u00f5es raciais e de g\u00eanero) e Maria Luiza Heilborn (Historiadora, Mestre e Doutora em Antropologia Social; coordenadora do Centro Latino-Americano em Sexualidade e Direitos Humanos (CLAM) e do Programa em G\u00eanero, Sexualidade e Sa\u00fade, ambos no IMS-UERJ; membro fundadora do International Association for the Study of Sexuality, Culture and Society -IASSCS)..<\/p>\n<p>Esperamos tod@s l\u00e1!<\/p>\n<p><a href=\"https:\/\/forumjustica.com.br\/wp-content\/uploads\/2013\/07\/poster.jpg\"><img loading=\"lazy\" decoding=\"async\" src=\"https:\/\/forumjustica.com.br\/wp-content\/uploads\/2013\/07\/poster.jpg\" alt=\"\" title=\"poster\" width=\"625\" height=\"960\" class=\"aligncenter size-full wp-image-6591\" \/><\/a><\/p>","protected":false},"excerpt":{"rendered":"<p>Prezad@s, tendo em vista as manifesta\u00e7\u00f5es multitudin\u00e1rias que tomaram as ruas nos \u00faltimos meses e, em especial, a aproxima\u00e7\u00e3o da Marcha das Vadias realizada em todo o Brasil e no final desse m\u00eas de julho aqui no Rio de Janeiro, quest\u00f5es como viol\u00eancia de g\u00eanero, feminismos e direitos sexuais e reprodutivos ganham destaque no debate [&hellip;]<\/p>\n","protected":false},"author":13,"featured_media":0,"comment_status":"open","ping_status":"closed","sticky":false,"template":"","format":"standard","meta":{"inline_featured_image":false,"footnotes":""},"categories":[1],"tags":[],"anos":[],"projetos":[],"autorias":[],"eixos_tematicos":[],"locais":[],"pessoas":[],"estado":[],"academia":[],"sociedade_civil":[],"class_list":["post-6590","post","type-post","status-publish","format-standard","hentry","category-noticias"],"_links":{"self":[{"href":"https:\/\/forumjustica.com.br\/en\/wp-json\/wp\/v2\/posts\/6590","targetHints":{"allow":["GET"]}}],"collection":[{"href":"https:\/\/forumjustica.com.br\/en\/wp-json\/wp\/v2\/posts"}],"about":[{"href":"https:\/\/forumjustica.com.br\/en\/wp-json\/wp\/v2\/types\/post"}],"author":[{"embeddable":true,"href":"https:\/\/forumjustica.com.br\/en\/wp-json\/wp\/v2\/users\/13"}],"replies":[{"embeddable":true,"href":"https:\/\/forumjustica.com.br\/en\/wp-json\/wp\/v2\/comments?post=6590"}],"version-history":[{"count":1,"href":"https:\/\/forumjustica.com.br\/en\/wp-json\/wp\/v2\/posts\/6590\/revisions"}],"predecessor-version":[{"id":17570,"href":"https:\/\/forumjustica.com.br\/en\/wp-json\/wp\/v2\/posts\/6590\/revisions\/17570"}],"wp:attachment":[{"href":"https:\/\/forumjustica.com.br\/en\/wp-json\/wp\/v2\/media?parent=6590"}],"wp:term":[{"taxonomy":"category","embeddable":true,"href":"https:\/\/forumjustica.com.br\/en\/wp-json\/wp\/v2\/categories?post=6590"},{"taxonomy":"post_tag","embeddable":true,"href":"https:\/\/forumjustica.com.br\/en\/wp-json\/wp\/v2\/tags?post=6590"},{"taxonomy":"anos","embeddable":true,"href":"https:\/\/forumjustica.com.br\/en\/wp-json\/wp\/v2\/anos?post=6590"},{"taxonomy":"projetos","embeddable":true,"href":"https:\/\/forumjustica.com.br\/en\/wp-json\/wp\/v2\/projetos?post=6590"},{"taxonomy":"autorias","embeddable":true,"href":"https:\/\/forumjustica.com.br\/en\/wp-json\/wp\/v2\/autorias?post=6590"},{"taxonomy":"eixos_tematicos","embeddable":true,"href":"https:\/\/forumjustica.com.br\/en\/wp-json\/wp\/v2\/eixos_tematicos?post=6590"},{"taxonomy":"locais","embeddable":true,"href":"https:\/\/forumjustica.com.br\/en\/wp-json\/wp\/v2\/locais?post=6590"},{"taxonomy":"pessoas","embeddable":true,"href":"https:\/\/forumjustica.com.br\/en\/wp-json\/wp\/v2\/pessoas?post=6590"},{"taxonomy":"estado","embeddable":true,"href":"https:\/\/forumjustica.com.br\/en\/wp-json\/wp\/v2\/estado?post=6590"},{"taxonomy":"academia","embeddable":true,"href":"https:\/\/forumjustica.com.br\/en\/wp-json\/wp\/v2\/academia?post=6590"},{"taxonomy":"sociedade_civil","embeddable":true,"href":"https:\/\/forumjustica.com.br\/en\/wp-json\/wp\/v2\/sociedade_civil?post=6590"}],"curies":[{"name":"wp","href":"https:\/\/api.w.org\/{rel}","templated":true}]}}