{"id":6757,"date":"2013-08-05T09:00:41","date_gmt":"2013-08-05T11:00:41","guid":{"rendered":"https:\/\/forumjustica.vlannetwork.com\/?p=6757"},"modified":"2022-09-04T21:16:14","modified_gmt":"2022-09-05T00:16:14","slug":"curso-interpretes-do-brasil","status":"publish","type":"post","link":"https:\/\/forumjustica.com.br\/en\/curso-interpretes-do-brasil\/","title":{"rendered":"Curso: Int\u00e9rpretes do Brasil"},"content":{"rendered":"<p>Trata-se de uma disciplina de p\u00f3s-gradua\u00e7\u00e3o ministrada simultaneamente nos programas de Hist\u00f3ria da Ci\u00eancia da Tecnologia e Epistemologia (HCTE) e de Economia da UFRJ.<\/p>\n<p>Para se inscrever basta utilizar o siga (a depender do regime do curso) ou dirigir-se \u00e0 secretaria de p\u00f3s-gradua\u00e7\u00e3o do Instituto de Economia (Av. PAsteur 250, Pal\u00e1cio Universit\u00e1rio, T\u00e9rreo) e falar com Ana Elisabeth ou \u00e0 secretaria do HCTE (decania do CCMN na cidade universit\u00e1ria) e falar com D\u00e9bora, Ricardo ou Regina.<\/p>\n<p>O curso ser\u00e1 ministrado \u00e0s ter\u00e7as-feiras pela manh\u00e3 (a partir das 9hs) no Instituto de Economia, na Praia Vermelha, a partir de 20 de agosto de 2013.<\/p>\n<p><strong>IEE-801 \u2013 Int\u00e9rpretes do Brasil<br \/>\n<\/strong><br \/>\nProfessora: Maria Malta e Alo\u00edsio Teixeira (in Memoriam)<\/p>\n<p>Objetivo:<\/p>\n<p>A proposta do curso consiste em permitir aos estudantes da p\u00f3s-gradua\u00e7\u00e3o realizar um debate sobre alguns autores que podem ser considerados cl\u00e1ssicos, em sua interpreta\u00e7\u00e3o sobre o pa\u00eds. Embora se constituam em refer\u00eancia obrigat\u00f3ria nos estudos sobre a forma\u00e7\u00e3o hist\u00f3rica da sociedade brasileira, n\u00e3o encontram espa\u00e7o na atual estrutura curricular para serem lidos, estudados e compreendidos. Por sua natureza, o curso n\u00e3o comportar\u00e1 uma metodologia pedag\u00f3gica convencional, sendo organizado em exposi\u00e7\u00f5es de professores convidados, aulas expositivas e eventuais semin\u00e1rios com participa\u00e7\u00e3o de alunos. A riqueza dos autores a serem estudados s\u00f3 poder\u00e1 ser apreendida \u00e0 medida em que se abram espa\u00e7os para que os pr\u00f3prios estudantes formem sua opini\u00e3o aut\u00f4noma sobre cada um dos autores examinados.<\/p>\n<p>Desenvolvimento do curso:<\/p>\n<p>O papel do professor ser\u00e1 o de orientar os debates, fazendo-os preceder de apresenta\u00e7\u00f5es sobre o marco temporal em que se situaram originalmente e as grandes linhas do pensamento do autor. Caber\u00e1 aos estudantes organizar e realizar a discuss\u00e3o, sendo para isso divididos em grupos, cada um deles devendo responsabilizando-se por um autor.<\/p>\n<p>Haver\u00e1 uma bibliografia b\u00e1sica, composta de textos dos autores selecionados, que ser\u00e1 de leitura obrigat\u00f3ria para todos. Al\u00e9m desta, haver\u00e1 uma bibliografia de refer\u00eancia, com os textos mais importantes dos autores, bem como com textos sobre os autores. Essa bibliografia servir\u00e1 de base para o trabalho dos grupos. O grupo encarregado do semin\u00e1rio dever\u00e1 apresentar, posteriormente, texto escrito sobre o autor.<\/p>\n<p>A avalia\u00e7\u00e3o dos estudantes ser\u00e1 feita a partir da participa\u00e7\u00e3o nos semin\u00e1rios  (apresenta\u00e7\u00e3o e debates) e do texto escrito, referido no par\u00e1grafo anterior.<\/p>\n<p>Autores selecionados:<\/p>\n<p>I. JOAQUIM NABUCO (1849-1910):<br \/>\nPol\u00edtico, diplomata e historiador; nascido em Pernambuco, foi jornalista e escritor antes de ingressar na pol\u00edtica. Em 1878, foi eleito deputado por sua prov\u00edncia natal, passando a defender reformas liberais em quest\u00f5es de natureza religiosa, eleitoral, agr\u00e1ria e trabalhista; a partir de 1879, tornou-se um dos principais l\u00edderes da luta pela emancipa\u00e7\u00e3o dos escravos.<br \/>\nEra, no entanto, monarquista, tendo-se oposto \u00e0 forma republicana de governo. Entre seus trabalhos publicados, destacam-se, al\u00e9m de seus Discursos Parlamentares, publicados em suas Obras Completas(1879-1889), podem ser destacados: O Abolicionismo (1883); Um Estadista do Imp\u00e9rio (1897) e Minha Forma\u00e7\u00e3o (1900).<\/p>\n<p>II. EUCLIDES DA CUNHA (1866-1909):<br \/>\nJornalista e escritor; nascido na antiga prov\u00edncia do Rio de Janeiro, foi influenciado pelo<br \/>\npositivismo, tendo-se tonado desde jovem abolicionista e republicano. Em 1888, foi expulso da escola Militar, mas ela retornou depois da Proclama\u00e7\u00e3o da Rep\u00fablica. Como rep\u00f3rter do jornal O Estado de S\u00e3o Paulo, foi enviado em 1897 ao interior da Bahia para cobrir a rebeli\u00e3o de Canudos; da\u00ed resultou Os Sert\u00f5es, que lhe valeu uma cadeira na Academia Brasileira de Letras.<br \/>\nOutras de suas obras foram Contrastes e Confrontos (1907), Peru versus Bol\u00edvia (1907) e \u00c0<br \/>\nmargem da Hist\u00f3ria (1909).<\/p>\n<p>III. OLIVEIRA VIANNA (1883-1951):<br \/>\nHistoriador, soci\u00f3logo e jurista; nascido no antigo Estado do Rio de Janeiro, foi pioneiro na aplica\u00e7\u00e3o de m\u00e9todos sociol\u00f3gicos ao estudo da forma\u00e7\u00e3o social brasileira. Suas teses inclu\u00edam a defesa do patriarcalismo (valorizando o papel dos grandes latifundi\u00e1rios), do racismo (considerava inferiores tanto negros como ind\u00edgenas) e do corporativismo e do autoritarismo.<br \/>\nDe 1932 a 1940, foi consultor jur\u00eddico do Minist\u00e9rio do Trabalho, tendo participado ativamente da formula\u00e7\u00e3o da legisla\u00e7\u00e3o trabalhista, previdenci\u00e1ria e sindical da \u00e9poca. Em sua obra, destacam-se: Popula\u00e7\u00f5es Meridionais do Brasil (1920); Evolu\u00e7\u00e3o do Povo Brasileiro (1923); O Ocaso do Imp\u00e9rio (1925); Ra\u00e7a e Assimila\u00e7\u00e3o (1932); < em>Institui\u00e7\u00f5es Pol\u00edticas Brasileiras (1955, p\u00f3stuma).<\/p>\n<p>IV. GILBERTO FREYRE (1900-1987):<br \/>\nSoci\u00f3logo; nascido em Pernambuco, estudou nos Estados Unidos, na Universidade de Baylor e em Col\u00fambia, onde defendeu tese intitulada Social Life in Brazil in the Middle of 19th Century. Controverso, mas com uma contribui\u00e7\u00e3o ineg\u00e1vel ao estudo da forma\u00e7\u00e3o social do pa\u00eds, foi um dos pioneiros do culturalismo no estudo da sociedade brasileira. Defendeu o regionalismo, em oposi\u00e7\u00e3o \u00e0s id\u00e9ias da Semana de Arte Moderna de 1922, que considerava uma importa\u00e7\u00e3o de manifesta\u00e7\u00f5es culturais europ\u00e9ias. Op\u00f4s-se ao racismo, que considerava o mesti\u00e7o uma forma degenerada e defendeu a tese de que a mistura de ra\u00e7as imprimia for\u00e7a e riqueza cultural ao povo brasileiro. Publicou Casa Grande e Senzala (1933), Sobrados e Mocambos (1936) e Ordem e Progresso (1959), que comp\u00f5em a trilogia intitulada Introdu\u00e7\u00e3o \u00e0 Hist\u00f3ria da Sociedade Patriarcal no Brasil. Combateu o estado Novo e o nazi-fasc ismo, foi eleito para a Assembl\u00e9ia Nacional Constituinte, em 1946; apoiou o golpe militar de 1964 e defendeu o AI-5;<br \/>\ndefendeu tamb\u00e9m o salazarismo e a perman\u00eancia do dom\u00ednio portugu\u00eas sobre as col\u00f4nias africanas.<\/p>\n<p>V. S\u00c9RGIO BUARQUE DE HOLANDA (1902-1982):<br \/>\nSoci\u00f3logo e historiador; nascido em S\u00e3o Paulo, cursou a Faculdade de Direito no Rio de<br \/>\nJaneiro, onde exerceu a profiss\u00e3o de jornalista. Foi professor da Universidade do Distrito<br \/>\nFederal (1936-1939), experi\u00eancia pioneira de constru\u00e7\u00e3o de uma universidade moderna no pa\u00eds, conduzida sob a lideran\u00e7a de An\u00edsio Teixeira e impedida de funcionar pela repress\u00e3o do Estado Novo. Posteriormente foi professor de Hist\u00f3ria na USP (1958-1969); lecionou tamb\u00e9m na Universidade de Roma \u00e0 \u00e9poca em que foi adido cultural em Roma (1954-1955) e estagiou, como professor visitante nas universidades americanas de Yale, Nova Iorque e Indiana.<br \/>\nEmbora nunca tenha tido milit\u00e2ncia pol\u00edtica, foi um dos fundadores da Esquerda Democr\u00e1tica (1946), do qual se originou o Partido Socialista, e do Partido dos Trabalhadores (PT). Entre suas principais obras, registram-se: Ra\u00edzes do Brasil (1936), Prim\u00f3rdios da Expans\u00e3o Paulista no Fim do S\u00e9culo XVI e Come\u00e7o do S\u00e9culo XVII (1948), Da Escravid\u00e3o ao Trabalho Livre Brasil(1948), Da Escravid\u00e3o ao Trabalho Livre (1948), Vis\u00e3o do Para\u00edso \u2013 Motivos Ed\u00eanicos no Descobrimento e Coloniza\u00e7\u00e3o do Brasil (1959). Foi diretor e co-autor da Hist\u00f3ria Geral da Civiliza\u00e7\u00e3o Brasileira.<\/p>\n<p>VI. CAIO PRADO J\u00daNIOR (1907-1990):<br \/>\nEnsa\u00edsta e pol\u00edtico; nascido em S\u00e3o Paulo, participou desde jovem da vida pol\u00edtica do Brasil, tendo sido um dos fundadores do Partido Democr\u00e1tico de S\u00e3o Paulo (1926) e um de seus delegados na conven\u00e7\u00e3o da Alian\u00e7a Liberal (1929) que escolheu Get\u00falio Vargas como candidato \u00e0 presid\u00eancia. Participou da Revolu\u00e7\u00e3o de 30 e da Alian\u00e7a Nacional Libertadora, da qual sido o presidente da se\u00e7\u00e3o paulista. Depois da rebeli\u00e3o comunista de 1935, esteve preso por dois anos e, quando sobreveio o golpe do Estado Novo, exilou-se no exterior. Em 1947, foi eleito deputado estadual pelo Partido Comunista. Em 1970, teve seus direitos pol\u00edticos cassados pelo regime militar. Pioneiro na aplica\u00e7\u00e3o do marxismo \u00e0 interpreta\u00e7\u00e3o da hist\u00f3ria brasileira, deixou vasta obra, em que se destacam: Evolu\u00e7\u00e3o Pol\u00edtica do Brasil (1933); Forma\u00e7\u00e3o do Brasil Contempor\u00e2neo (1942); Hist\u00f3ria Econ\u00f4mica do Brasil (1943); A Revolu\u00e7\u00e3o Brasileira (1966).<\/p>\n<p>VII. FLORESTAN FERNANDES (1920-1995):<br \/>\nSoci\u00f3logo e pol\u00edtico; nascido em S\u00e3o Paulo, foi professor da USP desde os anos 40. Cassado pelo AI-5, foi professor em universidades americanas e canadenses; em 1986, voltou a lecionar na USP. Foi o mestre de toda uma gera\u00e7\u00e3o de soci\u00f3logos brasileiros, entre os quais se inclui Fernando Henrique Cardoso. Tentou conciliar Marx com Weber e com os funcionalistas, construindo uma obra original e controvertida. Em 1986, elegeu-se deputado federal \u00e0 Assembl\u00e9ia Constituinte, pelo Partido dos Trabalhadores (PT). Entre seus principais trabalhos publicados, encontram-se: Brancos e Negros em S\u00e3o Paulo, em co-autoria com Roger Bastide (1959); Mudan\u00e7as Sociais no Brasil (1960); A Integra\u00e7\u00e3o do Negro na Sociedade de Classes (1964); Capitalismo Dependente e Classes Sociais na Am\u00e9rica Latina (1973); A Revolu\u00e7\u00e3o Burguesa no Brasil (1975).<\/p>\n<p>VIII. DARCY RIBEIRO (1922-1997):<br \/>\nAntrop\u00f3logo, romancista e pol\u00edtico; nascido em Minas Gerais, criou o Museu do \u00cdndio (1953), foi Ministro da Educa\u00e7\u00e3o no Governo Jo\u00e3o Goulart (1961) e Chefe da Casa Civil da Presid\u00eancia da Rep\u00fablica (1963-1964); foi o criador da Universidade de Bras\u00edlia, da qual foi o primeiro reitor (1962-1963). Cassado em 1964, viveu no ex\u00edlio por mais de dez anos. Depois do fim do regime militar, filiou-se ao PDT, tendo sido eleito vice-governador do Rio de Janeiro na gest\u00e3o Brizola (1983-1987) e Senador, desde 1990 at\u00e9 sua morte. Como etn\u00f3logo do Servi\u00e7o de Prote\u00e7\u00e3o ao \u00cdndio (1947), realizou pesquisas de campo entre diversas tribos ind\u00edgenas brasileiras. Entre suas principais obras, encontram-se: L\u00ednguas e Culturas Ind\u00edgenas do Brasil (1957); A Pol\u00edtica Indigenista Brasileira (1962); O Processo Civilizat\u00f3rio (1968); O Povo Brasileiro \u2013 A Forma\u00e7\u00e3o e o Sentido do Brasil (1995).<\/p>\n","protected":false},"excerpt":{"rendered":"<p>Trata-se de uma disciplina de p\u00f3s-gradua\u00e7\u00e3o ministrada simultaneamente nos programas de Hist\u00f3ria da Ci\u00eancia da Tecnologia e Epistemologia (HCTE) e de Economia da UFRJ. Para se inscrever basta utilizar o siga (a depender do regime do curso) ou dirigir-se \u00e0 secretaria de p\u00f3s-gradua\u00e7\u00e3o do Instituto de Economia (Av. PAsteur 250, Pal\u00e1cio Universit\u00e1rio, T\u00e9rreo) e falar [&hellip;]<\/p>\n","protected":false},"author":13,"featured_media":0,"comment_status":"open","ping_status":"closed","sticky":false,"template":"","format":"standard","meta":{"inline_featured_image":false,"footnotes":""},"categories":[1],"tags":[],"anos":[],"projetos":[],"autorias":[],"eixos_tematicos":[],"locais":[],"pessoas":[],"estado":[],"academia":[],"sociedade_civil":[],"class_list":["post-6757","post","type-post","status-publish","format-standard","hentry","category-noticias"],"_links":{"self":[{"href":"https:\/\/forumjustica.com.br\/en\/wp-json\/wp\/v2\/posts\/6757","targetHints":{"allow":["GET"]}}],"collection":[{"href":"https:\/\/forumjustica.com.br\/en\/wp-json\/wp\/v2\/posts"}],"about":[{"href":"https:\/\/forumjustica.com.br\/en\/wp-json\/wp\/v2\/types\/post"}],"author":[{"embeddable":true,"href":"https:\/\/forumjustica.com.br\/en\/wp-json\/wp\/v2\/users\/13"}],"replies":[{"embeddable":true,"href":"https:\/\/forumjustica.com.br\/en\/wp-json\/wp\/v2\/comments?post=6757"}],"version-history":[{"count":1,"href":"https:\/\/forumjustica.com.br\/en\/wp-json\/wp\/v2\/posts\/6757\/revisions"}],"predecessor-version":[{"id":17554,"href":"https:\/\/forumjustica.com.br\/en\/wp-json\/wp\/v2\/posts\/6757\/revisions\/17554"}],"wp:attachment":[{"href":"https:\/\/forumjustica.com.br\/en\/wp-json\/wp\/v2\/media?parent=6757"}],"wp:term":[{"taxonomy":"category","embeddable":true,"href":"https:\/\/forumjustica.com.br\/en\/wp-json\/wp\/v2\/categories?post=6757"},{"taxonomy":"post_tag","embeddable":true,"href":"https:\/\/forumjustica.com.br\/en\/wp-json\/wp\/v2\/tags?post=6757"},{"taxonomy":"anos","embeddable":true,"href":"https:\/\/forumjustica.com.br\/en\/wp-json\/wp\/v2\/anos?post=6757"},{"taxonomy":"projetos","embeddable":true,"href":"https:\/\/forumjustica.com.br\/en\/wp-json\/wp\/v2\/projetos?post=6757"},{"taxonomy":"autorias","embeddable":true,"href":"https:\/\/forumjustica.com.br\/en\/wp-json\/wp\/v2\/autorias?post=6757"},{"taxonomy":"eixos_tematicos","embeddable":true,"href":"https:\/\/forumjustica.com.br\/en\/wp-json\/wp\/v2\/eixos_tematicos?post=6757"},{"taxonomy":"locais","embeddable":true,"href":"https:\/\/forumjustica.com.br\/en\/wp-json\/wp\/v2\/locais?post=6757"},{"taxonomy":"pessoas","embeddable":true,"href":"https:\/\/forumjustica.com.br\/en\/wp-json\/wp\/v2\/pessoas?post=6757"},{"taxonomy":"estado","embeddable":true,"href":"https:\/\/forumjustica.com.br\/en\/wp-json\/wp\/v2\/estado?post=6757"},{"taxonomy":"academia","embeddable":true,"href":"https:\/\/forumjustica.com.br\/en\/wp-json\/wp\/v2\/academia?post=6757"},{"taxonomy":"sociedade_civil","embeddable":true,"href":"https:\/\/forumjustica.com.br\/en\/wp-json\/wp\/v2\/sociedade_civil?post=6757"}],"curies":[{"name":"wp","href":"https:\/\/api.w.org\/{rel}","templated":true}]}}