{"id":6964,"date":"2013-09-04T12:34:06","date_gmt":"2013-09-04T14:34:06","guid":{"rendered":"https:\/\/forumjustica.vlannetwork.com\/?p=6964"},"modified":"2022-09-04T21:16:13","modified_gmt":"2022-09-05T00:16:13","slug":"concurso-nacional-sistema-interamericano-de-direitos-humanos","status":"publish","type":"post","link":"https:\/\/forumjustica.com.br\/en\/concurso-nacional-sistema-interamericano-de-direitos-humanos\/","title":{"rendered":"Concurso Nacional Sistema Interamericano de Direitos Humanos"},"content":{"rendered":"<p><\/p>\n<div>\n<h2 id=\"parent-fieldname-title\"><img decoding=\"async\" style=\"font-size: 1.5em; font-weight: normal;\" src=\"http:\/\/www.sdh.gov.br\/assuntos\/atuacao-internacional\/concurso-sidh\/LogoConcursoSIDH.png\" alt=\"\" \/><\/h2>\n<\/div>\n<div id=\"content-core\">\n<div id=\"parent-fieldname-text-a74462c8-11bf-466c-92e1-f7b37fcd6647\">\n<p>A\u00a0Secretaria de Direitos Humanos da Presid\u00eancia da Rep\u00fablica\u00a0lan\u00e7a o Concurso Nacional Sistema Interamericano de Direitos Humanos 2013. O Concurso destinado a disseminar o conhecimento sobre o Sistema Interamericano de Direitos Humanos como estrat\u00e9gia de consolidar uma cultura de Direitos Humanos no Brasil. O Concurso baseia-se em um caso hipot\u00e9tico sobre supostas viola\u00e7\u00f5es de direitos humanos ocorridas em um Estado fict\u00edcio.<\/p>\n<p><a href=\"http:\/\/www.sdh.gov.br\/assuntos\/atuacao-internacional\/concurso-sidh\/caso-concurso-sidh-2013\">Clique aqui para ler o Caso Hipot\u00e9tico<\/a>.<\/p>\n<p>O Concurso ter\u00e1 uma fase de memoriais e uma fase de rodadas orais. Os memoriais ser\u00e3o documentos nos quais as equipes apresentar\u00e3o argumentos perante a Corte Interamericana de Direitos Humanos como representantes de V\u00edtimas e como representantes do Estado. As rodadas orais ser\u00e3o divididas entre simula\u00e7\u00f5es de audi\u00eancia da Corte Interamericana de Direitos Humanos e reuni\u00f5es de trabalho entre diferentes \u00f3rg\u00e3os do Estado ou do Sistema Interamericano de Direitos Humanos.<\/p>\n<p><a href=\"http:\/\/www.sdh.gov.br\/assuntos\/atuacao-internacional\/concurso-sidh\/edital-concurso-nacional-sidh-pdf\">Confira\u00a0aqui\u00a0o Edital<\/a><\/p>\n<p>As inscri\u00e7\u00f5es devem ser feitas at\u00e9 o dia 16 de setembro de 2013<\/p>\n<p>O Formul\u00e1rio de inscri\u00e7\u00e3o j\u00e1 est\u00e1 dispon\u00edvel!<\/p>\n<p><a href=\"http:\/\/www.sdh.gov.br\/assuntos\/atuacao-internacional\/concurso-sidh\/formulario-de-inscricao-concurso-sidh-edicao-2013\">Clique aqui\u00a0para baixar o Formul\u00e1rio de Inscri\u00e7\u00e3o do Concurso SIDH!<\/a><\/p>\n<p>O Guia de Estudos estar\u00e1 dispon\u00edvel\u00a0<em>a partir do<\/em> dia 09 de setembro.<\/p>\n<p>\u00a0<\/p>\n<div><a href=\"https:\/\/webmail.sdh.gov.br\/owa\/redir.aspx?C=Ker9PxDlvU-B_q0_-h0T4lXwLj19fNAI4pXS-Um_aGhu2mJ6cDAV7ktc8_lEKgJgWTWJF-GDbYw.&#038;URL=http%3a%2f%2fwww.sdh.gov.br%2fassuntos%2fatuacao-internacional%2fconcurso-sidh%2fcaso-concurso-sidh-2013\" target=\"_blank\" rel=\"noopener\">Clique aqui para ler o caso hipot\u00e9tico (atualizado no dia 3 set 2013)<\/a><\/div>\n<div>D\u00favidas e quest\u00f5es de esclarecimento sobre o caso podem ser enviadas para concurso.sidh@sdh.gov.br at\u00e9 o dia 08 de setembro de 2013.<\/div>\n<p>\u00a0<\/p>\n<\/div>\n<\/div>\n<p><a href=\"http:\/\/www.sdh.gov.br\/assuntos\/atuacao-internacional\/concurso-sidh\">http:\/\/www.sdh.gov.br\/assuntos\/atuacao-internacional\/concurso-sidh<\/a><\/p>","protected":false},"excerpt":{"rendered":"<p>A\u00a0Secretaria de Direitos Humanos da Presid\u00eancia da Rep\u00fablica\u00a0lan\u00e7a o Concurso Nacional Sistema Interamericano de Direitos Humanos 2013. O Concurso destinado a disseminar o conhecimento sobre o Sistema Interamericano de Direitos Humanos como estrat\u00e9gia de consolidar uma cultura de Direitos Humanos no Brasil. O Concurso baseia-se em um caso hipot\u00e9tico sobre supostas viola\u00e7\u00f5es de direitos humanos [&hellip;]<\/p>\n","protected":false},"author":13,"featured_media":0,"comment_status":"open","ping_status":"closed","sticky":false,"template":"","format":"standard","meta":{"inline_featured_image":false,"footnotes":""},"categories":[1],"tags":[],"anos":[],"projetos":[],"autorias":[],"eixos_tematicos":[],"locais":[],"pessoas":[],"estado":[],"academia":[],"sociedade_civil":[],"class_list":["post-6964","post","type-post","status-publish","format-standard","hentry","category-noticias"],"_links":{"self":[{"href":"https:\/\/forumjustica.com.br\/en\/wp-json\/wp\/v2\/posts\/6964","targetHints":{"allow":["GET"]}}],"collection":[{"href":"https:\/\/forumjustica.com.br\/en\/wp-json\/wp\/v2\/posts"}],"about":[{"href":"https:\/\/forumjustica.com.br\/en\/wp-json\/wp\/v2\/types\/post"}],"author":[{"embeddable":true,"href":"https:\/\/forumjustica.com.br\/en\/wp-json\/wp\/v2\/users\/13"}],"replies":[{"embeddable":true,"href":"https:\/\/forumjustica.com.br\/en\/wp-json\/wp\/v2\/comments?post=6964"}],"version-history":[{"count":1,"href":"https:\/\/forumjustica.com.br\/en\/wp-json\/wp\/v2\/posts\/6964\/revisions"}],"predecessor-version":[{"id":17527,"href":"https:\/\/forumjustica.com.br\/en\/wp-json\/wp\/v2\/posts\/6964\/revisions\/17527"}],"wp:attachment":[{"href":"https:\/\/forumjustica.com.br\/en\/wp-json\/wp\/v2\/media?parent=6964"}],"wp:term":[{"taxonomy":"category","embeddable":true,"href":"https:\/\/forumjustica.com.br\/en\/wp-json\/wp\/v2\/categories?post=6964"},{"taxonomy":"post_tag","embeddable":true,"href":"https:\/\/forumjustica.com.br\/en\/wp-json\/wp\/v2\/tags?post=6964"},{"taxonomy":"anos","embeddable":true,"href":"https:\/\/forumjustica.com.br\/en\/wp-json\/wp\/v2\/anos?post=6964"},{"taxonomy":"projetos","embeddable":true,"href":"https:\/\/forumjustica.com.br\/en\/wp-json\/wp\/v2\/projetos?post=6964"},{"taxonomy":"autorias","embeddable":true,"href":"https:\/\/forumjustica.com.br\/en\/wp-json\/wp\/v2\/autorias?post=6964"},{"taxonomy":"eixos_tematicos","embeddable":true,"href":"https:\/\/forumjustica.com.br\/en\/wp-json\/wp\/v2\/eixos_tematicos?post=6964"},{"taxonomy":"locais","embeddable":true,"href":"https:\/\/forumjustica.com.br\/en\/wp-json\/wp\/v2\/locais?post=6964"},{"taxonomy":"pessoas","embeddable":true,"href":"https:\/\/forumjustica.com.br\/en\/wp-json\/wp\/v2\/pessoas?post=6964"},{"taxonomy":"estado","embeddable":true,"href":"https:\/\/forumjustica.com.br\/en\/wp-json\/wp\/v2\/estado?post=6964"},{"taxonomy":"academia","embeddable":true,"href":"https:\/\/forumjustica.com.br\/en\/wp-json\/wp\/v2\/academia?post=6964"},{"taxonomy":"sociedade_civil","embeddable":true,"href":"https:\/\/forumjustica.com.br\/en\/wp-json\/wp\/v2\/sociedade_civil?post=6964"}],"curies":[{"name":"wp","href":"https:\/\/api.w.org\/{rel}","templated":true}]}}