{"id":6970,"date":"2013-09-09T09:00:40","date_gmt":"2013-09-09T11:00:40","guid":{"rendered":"https:\/\/forumjustica.vlannetwork.com\/?p=6970"},"modified":"2022-09-04T21:16:13","modified_gmt":"2022-09-05T00:16:13","slug":"3%c2%ba-seminario-interdisciplinar-em-sociologia-e-direito","status":"publish","type":"post","link":"https:\/\/forumjustica.com.br\/en\/3%c2%ba-seminario-interdisciplinar-em-sociologia-e-direito\/","title":{"rendered":"3\u00ba SEMIN\u00c1RIO INTERDISCIPLINAR EM SOCIOLOGIA E DIREITO"},"content":{"rendered":"<div id=\"middle\">\n<div id=\"column_unique\">\n<div>\n<h2><strong style=\"font-size: 13px;\">EDITAL DO 3\u00ba SEMIN\u00c1RIO INTERDISCIPLINAR EM SOCIOLOGIA E DIREITO<\/strong><\/h2>\n<p><strong>PROGRAMA DE P\u00d3S-GRADUA\u00c7\u00c3O EM SOCIOLOGIA E DIREITO (PPGSD)<\/strong><\/p>\n<p><strong>UNIVERISDADE FEDERAL FLUMINENSE (UFF)<\/strong><\/p>\n<p>&nbsp;<\/p>\n<p>\u201cA MOBILIZA\u00c7\u00c3O SOCIAL E SUAS IMPLICA\u00c7\u00d5ES NA ALTERA\u00c7\u00c3O DO CEN\u00c1RIO NACIONAL: (RE)CONSTRU\u00c7\u00c3O DE PARADIGMAS E FORTALECIMENTO DA CIDADANIA\u201d<\/p>\n<p>Local: Faculdade de Direito<\/p>\n<p>Rua Presidente Pedreira, n\u00ba 62, Bairro Ing\u00e1, Niter\u00f3i-RJ<\/p>\n<p>Data: 22 a 24 de outubro de 2013<\/p>\n<p>&nbsp;<\/p>\n<p><strong>1 APRESENTA\u00c7\u00c3O<\/strong><\/p>\n<p>O 3\u00ba Semin\u00e1rio Interdisciplinar em Sociologia e Direito 2013 (3\u00ba S&amp;D) ser\u00e1 realizado na Universidade Federal Fluminense, por meio do Programa de P\u00f3s-Gradua\u00e7\u00e3o em Sociologia e Direito (PPGSD\/UFF), tendo por objetivos:<\/p>\n<p>\u25cf\u00a0\u00a0\u00a0\u00a0\u00a0\u00a0\u00a0\u00a0\u00a0\u00a0Criar espa\u00e7o institucionalizado para fomentar debate de pesquisas e reflex\u00f5es voltadas para a tem\u00e1tica interdisciplinar nos campos do Direito e da Sociologia;<\/p>\n<p>\u25cf\u00a0\u00a0\u00a0\u00a0\u00a0\u00a0\u00a0\u00a0\u00a0\u00a0Promover a interlocu\u00e7\u00e3o entre estudantes e docentes de diversos Programas de P\u00f3s-Gradua\u00e7\u00e3o e institui\u00e7\u00f5es de pesquisa;<\/p>\n<p>\u25cf\u00a0\u00a0\u00a0\u00a0\u00a0\u00a0\u00a0\u00a0\u00a0\u00a0Incentivar e contribuir para o aperfei\u00e7oamento dos trabalhos de p\u00f3s-gradua\u00e7\u00e3o e de pesquisa, sobretudo no que se refere ao fortalecimento de uma vis\u00e3o pautada em uma an\u00e1lise interdisciplinar.<\/p>\n<p>&nbsp;<\/p>\n<p><strong>2 O SEMIN\u00c1RIO<\/strong><\/p>\n<p>O Semin\u00e1rio ser\u00e1 estruturado em: Cerim\u00f4nia de Abertura, Mesas-Redondas, Grupos de Trabalho (GT\u2019s) e Cerim\u00f4nia de Encerramento.<\/p>\n<p>Cada GT respeitar\u00e1 as afinidades te\u00f3ricas e metodol\u00f3gicas propostas por cada se\u00e7\u00e3o, incumbindo aos coordenadores estabelecerem o modelo de apresenta\u00e7\u00e3o de trabalhos por grupo. Da mesma forma, os coordenadores de cada GT ficar\u00e3o respons\u00e1veis pela avalia\u00e7\u00e3o dos respectivos resumos.<\/p>\n<p>&nbsp;<\/p>\n<p><strong>3 NORMAS PARA ENVIO DE TRABALHOS PARA GT\u2019s<\/strong><\/p>\n<p>&nbsp;<\/p>\n<p><strong>3.1 Normas para envio de resumos dos trabalhos<\/strong><\/p>\n<p>Os resumos devem ser enviados atrav\u00e9s do formul\u00e1rio constante no site do evento (<a href=\"http:\/\/www.sociologiaedireito.uff.br\/\">http:\/\/www.sociologiaedireito.uff.br\/<\/a>).<\/p>\n<p><em>Pr\u00e9-requisitos:<\/em> professores, pesquisadores, p\u00f3s-graduandos ou p\u00f3s-graduados (mestrado, doutorado e p\u00f3s-doutorado), em \u00e1reas afins ao tema do 3\u00ba S&amp;D.<\/p>\n<p>Os graduandos e graduados s\u00f3 poder\u00e3o participar, com o envio de artigos cient\u00edficos, na condi\u00e7\u00e3o de coautores, exceto p\u00f4steres.<\/p>\n<p>Os resumos devem incluir as seguintes informa\u00e7\u00f5es requisitadas nos campos obrigat\u00f3rios do formul\u00e1rio de submiss\u00e3o dos resumos.<\/p>\n<p>\u00b7\u00a0\u00a0\u00a0\u00a0\u00a0\u00a0\u00a0\u00a0\u00a0Nome do 1\u00ba Autor;<\/p>\n<p>\u00b7\u00a0\u00a0\u00a0\u00a0\u00a0\u00a0\u00a0\u00a0\u00a0Programa de P\u00f3s-Gradua\u00e7\u00e3o ao qual est\u00e1 vinculado ou, na aus\u00eancia deste, onde recebeu a sua \u00faltima titula\u00e7\u00e3o;<\/p>\n<p>\u00b7\u00a0\u00a0\u00a0\u00a0\u00a0\u00a0\u00a0\u00a0\u00a0E-mail para contato;<\/p>\n<p>\u00b7\u00a0\u00a0\u00a0\u00a0\u00a0\u00a0\u00a0\u00a0\u00a0Grupo de Trabalho em que deseja seu trabalho apresentado;<\/p>\n<p>\u00b7\u00a0\u00a0\u00a0\u00a0\u00a0\u00a0\u00a0\u00a0\u00a0\u00a0T\u00edtulo do Artigo;<\/p>\n<p>\u00b7\u00a0\u00a0\u00a0\u00a0\u00a0\u00a0\u00a0\u00a0\u00a0Resumo de at\u00e9 650 palavras do Artigo a ser apresentado.<\/p>\n<p>Nomes de at\u00e9 dois co-autores,se for o caso, totalizando, junto com o nome do primeiro Autor, nunca mais do que tr\u00eas autores em um \u00fanico artigo<\/p>\n<p><strong>Data limite para envio dos resumos e p\u00f4steres:\u00a001\/09\/2013.<\/strong><\/p>\n<p><strong>Resultado: 09\/09\/2013<\/strong><\/p>\n<p>&nbsp;<\/p>\n<p><strong>Regras para participantes<\/strong><\/p>\n<p>Cada autor poder\u00e1 encaminhar, no m\u00e1ximo, at\u00e9 dois trabalhos em seu nome como autor ou coautor.<\/p>\n<p>N\u00e3o ser\u00e1 permitido o envio de mais de um trabalho para o mesmo grupo de trabalho, tendo o mesmo autor ou coautor.<\/p>\n<p>A inscri\u00e7\u00e3o no semin\u00e1rio ser\u00e1 obrigat\u00f3ria somente para o autor e\/ou coautor(es)(as) que participar\u00e3o do evento, sendo, ao final, entregue a competente certifica\u00e7\u00e3o comprobat\u00f3ria de comunica\u00e7\u00e3o do trabalho \u00e0queles que apresentaram o trabalho.<\/p>\n<p>&nbsp;<\/p>\n<p><strong>3.2 Normas para envio de trabalhos completos:<\/strong><\/p>\n<p>Os autores e coautores que tiverem seus resumos selecionados dever\u00e3o enviar seus trabalhos, devidamente finalizados, diretamente para o e-mail\u00a0<a href=\"mailto: &lt;script type='text\/javascript'&gt; &lt;!-- var prefix = 'ma' + 'il' + 'to'; var path = 'hr' + 'ef' + '='; var addy12343 = '3sduff' + '@'; addy12343 = addy12343 + 'gmail' + '.' + 'com'; document.write('&lt;a ' + path + ''' + prefix + ':' + addy12343 + ''&gt;'); document.write(addy12343); document.write('&lt;\/a&gt;'); \/\/--&gt;n &lt;\/script&gt;&lt;script type='text\/javascript'&gt; &lt;!-- document.write('&lt;span style='display: none;'&gt;'); \/\/--&gt; &lt;\/script&gt;O endere%C3%A7o de e-mail address est%C3%A1 sendo protegido de spambots. Voc%C3%AA precisa ativar o JavaScript enabled para v%C3%AA-lo. &lt;script type='text\/javascript'&gt; &lt;!-- document.write('&lt;\/'); document.write('span&gt;'); \/\/--&gt; &lt;\/script&gt;\"><\/a><a href=\"mailto:3sduff@gmail.com\">3sduff@gmail.com<\/a>, de maneira que atendam \u00e0s seguintes regras de formata\u00e7\u00e3o:<\/p>\n<p>\u00b7\u00a0 \u00a0 \u00a0 \u00a0 \u00a0 \u00a0\u00a0O T\u00edtulo do artigo cient\u00edfico dever\u00e1 estar em caixa alta, tamanho 14 e centralizado, e negritado e os t\u00edtulos das se\u00e7\u00f5es e subse\u00e7\u00f5es dever\u00e3o iniciar estar em caixa alta e caixa baixa,\u00a0 respectivamente, igualmente negritados, fonte Times New Roman, tamanho 12 e justificado;<\/p>\n<p>\u00b7\u00a0 \u00a0 \u00a0 \u00a0O trabalho dever\u00e1 ter o m\u00ednimo de 15 e o m\u00e1ximo de 20 p\u00e1ginas, incluindo as refer\u00eancias bibliogr\u00e1ficas, com margens de 2 cm, espa\u00e7amento 1,5 e fonte Times New Roman, tamanho 12, justificado, em formato A4, Margens: superior e inferior = 2.5 \/ laterais = 3,0;<\/p>\n<p>\u00b7\u00a0 \u00a0 \u00a0 \u00a0 \u00a0\u00a0Os artigos dever\u00e3o vir precedidos do resumo aprovado, seguido de 3 (tr\u00eas) palavras-chave, e de seu respectivo abstract e suas correspondentes keywords.<\/p>\n<p>\u00b7\u00a0 \u00a0 \u00a0 \u00a0 \u00a0\u00a0O arquivo dever ser enviado em formato \u201c.doc\u201d;<\/p>\n<p>\u00b7\u00a0 \u00a0 \u00a0 \u00a0 \u00a0\u00a0Quadros, mapas, tabelas etc., quando utilizados, devem constar no corpo do texto.<\/p>\n<p>\u00b7\u00a0 \u00a0 \u00a0 \u00a0 \u00a0As men\u00e7\u00f5es a autores no decorrer do texto devem seguir a forma (AUTOR: ano). Se houver mais de um t\u00edtulo do mesmo autor no mesmo ano, eles devem ser diferenciados por uma letra ap\u00f3s a data: (AUTOR: anoa), (AUTOR: anob).<\/p>\n<p>\u00b7\u00a0 \u00a0 \u00a0\u00a0As notas de rodap\u00e9 devem ser utilizadas apenas com informa\u00e7\u00f5es complementares de natureza substantiva.<\/p>\n<p>\u00b7\u00a0 \u00a0 \u00a0 \u00a0 \u00a0As refer\u00eancias bibliogr\u00e1ficas dever\u00e3o estar no final do artigo, em ordem alfab\u00e9tica, seguindo o padr\u00e3o ABNT.<\/p>\n<p>\u00b7\u00a0 \u00a0 \u00a0\u00a0O trabalho deve ser remetido de maneira que seja poss\u00edvel identificar seu sobrenome e grupo de trabalho (ex: se seu sobrenome \u00e9 SILVA e seu grupo de trabalho \u00e9 o GT 03, o resumo dever\u00e1 ser encaminhado como GT3 SILVA.doc).<\/p>\n<p><strong>Prazo para o envio do trabalho completo: 10\/09\/2013 a 06\/10\/2013<\/strong><\/p>\n<p>&nbsp;<\/p>\n<p><strong>3.3 Normas para envio de p\u00f4steres:<\/strong><\/p>\n<p>Data limite para envio do p\u00f4ster completo (em pdf):\u00a0<strong>01\/09\/2013<\/strong><\/p>\n<p>Ser\u00e3o selecionados, no m\u00e1ximo, 02 (dois) p\u00f4steres por GT, admitindo-se, nessa categoria, alunos de gradua\u00e7\u00e3o, que dever\u00e3o pagar a taxa de inscri\u00e7\u00e3o at\u00e9 a data indicada.<\/p>\n<p>O p\u00f4ster deve ser encaminhado para o email\u00a0<a href=\"mailto: &lt;script type='text\/javascript'&gt; &lt;!-- var prefix = 'ma' + 'il' + 'to'; var path = 'hr' + 'ef' + '='; var addy55359 = '3sduff' + '@'; addy55359 = addy55359 + 'gmail' + '.' + 'com'; document.write('&lt;a ' + path + ''' + prefix + ':' + addy55359 + ''&gt;'); document.write(addy55359); document.write('&lt;\/a&gt;'); \/\/--&gt;n &lt;\/script&gt;&lt;script type='text\/javascript'&gt; &lt;!-- document.write('&lt;span style='display: none;'&gt;'); \/\/--&gt; &lt;\/script&gt;O endere%C3%A7o de e-mail address est%C3%A1 sendo protegido de spambots. Voc%C3%AA precisa ativar o JavaScript enabled para v%C3%AA-lo. &lt;script type='text\/javascript'&gt; &lt;!-- document.write('&lt;\/'); document.write('span&gt;'); \/\/--&gt; &lt;\/script&gt;\"><\/a><a href=\"mailto:3sduff@gmail.com\">3sduff@gmail.com<\/a>, no formato \u201cpdf.\u201d com a seguinte estrutura Tema, Introdu\u00e7\u00e3o, Justificativa, Metodologia, Conclus\u00f5es e Referencias bibliogr\u00e1ficas.<\/p>\n<p>O p\u00f4ster dever\u00e1 ficar\u00e1 exposto em local a indicado pela Organiza\u00e7\u00e3o do evento, nos dias do evento, e apresentado no respectivo GT na quinta-feira 25\/10\/2013, sendo de responsabilidade do expositor a confec\u00e7\u00e3o do mesmo e a sua fixa\u00e7\u00e3o nos locais indicados.<\/p>\n<p>Tamanho m\u00ednimo do p\u00f4ster 0,9m X 1,0m, com conte\u00fado de f\u00e1cil leitura e cores compat\u00edveis com a apresenta\u00e7\u00e3o do evento.<\/p>\n<p>&nbsp;<\/p>\n<p><strong>4 GRUPOS DE TRABALHO (GT\u2019s):<\/strong><\/p>\n<p>&nbsp;<\/p>\n<p><strong>1. PARTICIPA\u00c7\u00c3O E REPRESENTA\u00c7\u00c3O POL\u00cdTICA<\/strong><\/p>\n<p>Coordena\u00e7\u00e3o: Joaquim Leonel de Resende Alvim<\/p>\n<p><em>Ementa:<\/em> Mecanismos tradicionais e novas formas de participa\u00e7\u00e3o pol\u00edtica e de representa\u00e7\u00e3o pol\u00edtica. Concep\u00e7\u00f5es e formas de democracia direta e democracia representativa. Rela\u00e7\u00f5es entre democracia direta e democracia representativa. Movimentos sociais, participa\u00e7\u00e3o e representa\u00e7\u00e3o pol\u00edtica. Direitos de participa\u00e7\u00e3o pol\u00edtica e de representa\u00e7\u00e3o pol\u00edtica.<\/p>\n<p><strong>2. DIVERSIDADE SOCIAL E AS TRANSFORMA\u00c7\u00d5ES DO BRASIL RURAL<\/strong><\/p>\n<p>Coordena\u00e7\u00e3o:Valter L\u00facio de Oliveira e Ana Maria Motta Ribeiro<\/p>\n<p><em>Ementa:<\/em> Com este GT visamos a constitui\u00e7\u00e3o de um espa\u00e7o que promova o encontro de pesquisadores e a discuss\u00e3o de pesquisas que v\u00e3o desde os temas tradicionais do mundo rural \u00e0quelas pesquisas que se voltam para a compreens\u00e3o dos novos temas e atores sociais relacionados a esse universo. A motiva\u00e7\u00e3o que est\u00e1 na origem do GT \u00e9 a constata\u00e7\u00e3o de que h\u00e1 um processo de diversifica\u00e7\u00e3o social que se expressa a partir de atores e quest\u00f5es sociais j\u00e1 consagrados nos trabalhos acad\u00eamicos aos quais se somam novas express\u00f5es que emergiram de forma mais evidente em tempos recentes ou foram ressignificadas por novos contextos e atores sociais (quilombolas, agrocombust\u00edveis, novas biotecnologias, estrangeiriza\u00e7\u00e3o da terra, etc). Pretendemos assim, reunir resultados de pesquisas (conclusivos ou preliminares) que discutam os novos contornos da \u201cquest\u00e3o agr\u00e1ria\u201d, os processos sociais subjacentes ao chamado \u201cagroneg\u00f3cio\u201d, a din\u00e2mica de periurbaniza\u00e7\u00e3o e seus efeitos sobre o mundo rural, a rela\u00e7\u00e3o entre temas rurais e ambientais, a rela\u00e7\u00e3o entre o direito, a legisla\u00e7\u00e3o e a quest\u00e3o agr\u00e1ria etc.<\/p>\n<p><strong>3. ACESSO \u00c0 JUSTI\u00c7A E<\/strong><strong>NORMAS FUNDAMENTAIS DO PROCESSO CIVIL: PRINC\u00cdPIOS E GARANTIAS NO PROJETO DE CPC<\/strong><\/p>\n<p>Coordena\u00e7\u00e3o: Delton Ricardo Soares Meirelles e Fernando Gama de Miranda Netto<\/p>\n<p><em>Ementa:<\/em> Este GT busca iniciar uma rede de coopera\u00e7\u00e3o entre pesquisadores do Estado do Rio de Janeiro, cujas investiga\u00e7\u00f5es interdisciplinares (estudos antropol\u00f3gicos, sociol\u00f3gicos, hist\u00f3ricos, pol\u00edticos e jur\u00eddicos) versem sobre o Acesso \u00e0 Justi\u00e7a em suas diversas vertentes: meios adequados\/alternativos de resolu\u00e7\u00e3o de controv\u00e9rsias, judicializa\u00e7\u00e3o dos conflitos privados e sociais, sistema de garantias jur\u00eddicas e t\u00e9cnica processual adequada. Neste sentido, ser\u00e3o aceitas comunica\u00e7\u00f5es de pesquisas, conclu\u00eddas ou em andamento, sobre os primeiros pontos a serem abordados pela s\u00e9rie de eventos desta rede interinstitucional: Administra\u00e7\u00e3o de conflitos (media\u00e7\u00e3o, concilia\u00e7\u00e3o, arbitragem e jurisdi\u00e7\u00e3o). Reformas processuais globais e no projeto de C\u00f3digo de Processo Civil. Pol\u00edticas p\u00fablicas de Acesso \u00e0 Justi\u00e7a. Garantias processuais no projeto de C\u00f3digo de Processo Civil.<\/p>\n<p><strong>4. DIREITO, SOCIOLOGIA E HERMEN\u00caUTICA<\/strong><\/p>\n<p>Coordenadores: Prof. Marcus Fabiano Gon\u00e7alves e Marco Ant\u00f4nio Ferreira Macedo<\/p>\n<p><em>Ementa:<\/em> O GT apreciar\u00e1 e promover\u00e1 a discuss\u00e3o de artigos cient\u00edficos envolvendo quest\u00f5es ligadas tanto \u00e0 metodologia e \u00e0 epistemologia compreensiva das ci\u00eancias sociais como tamb\u00e9m trabalhos relacionados \u00e0 sociologia dos tribunais e de outras inst\u00e2ncias judiciais e do fen\u00f4meno jur\u00eddico que tenham por objeto processos interpretativos textuais e\/ou comportamentais.<\/p>\n<p><strong>5. A LITERATURA COMO INSTRUMENTO<\/strong> <strong>DO ENSINO DO DIREITO<\/strong><\/p>\n<p>Coordena\u00e7\u00e3o: M\u00e1rcia Cavendish Wanderley<\/p>\n<p><em>Ementa:<\/em> Objetiva testar a utiliza\u00e7\u00e3o da literatura como mecanismo capaz de facilitar a Introdu\u00e7\u00e3o aos Estudos Jur\u00eddicos na educa\u00e7\u00e3o presencial e \u00e0 dist\u00e2ncia.As obras liter\u00e1rias podem atuar como canais para in\u00edcio da expedi\u00e7\u00e3o dos alunos dentro da selva do Direito. O objetivo mais geral deste trabalho ser\u00e1 o de produzir contribui\u00e7\u00f5es para a contempor\u00e2nea abordagem interdisciplinar nos campos do direito e da literatura tanto pelo vi\u00e9s das pr\u00e1ticas did\u00e1ticas quanto pelo aspecto te\u00f3rico relacionado.<\/p>\n<p><strong>6. RELA\u00c7\u00d5ES DE TRABALHO, DIREITOS SOCIAIS E INSTITUI\u00c7\u00d5ES<br \/>\n<\/strong>Coordena\u00e7\u00e3o: Prof. Dr. Roberto Fragale (PPGSD\/UFF)<\/p>\n<p><em>Ementa:<\/em> As articula\u00e7\u00f5es entre institui\u00e7\u00f5es, direitos sociais e rela\u00e7\u00f5es de trabalho est\u00e3o presentes em teoriza\u00e7\u00f5es e estrat\u00e9gias sociopol\u00edticas diferenciadas que disputam constru\u00e7\u00f5es m\u00faltiplas (pol\u00edticas, jur\u00eddicas, sociais etc.) buscando uma organicidade (sentido) para essas a\u00e7\u00f5es (falas e atos). As configura\u00e7\u00f5es assumidas pelas institui\u00e7\u00f5es, direitos sociais e rela\u00e7\u00f5es de trabalho bem como suas articula\u00e7\u00f5es s\u00e3o objeto do presente Semin\u00e1rio Tem\u00e1tico voltado para quest\u00f5es te\u00f3ricas e emp\u00edricas desse universo de maneira a propor op\u00e7\u00f5es de an\u00e1lises conceituais e materiais que se apresentam no mundo contempor\u00e2neo.<br \/>\n<strong>7. SOCIEDADE DE CONSUMO, DIREITOS E A\u00c7\u00c3O POL\u00cdTICA<\/strong><\/p>\n<p>Coordena\u00e7\u00e3o dos trabalhos: Prof. Dr. Let\u00edcia Veloso (PPGSD\/UFF)<\/p>\n<p><em>Ementa:<\/em> Este GT pretende avan\u00e7ar os debates sobre consumo numa perspectiva interdisciplinar, pois falar em consumo hoje implica discutir tamb\u00e9m quest\u00f5es como cidadania, inclus\u00e3o social, ou a\u00e7\u00e3o pol\u00edtica. Desta forma, faz-se necess\u00e1rio repensar caracter\u00edsticas comumente atribu\u00eddas \u00e0 sociedade de consumo, como insaciabilidade, superficialidade e manipula\u00e7\u00e3o; o GT prop\u00f5e tal reflex\u00e3o a partir da rela\u00e7\u00e3o cada vez mais complexa entre cidadania e consumo e tamb\u00e9m a partir do que podemos perceber como uma crescente politiza\u00e7\u00e3o do consumo, com implica\u00e7\u00f5es tanto para a pol\u00edtica quanto para a cidadania e at\u00e9 mesmo para o direito. Neste sentido, o GT privilegiar\u00e1 uma linha tem\u00e1tica: a possibilidade de que o consumo esteja se tornando, crescentemente embora com efeitos complexos e contradit\u00f3rios, como (1) um instrumento de a\u00e7\u00e3o pol\u00edtica (por exemplo, pela incorpora\u00e7\u00e3o de valores como solidariedade e responsabilidade socioambiental), (2) um meio (alternativo) de acesso \u00e0 cidadania, e (3) uma pr\u00e1tica cada vez mais judicializada. Pretende-se, com tal \u00eanfase, investigar se e at\u00e9 que ponto o consumo, muitas vezes acusado de fonte de anomia e despolitiza\u00e7\u00e3o, poderia, num certo sentido, sugerir ou produzir solu\u00e7\u00f5es para tais problemas? O GT pretende que os debates girem em torno de reflex\u00f5es te\u00f3ricas e emp\u00edricas, considerando tanto poss\u00edveis novas pr\u00e1ticas e abordagens quanto os limites e as possibilidades de uma tal politiza\u00e7\u00e3o do consumo.<br \/>\n<strong>8. DEMOCRACIA, ESTADO DE DIREITO E CIDADANIA<\/strong><\/p>\n<p>Coordena\u00e7\u00e3o dos trabalhos: Prof. Dr. Gilvan Luiz Hansen (PPGSD\/UFF)<\/p>\n<p><em>Ementa:<\/em> Discuss\u00f5es contempor\u00e2neas acerca da rela\u00e7\u00e3o \u00e9tica-pol\u00edtica-direito no Estado Democr\u00e1tico de Direito. Globaliza\u00e7\u00e3o, nacionalidade e p\u00f3s-nacionalidade, Sociedades p\u00f3s-convencionais e desenvolvimento sustent\u00e1vel. Estado de Direito, viol\u00eancia e Estado de Exce\u00e7\u00e3o. Direitos Humanos e Soberania Popular.<\/p>\n<p><strong>9. POL\u00cdTICAS SOCIAIS E \u00c1REAS PROTEGIDAS<\/strong><\/p>\n<p>Coordena\u00e7\u00e3o dos trabalhos: Napole\u00e3o Miranda (PPGSD\/UFF<\/p>\n<p><em>Ementa:<\/em> Uma reiterada quest\u00e3o nas pesquisas relativas as \u00e1reas protegidas no Brasil, em especial, os modelos de unidade de conserva\u00e7\u00e3o, diz respeito a exclus\u00e3o humana nestes territ\u00f3rios. Movimentos como os seringueiros do Acre na d\u00e9cada de 1980 e das popula\u00e7\u00f5es tradicionais ind\u00edgenas nos conflitos contempor\u00e2neos destacam n\u00e3o apenas a relev\u00e2ncia de unidade de conserva\u00e7\u00e3o de uso sustent\u00e1vel com a urgente necessidade de revis\u00e3o das chamadas unidades de conserva\u00e7\u00e3o de prote\u00e7\u00e3o integral.<\/p>\n<p><strong>10. CONFLITOS URBANOS<\/strong><\/p>\n<p>Coordena\u00e7\u00e3o dos trabalhos: Wilson Madeira Filho (PPGSD\/UFF)<\/p>\n<p><em>Ementa:<\/em> A cidade \u00e9 mais uma vez o palco central dos conflitos contempor\u00e2neos, uma vez que a maioria da popula\u00e7\u00e3o humana nelas habita. No Brasil, mais de 80% da popula\u00e7\u00e3o se concentra nos centros urbanos. Desse modo, pol\u00edticas de transporte, de habita\u00e7\u00e3o de interesse social, de saneamento e o acesso a toda uma s\u00e9rie de servi\u00e7os passam a figurar como cat\u00e1logo reivindicat\u00f3rio comum. O Estatuto da Cidade, as Opera\u00e7\u00f5es Urbanas Consorciadas, o Or\u00e7amento Participativo, os Estudos de Impacto de Vizinhan\u00e7a e os Estudos de Impacto Vi\u00e1rios, passam a ser alguns dos temas comuns, objeto de an\u00e1lise e de busca por delibera\u00e7\u00e3o democr\u00e1tica atrav\u00e9s dos conselhos de pol\u00edticas p\u00fablicas e Audi\u00eancias P\u00fablicas. Da mesma forma, a busca por reconhecimento de identidade por comunidades e culturas se apresentam como novas formas de resist\u00eancia e de territorializa\u00e7\u00e3o. O GT pretende destacar trabalhos que salientam o conflito urbano, colocando em destaque conflitos econ\u00f4micos, pol\u00edticos e simb\u00f3licos, onde se averigue indicadores de percep\u00e7\u00e3o e de a\u00e7\u00f5es sociais.<\/p>\n<p><strong>11. RESPONSABILIDADE SOCIAL DAS EMPRESAS<\/strong><\/p>\n<p>Coordena\u00e7\u00e3o: Maria Alice Chaves Nunes Costa<\/p>\n<p><em>No cen\u00e1rio mundial contempor\u00e2neo percebe-se o processar de in\u00fameras transforma\u00e7\u00f5es de ordem econ\u00f4mica, pol\u00edtica, social e cultural que, por sua vez, se adaptam aos novos modelos de rela\u00e7\u00f5es entre institui\u00e7\u00f5es e mercados, organiza\u00e7\u00f5es e sociedade. No \u00e2mbito das actuais tend\u00eancias de relacionamento, verifica-se a aproxima\u00e7\u00e3o dos interesses das organiza\u00e7\u00f5es e os da sociedade resultar em esfor\u00e7os m\u00faltiplos para o cumprimento de objetivos compartilhados.<\/em> O objetivo deste grupo de trabalho e o de analisar o papel das empresas na sociedade em face a sua responsabilidade social territorial.<\/p>\n<p><strong>12. HIST\u00d3RIA &amp; DIREITO<\/strong><\/p>\n<p>Coordena\u00e7\u00e3o: Edson Alvise<\/p>\n<p>O GT se prop\u00f5e a abrigar discuss\u00f5es acerca da institui\u00e7\u00f5es jur\u00eddica-pol\u00edticas, da cultura jur\u00eddica e das rela\u00e7\u00f5es envolvendo justi\u00e7a e pol\u00edtica em perspectiva hist\u00f3rica. Ser\u00e3o privilegiados trabalhos que contemplem a hist\u00f3ria nacional e de outras na\u00e7\u00f5es. A vis\u00e3o comparada ser\u00e1 privilegiada. Tamb\u00e9m ser\u00e3o acobertadas discuss\u00f5es metodol\u00f3gicas e hist\u00f3riograficas.<\/p>\n<p>13. \u201c<strong>IMPACI\u00caNCIA CIVIL\u201d, CIDADANIA E MOVIMENTOS SOCIAIS<\/strong><\/p>\n<p>Coordena\u00e7\u00e3o: Luis Carlos Fridman e Carlos Eduardo Machado Fialho<\/p>\n<p><em>Ementa:<\/em> Os movimentos sociais que acorreram no Brasil nos meses de junho e julho de 2013 foram peculiares. Em primeiro lugar porque come\u00e7aram como uma manifesta\u00e7\u00e3o contra o aumento das passagens de \u00f4nibus em algumas capitais e se espalharam por todos os cantos do pa\u00eds. \u201cContra 20 centavos\u201d de aumento se transformou em imensas manifesta\u00e7\u00f5es reivindicando melhores condi\u00e7\u00f5es dos servi\u00e7os p\u00fablicos b\u00e1sicos (transporte, seguran\u00e7a, sa\u00fade, educa\u00e7\u00e3o), a popula\u00e7\u00e3o se mostrou indignada com os casos alarmantes de corrup\u00e7\u00e3o\u00a0 no governo e a impunidade. Em segundo lugar foi original porque a mobiliza\u00e7\u00e3o popular nas ruas n\u00e3o estava (e parece que ainda n\u00e3o est\u00e1) vinculada a bandeiras pol\u00edticas partid\u00e1rias e a lideran\u00e7as pr\u00e9-concebidas. O GT \u201cImpaci\u00eancia civil, cidadania e movimentos sociais\u201d prop\u00f5e uma reflex\u00e3o sobre\u00a0 a originalidade das manifesta\u00e7\u00f5es ocorridas por todo o pa\u00eds, analisando as reivindica\u00e7\u00f5es\u00a0 que surgiram nas grandes passeatas, o perfil dos manifestantes, a forma de manifesta\u00e7\u00e3o das insatisfa\u00e7\u00f5es e o confronto com o governo e o estado.<\/p>\n<p><strong>14. POL\u00cdTICA, SUBJETIVIDADE E VIDA COLETIVA: RESIST\u00caNCIA E MOVIMENTOS SOCIAIS<\/strong><\/p>\n<p>Coordena\u00e7\u00e3o: Prof. Dr. Lu\u00eds Ant\u00f4nio Ribeiro<\/p>\n<p><em>Ementa<\/em>: A pol\u00edtica contempor\u00e2nea \u00e9 marcada por um intenso desinvestimento em todas as formas de vida coletiva e por uma propalada crise de legitimidade das institui\u00e7\u00f5es governamentais. Interessa-nos pensar hoje as rela\u00e7\u00f5es entre a pol\u00edtica e os tipos dominantes de processos de subjetiva\u00e7\u00e3o que marcam a contemporaneidade, mas tamb\u00e9m as vias de resist\u00eancia ou de contra-condutas que insistem em expressar-se; o sentido das lutas, desde aquelas institucionalizadas sob formas mais tradicionais (partido, sindicato, ONG etc.) \u00e0s que parecem resistir \u00e0 institucionaliza\u00e7\u00e3o, configurando-se em redes e pondo em xeque as denomina\u00e7\u00f5es e as formas de organiza\u00e7\u00e3o tradicional; as estrat\u00e9gias de resist\u00eancia em face da governamentalidade\u00a0 e dos supostos imperativos postos pela economia de mercado; os processos, midi\u00e1ticos ou n\u00e3o, de produ\u00e7\u00e3o de consenso ou de apropria\u00e7\u00e3o do espa\u00e7o p\u00fablico; e ainda tudo quanto nos permita articular e aprofundar a compreens\u00e3o das rela\u00e7\u00f5es entre pol\u00edtica, sujeito e vida coletiva na atualidade.<\/p>\n<p><strong>5 REGRAS GERAIS PARA APRESENTA\u00c7\u00c3O<\/strong><\/p>\n<p>Somente estar\u00e3o habilitados \u00e0 apresenta\u00e7\u00e3o dos trabalhos aqueles que, nos prazos estipulados, realizarem o envio do trabalho e o pagamento da inscri\u00e7\u00e3o.<\/p>\n<p>A programa\u00e7\u00e3o das apresenta\u00e7\u00f5es de trabalho ser\u00e1 divulgada de acordo com as datas estipuladas no Cronograma.<\/p>\n<p>As apresenta\u00e7\u00f5es orais dos artigos selecionados ser\u00e3o de at\u00e9 20 minutos, de acordo com a din\u00e2mica proposta pelos coordenadores do GT.\u00a0As apresenta\u00e7\u00f5es orais dos p\u00f4steres ser\u00e3o de at\u00e9 10 minutos.<\/p>\n<p>N\u00e3o ser\u00e3o utilizados recursos t\u00e9cnicos para as apresenta\u00e7\u00f5es.<\/p>\n<p>Cada GT contar\u00e1 com o n\u00famero m\u00e1ximo de 10 (dez) trabalhos orais e 2 p\u00f4steres, cinco por dia de trabalho e os p\u00f4steres tamb\u00e9m no primeiro dia.<\/p>\n<p>Os trabalhos apresentados ser\u00e3o publicados integralmente nos anais, em formato Digital, sendo, pois, de responsabilidade dos autores a revis\u00e3o ortogr\u00e1fica do texto por ocasi\u00e3o de seu envio.<\/p>\n<p>&nbsp;<\/p>\n<p><strong>6 INSCRI\u00c7\u00d5ES<\/strong><\/p>\n<p>A participa\u00e7\u00e3o no semin\u00e1rio poder\u00e1 ocorrer nas modalidades: participante com apresenta\u00e7\u00e3o de trabalho, participante com apresenta\u00e7\u00e3o de p\u00f4ster, e ouvinte, observando-se os seguintes valores:<\/p>\n<table border=\"1\" cellspacing=\"0\" cellpadding=\"0\">\n<tbody>\n<tr>\n<td width=\"171\" valign=\"top\"><strong>DATA<\/strong><\/td>\n<td width=\"142\" valign=\"top\"><strong>OUVINTE<\/strong><\/td>\n<td width=\"151\" valign=\"top\"><strong>PARTICIPANTE COM P\u00d4STER<\/strong><\/td>\n<td width=\"161\" valign=\"top\"><strong>PARTICIPANTE COM TRABALHO<\/strong><\/td>\n<\/tr>\n<tr>\n<td width=\"171\" valign=\"top\">At\u00e9 o dia 07\/10\/2013<\/td>\n<td width=\"142\" valign=\"top\">R$10,00<\/td>\n<td width=\"151\" valign=\"top\">R$15,00<\/td>\n<td width=\"161\" valign=\"top\">R$50,00<\/td>\n<\/tr>\n<tr>\n<td width=\"171\" valign=\"top\">De 08\/10\/2013 a 18\/10\/2013<\/td>\n<td width=\"142\" valign=\"top\">R$15,00<\/td>\n<td width=\"151\" valign=\"top\">R$25,00<\/td>\n<td width=\"161\" valign=\"top\">R$80,00<\/td>\n<\/tr>\n<tr>\n<td width=\"171\" valign=\"top\">Inscri\u00e7\u00e3o durante o Evento<\/td>\n<td width=\"142\" valign=\"top\">R$20,00<\/td>\n<td width=\"151\" valign=\"top\">R$30,00<\/td>\n<td width=\"161\" valign=\"top\">R$100,00<\/td>\n<\/tr>\n<\/tbody>\n<\/table>\n<p>O pagamento ser\u00e1 efetuado mediante dep\u00f3sito no Banco do Brasil (001), Ag\u00eancia 3430-4, conta corrente 6.687-7, CPF 107.666.067-32, em nome de Eduardo Castelo Branco e Silva, cujo comprovante de dep\u00f3sito, conjuntamente com a FICHA DE INSCRI\u00c7\u00c3O, dever\u00e3o ser enviados para o email\u00a0<a href=\"mailto: &lt;script type='text\/javascript'&gt; &lt;!-- var prefix = 'ma' + 'il' + 'to'; var path = 'hr' + 'ef' + '='; var addy93000 = '3sduff' + '@'; addy93000 = addy93000 + 'gmail' + '.' + 'com'; document.write('&lt;a ' + path + ''' + prefix + ':' + addy93000 + ''&gt;'); document.write(addy93000); document.write('&lt;\/a&gt;'); \/\/--&gt;n &lt;\/script&gt;&lt;script type='text\/javascript'&gt; &lt;!-- document.write('&lt;span style='display: none;'&gt;'); \/\/--&gt; &lt;\/script&gt;O endere%C3%A7o de e-mail address est%C3%A1 sendo protegido de spambots. Voc%C3%AA precisa ativar o JavaScript enabled para v%C3%AA-lo. &lt;script type='text\/javascript'&gt; &lt;!-- document.write('&lt;\/'); document.write('span&gt;'); \/\/--&gt; &lt;\/script&gt;\"><\/a><a href=\"mailto:3sduff@gmail.com\">3sduff@gmail.com<\/a>.<\/p>\n<p>S\u00e3o as informa\u00e7\u00f5es necess\u00e1rias para a valida\u00e7\u00e3o de seu dep\u00f3sito:<\/p>\n<p>\u00b7\u00a0\u00a0\u00a0\u00a0\u00a0\u00a0\u00a0\u00a0\u00a0Nome do Depositante<\/p>\n<p>\u00b7\u00a0\u00a0\u00a0\u00a0\u00a0\u00a0\u00a0\u00a0\u00a0Nome de\u00a0<strong>todos<\/strong> os Autores do Artigo a que se refere o dep\u00f3sito<\/p>\n<p>\u00b7\u00a0\u00a0\u00a0\u00a0\u00a0\u00a0\u00a0\u00a0\u00a0T\u00edtulo do Artigo<\/p>\n<p>\u00b7\u00a0\u00a0\u00a0\u00a0\u00a0\u00a0\u00a0\u00a0\u00a0GT vinculado ao artigo<\/p>\n<p>Caso haja desist\u00eancia, os valores depositados n\u00e3o ser\u00e3o devolvidos.<\/p>\n<p>&nbsp;<\/p>\n<p><strong>SER\u00c3O EMITIDOS CERTIFICADOS APENAS PARA OS PARTICIPANTES DEVIDAMENTE INSCRITOS E PRESENTES NO EVENTO, QUE APRESENTAREM O TRABALHO<\/strong>.<\/p>\n<p>&nbsp;<\/p>\n<p><strong>7 DISPOSI\u00c7\u00d5ES FINAIS<\/strong><\/p>\n<p>A n\u00e3o observ\u00e2ncia dos prazos e normas definidas neste edital impede a apresenta\u00e7\u00e3o dos trabalhos no evento.<\/p>\n<p>Isen\u00e7\u00e3o de taxa de inscri\u00e7\u00e3o: Comiss\u00e3o de Organiza\u00e7\u00e3o, Palestrantes e Coordena\u00e7\u00e3o de GTs.<\/p>\n<p>Quest\u00f5es omissas ser\u00e3o resolvidas pela Comiss\u00e3o Organizadora.<\/p>\n<p>Em caso de d\u00favidas ou informa\u00e7\u00f5es, encaminhem e-mail para a Comiss\u00e3o Organizadora, atrav\u00e9s do endere\u00e7o:\u00a0<a href=\"mailto: &lt;script type='text\/javascript'&gt; &lt;!-- var prefix = 'ma' + 'il' + 'to'; var path = 'hr' + 'ef' + '='; var addy95192 = '3sduff' + '@'; addy95192 = addy95192 + 'gmail' + '.' + 'com'; document.write('&lt;a ' + path + ''' + prefix + ':' + addy95192 + ''&gt;'); document.write(addy95192); document.write('&lt;\/a&gt;'); \/\/--&gt;n &lt;\/script&gt;&lt;script type='text\/javascript'&gt; &lt;!-- document.write('&lt;span style='display: none;'&gt;'); \/\/--&gt; &lt;\/script&gt;O endere%C3%A7o de e-mail address est%C3%A1 sendo protegido de spambots. Voc%C3%AA precisa ativar o JavaScript enabled para v%C3%AA-lo. &lt;script type='text\/javascript'&gt; &lt;!-- document.write('&lt;\/'); document.write('span&gt;'); \/\/--&gt; &lt;\/script&gt;\"><\/a><a href=\"mailto:3sduff@gmail.com\">3sduff@gmail.com<\/a><\/p>\n<p>&nbsp;<\/p>\n<p><strong>8. CRONOGRAMA<\/strong><\/p>\n<p>&nbsp;<\/p>\n<table border=\"1\" cellspacing=\"0\" cellpadding=\"0\">\n<tbody>\n<tr>\n<td width=\"328\" valign=\"top\"><strong>ATIVIDADES<\/strong><\/td>\n<td width=\"297\" valign=\"top\"><strong>DATA<\/strong><\/td>\n<\/tr>\n<tr>\n<td width=\"328\" valign=\"top\">Prazo para envio de resumos<\/td>\n<td width=\"297\" valign=\"top\">01\/09\/2013<\/td>\n<\/tr>\n<tr>\n<td width=\"328\" valign=\"top\">Divulga\u00e7\u00e3o do resultado da sele\u00e7\u00e3o de resumos<\/td>\n<td width=\"297\" valign=\"top\">09\/09\/2013<\/td>\n<\/tr>\n<tr>\n<td width=\"328\" valign=\"top\">Prazo final para envio do trabalho final<\/td>\n<td width=\"297\" valign=\"top\">06\/10\/2013<\/td>\n<\/tr>\n<tr>\n<td width=\"328\" valign=\"top\">Prazo final para pagamento das inscri\u00e7\u00f5es com desconto<\/td>\n<td width=\"297\" valign=\"top\">07\/10\/2013<\/td>\n<\/tr>\n<tr>\n<td width=\"328\" valign=\"top\">3\u00ba Semin\u00e1rio Interdisciplinar em Sociologia e Direito<\/td>\n<td width=\"297\" valign=\"top\">22 a 24 de outubro de 2013<\/td>\n<\/tr>\n<\/tbody>\n<\/table>\n<p>&nbsp;<\/p>\n<p><strong>PROGRAMA\u00c7\u00c3O PRELIMINAR<\/strong><\/p>\n<p>&nbsp;<\/p>\n<table border=\"1\" cellspacing=\"0\" cellpadding=\"0\">\n<tbody>\n<tr>\n<td width=\"142\" valign=\"top\"><strong>Hor\u00e1rio<\/strong><\/td>\n<td width=\"170\" valign=\"top\"><strong>23\/10\/2013, TER<\/strong><\/td>\n<td width=\"166\" valign=\"top\"><strong>24\/10\/2013, QUA<\/strong><\/td>\n<td width=\"136\" valign=\"top\"><strong>25\/10\/2013, QUI<\/strong><\/td>\n<\/tr>\n<tr>\n<td width=\"142\" valign=\"top\">9h as 12h<\/td>\n<td width=\"170\" valign=\"top\"><\/td>\n<td width=\"166\" valign=\"top\">Mesa Redonda 1<\/td>\n<td width=\"136\" valign=\"top\">Mesa Redonda 3<\/td>\n<\/tr>\n<tr>\n<td width=\"142\" valign=\"top\">12h as 14h<\/td>\n<td width=\"170\" valign=\"top\"><\/td>\n<td width=\"166\" valign=\"top\">Almo\u00e7o<\/td>\n<td width=\"136\" valign=\"top\">Almo\u00e7o<\/td>\n<\/tr>\n<tr>\n<td width=\"142\" valign=\"top\">14h as 17h<\/td>\n<td width=\"170\" valign=\"top\">Reuni\u00e3o dos Coordenadores de GT<\/td>\n<td width=\"166\" valign=\"top\">GTs<\/td>\n<td width=\"136\" valign=\"top\">GTs<\/td>\n<\/tr>\n<tr>\n<td width=\"142\" valign=\"top\">17h30 as 18h<\/td>\n<td width=\"170\" valign=\"top\">Credenciamento<\/td>\n<td width=\"166\" valign=\"top\">Cofee Break<\/td>\n<td width=\"136\" valign=\"top\">Cofee Break<\/td>\n<\/tr>\n<tr>\n<td width=\"142\" valign=\"top\">18h as 20h<\/td>\n<td width=\"170\" valign=\"top\">Cerim\u00f4nia de Abertura \/ Mesa Redonda<\/td>\n<td width=\"166\" valign=\"top\">Mesa Redonda 2<\/td>\n<td width=\"136\" valign=\"top\">18h &#8211; Reuni\u00e3o final dos Coordenadores GTs<\/p>\n<p>19h &#8211; Confer\u00eancia de Encerramento<\/td>\n<\/tr>\n<\/tbody>\n<\/table>\n<\/div>\n<\/div>\n<\/div>\n<div id=\"footer\">\n<p>&nbsp;<\/p>\n<\/div>\n<p>&nbsp;<\/p>\n","protected":false},"excerpt":{"rendered":"<p>EDITAL DO 3\u00ba SEMIN\u00c1RIO INTERDISCIPLINAR EM SOCIOLOGIA E DIREITO PROGRAMA DE P\u00d3S-GRADUA\u00c7\u00c3O EM SOCIOLOGIA E DIREITO (PPGSD) UNIVERISDADE FEDERAL FLUMINENSE (UFF) &nbsp; \u201cA MOBILIZA\u00c7\u00c3O SOCIAL E SUAS IMPLICA\u00c7\u00d5ES NA ALTERA\u00c7\u00c3O DO CEN\u00c1RIO NACIONAL: (RE)CONSTRU\u00c7\u00c3O DE PARADIGMAS E FORTALECIMENTO DA CIDADANIA\u201d Local: Faculdade de Direito Rua Presidente Pedreira, n\u00ba 62, Bairro Ing\u00e1, Niter\u00f3i-RJ Data: 22 a [&hellip;]<\/p>\n","protected":false},"author":13,"featured_media":0,"comment_status":"open","ping_status":"closed","sticky":false,"template":"","format":"standard","meta":{"inline_featured_image":false,"footnotes":""},"categories":[1],"tags":[],"anos":[],"projetos":[],"autorias":[],"eixos_tematicos":[],"locais":[],"pessoas":[],"estado":[],"academia":[],"sociedade_civil":[],"class_list":["post-6970","post","type-post","status-publish","format-standard","hentry","category-noticias"],"_links":{"self":[{"href":"https:\/\/forumjustica.com.br\/en\/wp-json\/wp\/v2\/posts\/6970","targetHints":{"allow":["GET"]}}],"collection":[{"href":"https:\/\/forumjustica.com.br\/en\/wp-json\/wp\/v2\/posts"}],"about":[{"href":"https:\/\/forumjustica.com.br\/en\/wp-json\/wp\/v2\/types\/post"}],"author":[{"embeddable":true,"href":"https:\/\/forumjustica.com.br\/en\/wp-json\/wp\/v2\/users\/13"}],"replies":[{"embeddable":true,"href":"https:\/\/forumjustica.com.br\/en\/wp-json\/wp\/v2\/comments?post=6970"}],"version-history":[{"count":1,"href":"https:\/\/forumjustica.com.br\/en\/wp-json\/wp\/v2\/posts\/6970\/revisions"}],"predecessor-version":[{"id":17521,"href":"https:\/\/forumjustica.com.br\/en\/wp-json\/wp\/v2\/posts\/6970\/revisions\/17521"}],"wp:attachment":[{"href":"https:\/\/forumjustica.com.br\/en\/wp-json\/wp\/v2\/media?parent=6970"}],"wp:term":[{"taxonomy":"category","embeddable":true,"href":"https:\/\/forumjustica.com.br\/en\/wp-json\/wp\/v2\/categories?post=6970"},{"taxonomy":"post_tag","embeddable":true,"href":"https:\/\/forumjustica.com.br\/en\/wp-json\/wp\/v2\/tags?post=6970"},{"taxonomy":"anos","embeddable":true,"href":"https:\/\/forumjustica.com.br\/en\/wp-json\/wp\/v2\/anos?post=6970"},{"taxonomy":"projetos","embeddable":true,"href":"https:\/\/forumjustica.com.br\/en\/wp-json\/wp\/v2\/projetos?post=6970"},{"taxonomy":"autorias","embeddable":true,"href":"https:\/\/forumjustica.com.br\/en\/wp-json\/wp\/v2\/autorias?post=6970"},{"taxonomy":"eixos_tematicos","embeddable":true,"href":"https:\/\/forumjustica.com.br\/en\/wp-json\/wp\/v2\/eixos_tematicos?post=6970"},{"taxonomy":"locais","embeddable":true,"href":"https:\/\/forumjustica.com.br\/en\/wp-json\/wp\/v2\/locais?post=6970"},{"taxonomy":"pessoas","embeddable":true,"href":"https:\/\/forumjustica.com.br\/en\/wp-json\/wp\/v2\/pessoas?post=6970"},{"taxonomy":"estado","embeddable":true,"href":"https:\/\/forumjustica.com.br\/en\/wp-json\/wp\/v2\/estado?post=6970"},{"taxonomy":"academia","embeddable":true,"href":"https:\/\/forumjustica.com.br\/en\/wp-json\/wp\/v2\/academia?post=6970"},{"taxonomy":"sociedade_civil","embeddable":true,"href":"https:\/\/forumjustica.com.br\/en\/wp-json\/wp\/v2\/sociedade_civil?post=6970"}],"curies":[{"name":"wp","href":"https:\/\/api.w.org\/{rel}","templated":true}]}}