{"id":6989,"date":"2013-09-09T10:00:45","date_gmt":"2013-09-09T12:00:45","guid":{"rendered":"https:\/\/forumjustica.vlannetwork.com\/?p=6989"},"modified":"2022-09-04T21:16:13","modified_gmt":"2022-09-05T00:16:13","slug":"em-memoria-a-sergio-arouca-e-aos-20-anos-sem-careli-asfoc-entrega-premios-pela-luta-por-direitos-humanos-saude-e-cidadania","status":"publish","type":"post","link":"https:\/\/forumjustica.com.br\/en\/em-memoria-a-sergio-arouca-e-aos-20-anos-sem-careli-asfoc-entrega-premios-pela-luta-por-direitos-humanos-saude-e-cidadania\/","title":{"rendered":"Em mem\u00f3ria a Sergio Arouca e aos 20 anos sem Careli, Asfoc entrega pr\u00eamios pela luta por direitos humanos, sa\u00fade e cidadania"},"content":{"rendered":"<p><a href=\"https:\/\/forumjustica.com.br\/wp-content\/uploads\/2013\/09\/asfoc.jpg\"><img loading=\"lazy\" decoding=\"async\" src=\"https:\/\/forumjustica.com.br\/wp-content\/uploads\/2013\/09\/asfoc.jpg\" alt=\"\" title=\"asfoc\" width=\"960\" height=\"916\" class=\"aligncenter size-full wp-image-6992\" \/><\/a><br \/>\nEm mem\u00f3ria a Sergio Arouca e aos 20 anos sem Careli, Asfoc entrega pr\u00eamios pela luta por direitos humanos, sa\u00fade e cidadania<\/p>\n<p>        Vinte anos depois do desaparecimento do servidor da Funda\u00e7\u00e3o Oswaldo Cruz Jorge Careli (10\/08\/1993), o Sindicato dos Trabalhadores da Fiocruz (Asfoc-SN) homenagear\u00e1 com a Medalha Careli de Direitos Humanos  a Comiss\u00e3o de Direitos Humanos e Assist\u00eancia Jur\u00eddica da OAB do Rio de Janeiro e a Associa\u00e7\u00e3o de Moradores da Vila Aut\u00f3dromo.<\/p>\n<p>        Desde 2001, a Asfoc-SN concede a medalha para pessoas ou entidades que se destacam na luta contra a viol\u00eancia e na defesa dos direitos humanos. Na cerim\u00f4nia, que ser\u00e1 realizada em <strong>12 de setembro (quinta-feira), a partir das 16h, no Esta\u00e7\u00e3o Asfoc, na Fiocruz, em Manguinhos<\/strong>, o Sindicato repudia a viol\u00eancia do Estado contra os movimentos sociais e populares e cobra das autoridades competentes a responsabilidade nas pr\u00e1ticas autorit\u00e1rias, arbitr\u00e1rias e abusivas, como, por exemplo, no caso Amarildo, o ajudante de pedreiro desaparecido desde julho, na Rocinha.<\/p>\n<p>         Na mesma ocasi\u00e3o, o Sindicato entregar\u00e1 ainda o Pr\u00eamio Especial Sergio Arouca de Sa\u00fade e Cidadania para a V\u00eddeoSa\u00fade Distribuidora da Fiocruz (Instituto de Comunica\u00e7\u00e3o e Informa\u00e7\u00e3o Cient\u00edfica e Tecnolocia em Sa\u00fade\/Icict); ao Laborat\u00f3rio de Estudos e Pesquisas em Sa\u00fade Mental\/Laps (Escola Nacional de Sa\u00fade P\u00fablica\/Ensp\/Fiocruz); ao chefe do departamento de cirurgia pedi\u00e1trica do Instituto Fernandes Figueira\/IFF, Paulo Roberto Boechat; e ao ex-presidente do Instituto Nacional de Assist\u00eancia M\u00e9dica e Previd\u00eancia Social (Inamps) Hesio de Albuquerque Cordeiro.<\/p>\n<p>        Por manterem viva a mem\u00f3ria e a obra do sanitarista, que faleceu h\u00e1 10 anos (02\/08\/2003), o pr\u00eamio \u00e9 concedido pelo Sindicato, desde 2004, a uma personalidade ou entidade de destaque na luta por sa\u00fade e cidadania para a popula\u00e7\u00e3o.<br \/>\nMem\u00f3ria do Caso Careli: No \u00faltimo 10 de agosto, completaram 20 anos do desaparecimento do companheiro Jorge Careli. Em 1993, o servidor da Fiocruz foi confundido com um sequestrador e levado por policiais da Divis\u00e3o Anti-Sequestro (DAS) quando falava de um telefone p\u00fablico na Favela da Varginha, em Manguinhos. Careli nunca mais foi visto.<\/p>\n<p>        Desde ent\u00e3o, a Asfoc e os trabalhadores da Fiocruz se mobilizaram cobrando das autoridades a responsabilidade pelo desaparecimento do servidor da Funda\u00e7\u00e3o. A Justi\u00e7a condenou o Estado do Rio de Janeiro a pagar uma indeniza\u00e7\u00e3o \u00e0 fam\u00edlia de Careli e, depois de quase duas d\u00e9cadas do desaparecimento, declarou, finalmente, a morte presumida do servidor em 2012.<\/p>\n<p>        Equivalente \u00e0 certid\u00e3o de \u00f3bito, o Sindicato entregou em mar\u00e7o deste ano o documento \u00e0 m\u00e3e de Jorge, dona Maria, em cerim\u00f4nia p\u00fablica com amigos e familiares de Careli, diretores e ex-dirigentes do Sindicato.<br \/>\n<\/p>","protected":false},"excerpt":{"rendered":"<p>Em mem\u00f3ria a Sergio Arouca e aos 20 anos sem Careli, Asfoc entrega pr\u00eamios pela luta por direitos humanos, sa\u00fade e cidadania Vinte anos depois do desaparecimento do servidor da Funda\u00e7\u00e3o Oswaldo Cruz Jorge Careli (10\/08\/1993), o Sindicato dos Trabalhadores da Fiocruz (Asfoc-SN) homenagear\u00e1 com a Medalha Careli de Direitos Humanos a Comiss\u00e3o de Direitos [&hellip;]<\/p>\n","protected":false},"author":13,"featured_media":0,"comment_status":"open","ping_status":"closed","sticky":false,"template":"","format":"standard","meta":{"inline_featured_image":false,"footnotes":""},"categories":[1],"tags":[],"anos":[],"projetos":[],"autorias":[],"eixos_tematicos":[],"locais":[],"pessoas":[],"estado":[],"academia":[],"sociedade_civil":[],"class_list":["post-6989","post","type-post","status-publish","format-standard","hentry","category-noticias"],"_links":{"self":[{"href":"https:\/\/forumjustica.com.br\/en\/wp-json\/wp\/v2\/posts\/6989","targetHints":{"allow":["GET"]}}],"collection":[{"href":"https:\/\/forumjustica.com.br\/en\/wp-json\/wp\/v2\/posts"}],"about":[{"href":"https:\/\/forumjustica.com.br\/en\/wp-json\/wp\/v2\/types\/post"}],"author":[{"embeddable":true,"href":"https:\/\/forumjustica.com.br\/en\/wp-json\/wp\/v2\/users\/13"}],"replies":[{"embeddable":true,"href":"https:\/\/forumjustica.com.br\/en\/wp-json\/wp\/v2\/comments?post=6989"}],"version-history":[{"count":1,"href":"https:\/\/forumjustica.com.br\/en\/wp-json\/wp\/v2\/posts\/6989\/revisions"}],"predecessor-version":[{"id":17520,"href":"https:\/\/forumjustica.com.br\/en\/wp-json\/wp\/v2\/posts\/6989\/revisions\/17520"}],"wp:attachment":[{"href":"https:\/\/forumjustica.com.br\/en\/wp-json\/wp\/v2\/media?parent=6989"}],"wp:term":[{"taxonomy":"category","embeddable":true,"href":"https:\/\/forumjustica.com.br\/en\/wp-json\/wp\/v2\/categories?post=6989"},{"taxonomy":"post_tag","embeddable":true,"href":"https:\/\/forumjustica.com.br\/en\/wp-json\/wp\/v2\/tags?post=6989"},{"taxonomy":"anos","embeddable":true,"href":"https:\/\/forumjustica.com.br\/en\/wp-json\/wp\/v2\/anos?post=6989"},{"taxonomy":"projetos","embeddable":true,"href":"https:\/\/forumjustica.com.br\/en\/wp-json\/wp\/v2\/projetos?post=6989"},{"taxonomy":"autorias","embeddable":true,"href":"https:\/\/forumjustica.com.br\/en\/wp-json\/wp\/v2\/autorias?post=6989"},{"taxonomy":"eixos_tematicos","embeddable":true,"href":"https:\/\/forumjustica.com.br\/en\/wp-json\/wp\/v2\/eixos_tematicos?post=6989"},{"taxonomy":"locais","embeddable":true,"href":"https:\/\/forumjustica.com.br\/en\/wp-json\/wp\/v2\/locais?post=6989"},{"taxonomy":"pessoas","embeddable":true,"href":"https:\/\/forumjustica.com.br\/en\/wp-json\/wp\/v2\/pessoas?post=6989"},{"taxonomy":"estado","embeddable":true,"href":"https:\/\/forumjustica.com.br\/en\/wp-json\/wp\/v2\/estado?post=6989"},{"taxonomy":"academia","embeddable":true,"href":"https:\/\/forumjustica.com.br\/en\/wp-json\/wp\/v2\/academia?post=6989"},{"taxonomy":"sociedade_civil","embeddable":true,"href":"https:\/\/forumjustica.com.br\/en\/wp-json\/wp\/v2\/sociedade_civil?post=6989"}],"curies":[{"name":"wp","href":"https:\/\/api.w.org\/{rel}","templated":true}]}}