{"id":7037,"date":"2013-09-12T09:00:29","date_gmt":"2013-09-12T11:00:29","guid":{"rendered":"https:\/\/forumjustica.vlannetwork.com\/?p=7037"},"modified":"2022-09-04T21:16:13","modified_gmt":"2022-09-05T00:16:13","slug":"tomou-posse-a-primeira-ouvidora-da-defensoria-publica-do-parana","status":"publish","type":"post","link":"https:\/\/forumjustica.com.br\/en\/tomou-posse-a-primeira-ouvidora-da-defensoria-publica-do-parana\/","title":{"rendered":"Tomou posse a primeira ouvidora da Defensoria P\u00fablica do Paran\u00e1"},"content":{"rendered":"<p><a href=\"https:\/\/forumjustica.com.br\/wp-content\/uploads\/2013\/09\/posse-ouvidora-paran\u00e1.jpg\"><img loading=\"lazy\" decoding=\"async\" src=\"https:\/\/forumjustica.com.br\/wp-content\/uploads\/2013\/09\/posse-ouvidora-paran\u00e1-300x200.jpg\" alt=\"\" title=\"posse ouvidora paran\u00e1\" width=\"300\" height=\"200\" class=\"alignleft size-medium wp-image-7041\" \/><\/a><br \/>\nTomou posse nesta ter\u00e7a-feira (27\/08) a primeira ouvidora da DPPR, Maria de Lourdes &#8220;Santa&#8221; de Souza. A Cerim\u00f4nia, realizada no Pal\u00e1cio das Arauc\u00e1rias, contou com a presen\u00e7a da defensora p\u00fablica-geral do Estado, Josiane Lupion, do subdefensor geral, Osni Batista Padilha, do corregedor geral da Defensoria, S\u00e9rgio Parigot de Souza, da desembargadora do Tribunal de Justi\u00e7a do Paran\u00e1, Denise Kr\u00fcger Pereira, da subprocuradora geral de Justi\u00e7a (MP\/PR), Samia Saad Bonavides, do procurador Olimpio de S\u00e1 Sotto Maior, e da diretora adjunta do Departamento de Direitos Humanos e Cidadania (DEDIHC) da Secretaria da Justi\u00e7a, Cidadania e Direitos Humanos (SEJU), Regina Bley, al\u00e9m de deputados estaduais, vereadores, representantes de diversas entidades ligadas \u00e0 defesa dos Direitos Humanos, movimentos sindicais e movimento negro e parentes e amigos da ouvidora.<\/p>\n<p>Pedagoga e estudante de Direito, Santa tem grande participa\u00e7\u00e3o dentro dos movimentos sociais de luta pelos direitos humanos. \u00c9 fundadora e diretora da Associa\u00e7\u00e3o Cultural de Negritude e A\u00e7\u00e3o Popular (ACNAP), fundadora e conselheira do Conselho Permanente de Direitos Humanos do Paran\u00e1 e do Programa de Assist\u00eancia a V\u00edtimas e Testemunhas Amea\u00e7adas (Provita). Al\u00e9m disso, atua na \u00e1rea de pol\u00edticas p\u00fablicas da Comiss\u00e3o de Estudos \u00e0 Viol\u00eancia de G\u00eanero (CEVIGE) e na Comiss\u00e3o de V\u00edtimas de Crime e Seguran\u00e7a P\u00fablica, ambas da Ordem dos Advogados do Brasil, se\u00e7\u00e3o do Paran\u00e1 (OAB\/PR) (leia o curr\u00edculo completo da Ouvidora da DPPR aqui).<\/p>\n<p>A Ouvidoria-Geral \u00e9 um \u00f3rg\u00e3o auxiliar da Defensoria P\u00fablica, prevista na Lei Org\u00e2nica da institui\u00e7\u00e3o (art. 34), e que tem como objetivo a promo\u00e7\u00e3o da qualidade dos servi\u00e7os prestados pela DPPR, com ampla participa\u00e7\u00e3o da sociedade civil na sua gest\u00e3o e fiscaliza\u00e7\u00e3o. O ouvidor-geral \u00e9 escolhido pelo Conselho Superior da DPPR, entre cidad\u00e3os de reputa\u00e7\u00e3o ilibada, n\u00e3o integrantes da Carreira de Defensor P\u00fablico e indicados em lista tr\u00edplice \u2013 formada em vota\u00e7\u00e3o realizada entre metade dos membros do Conselho Permanente de Direitos Humanos (COPED), que s\u00e3o escolhidos entre as organiza\u00e7\u00f5es n\u00e3o-governamentais ligadas \u00e0 defesa dos Direitos Humanos \u2013 composta de membros da sociedade civil, para mandato de dois anos, permitida uma recondu\u00e7\u00e3o. O cargo de ouvidor-geral \u00e9 exercido em regime de dedica\u00e7\u00e3o exclusiva.<\/p>\n<p><a href=\"https:\/\/forumjustica.com.br\/wp-content\/uploads\/2013\/09\/04.jpg\"><img loading=\"lazy\" decoding=\"async\" src=\"https:\/\/forumjustica.com.br\/wp-content\/uploads\/2013\/09\/04-300x180-1.jpg\" alt=\"\" title=\"04\" width=\"300\" height=\"180\" class=\"aligncenter size-medium wp-image-7039\" \/><\/a><\/p>\n<p>Em seu discurso, Santa relembrou sua inf\u00e2ncia \u2013 parte dela vivida na fronteira do Brasil com o Paraguai \u2013 as dificuldades que passou, mas especialmente a uni\u00e3o de sua fam\u00edlia e o amor e carinho com que seus pais, j\u00e1 falecidos, criaram os nove filhos. Sobre a Defensoria e seu cargo de ouvidora, afirmou: \u201cTemos que criar condi\u00e7\u00f5es para que todos possam lutar, reconhecer, contribuir, construir juntos uma Defensoria P\u00fablica para o povo paranaense. Uma Defensoria com credibilidade, uma Defensoria com responsabilidade, uma Defensoria com respeito, com estrutura. Uma Defensoria n\u00e3o tem partido, a defensoria \u00e9 do povo. A ouvidoria vai estar aberta para que todos possam contribuir, para que juntos possamos transformar a vida das pessoas\u201d.<\/p>\n<p>E o trabalho j\u00e1 come\u00e7ou! A Ouvidoria da DPPR j\u00e1 est\u00e1 dispon\u00edvel para receber sugest\u00f5es, den\u00fancias, reclama\u00e7\u00f5es e elogios atrav\u00e9s do e-mail ouvidoria@defensoria.pr.gov.br e do telefone (41) 3219-7340.<\/p>\n<p><a href=\"\nhttp:\/\/www.defensoriapublica.pr.gov.br\/modules\/noticias\/article.php?storyid=69&#038;tit=Tomou-posse-a-primeira-ouvidora-da-Defensoria-Publica-do-Parana\">http:\/\/www.defensoriapublica.pr.gov.br\/modules\/noticias\/article.php?storyid=69&#038;tit=Tomou-posse-a-primeira-ouvidora-da-Defensoria-Publica-do-Parana<\/a><\/p>","protected":false},"excerpt":{"rendered":"<p>Tomou posse nesta ter\u00e7a-feira (27\/08) a primeira ouvidora da DPPR, Maria de Lourdes &#8220;Santa&#8221; de Souza. A Cerim\u00f4nia, realizada no Pal\u00e1cio das Arauc\u00e1rias, contou com a presen\u00e7a da defensora p\u00fablica-geral do Estado, Josiane Lupion, do subdefensor geral, Osni Batista Padilha, do corregedor geral da Defensoria, S\u00e9rgio Parigot de Souza, da desembargadora do Tribunal de Justi\u00e7a [&hellip;]<\/p>\n","protected":false},"author":13,"featured_media":0,"comment_status":"open","ping_status":"closed","sticky":false,"template":"","format":"standard","meta":{"inline_featured_image":false,"footnotes":""},"categories":[1],"tags":[],"anos":[],"projetos":[],"autorias":[],"eixos_tematicos":[],"locais":[],"pessoas":[],"estado":[],"academia":[],"sociedade_civil":[],"class_list":["post-7037","post","type-post","status-publish","format-standard","hentry","category-noticias"],"_links":{"self":[{"href":"https:\/\/forumjustica.com.br\/en\/wp-json\/wp\/v2\/posts\/7037","targetHints":{"allow":["GET"]}}],"collection":[{"href":"https:\/\/forumjustica.com.br\/en\/wp-json\/wp\/v2\/posts"}],"about":[{"href":"https:\/\/forumjustica.com.br\/en\/wp-json\/wp\/v2\/types\/post"}],"author":[{"embeddable":true,"href":"https:\/\/forumjustica.com.br\/en\/wp-json\/wp\/v2\/users\/13"}],"replies":[{"embeddable":true,"href":"https:\/\/forumjustica.com.br\/en\/wp-json\/wp\/v2\/comments?post=7037"}],"version-history":[{"count":1,"href":"https:\/\/forumjustica.com.br\/en\/wp-json\/wp\/v2\/posts\/7037\/revisions"}],"predecessor-version":[{"id":17516,"href":"https:\/\/forumjustica.com.br\/en\/wp-json\/wp\/v2\/posts\/7037\/revisions\/17516"}],"wp:attachment":[{"href":"https:\/\/forumjustica.com.br\/en\/wp-json\/wp\/v2\/media?parent=7037"}],"wp:term":[{"taxonomy":"category","embeddable":true,"href":"https:\/\/forumjustica.com.br\/en\/wp-json\/wp\/v2\/categories?post=7037"},{"taxonomy":"post_tag","embeddable":true,"href":"https:\/\/forumjustica.com.br\/en\/wp-json\/wp\/v2\/tags?post=7037"},{"taxonomy":"anos","embeddable":true,"href":"https:\/\/forumjustica.com.br\/en\/wp-json\/wp\/v2\/anos?post=7037"},{"taxonomy":"projetos","embeddable":true,"href":"https:\/\/forumjustica.com.br\/en\/wp-json\/wp\/v2\/projetos?post=7037"},{"taxonomy":"autorias","embeddable":true,"href":"https:\/\/forumjustica.com.br\/en\/wp-json\/wp\/v2\/autorias?post=7037"},{"taxonomy":"eixos_tematicos","embeddable":true,"href":"https:\/\/forumjustica.com.br\/en\/wp-json\/wp\/v2\/eixos_tematicos?post=7037"},{"taxonomy":"locais","embeddable":true,"href":"https:\/\/forumjustica.com.br\/en\/wp-json\/wp\/v2\/locais?post=7037"},{"taxonomy":"pessoas","embeddable":true,"href":"https:\/\/forumjustica.com.br\/en\/wp-json\/wp\/v2\/pessoas?post=7037"},{"taxonomy":"estado","embeddable":true,"href":"https:\/\/forumjustica.com.br\/en\/wp-json\/wp\/v2\/estado?post=7037"},{"taxonomy":"academia","embeddable":true,"href":"https:\/\/forumjustica.com.br\/en\/wp-json\/wp\/v2\/academia?post=7037"},{"taxonomy":"sociedade_civil","embeddable":true,"href":"https:\/\/forumjustica.com.br\/en\/wp-json\/wp\/v2\/sociedade_civil?post=7037"}],"curies":[{"name":"wp","href":"https:\/\/api.w.org\/{rel}","templated":true}]}}