{"id":7063,"date":"2013-09-17T19:02:55","date_gmt":"2013-09-17T21:02:55","guid":{"rendered":"https:\/\/forumjustica.vlannetwork.com\/?p=7063"},"modified":"2022-09-04T21:16:13","modified_gmt":"2022-09-05T00:16:13","slug":"nota-de-apoio-ao-povo-munduruku","status":"publish","type":"post","link":"https:\/\/forumjustica.com.br\/en\/nota-de-apoio-ao-povo-munduruku\/","title":{"rendered":"NOTA DE APOIO AO POVO MUNDURUKU"},"content":{"rendered":"<p><a href=\"https:\/\/forumjustica.com.br\/wp-content\/uploads\/2013\/09\/munduruku2.jpg\"><img loading=\"lazy\" decoding=\"async\" src=\"https:\/\/forumjustica.com.br\/wp-content\/uploads\/2013\/09\/munduruku2-300x200-1.jpg\" alt=\"\" title=\"munduruku2\" width=\"300\" height=\"200\" class=\"aligncenter size-medium wp-image-7064\" \/><\/a><\/p>\n<p>Das ruas em revolta, dos mascarados que n\u00e3o se ajoelham perante a repress\u00e3o que segue, dos negros e negras maloqueiras que reagem contra o racismo, dos renegados que n\u00e3o se envergam na luta contra o capital, das favelas que teimam em n\u00e3o se emudecer ao som da bala, das mulheres que sobejam coragem e dizem n\u00e3o! ao machismo, das trans e homossexuais que resistem com punhos em riste por respeito, de todos os povos e pessoas que gritam em peito aberto pela Liberdade, daqueles que n\u00e3o querem o dia terminado at\u00e9 que caia a \u00faltima das opress\u00f5es: o nosso irrestrito apoio e as nossas sauda\u00e7\u00f5es ao povo Munduruku.<br \/>\nEstamos a postos!<\/p>\n<p>. Que saiam as For\u00e7as Armadas do territ\u00f3rio Munduruku.<br \/>\n. Que parem as pesquisas de EIA na regi\u00e3o.<br \/>\n. Que parem as constru\u00e7\u00f5es de hidrel\u00e9tricas.<br \/>\n. Que se ou\u00e7am os Munduruku e que se respeitem as suas decis\u00f5es acerca do seu pr\u00f3prio destino<\/p>\n<p>ASSINAM:<\/p>\n<p>&#8211; Das Lutas \u2013 RJ<\/p>\n<p>&#8211; Campanha Reaja ou ser\u00e1 morta, Reaja ou ser\u00e1 morto \u2013 BA<\/p>\n<p>&#8211; Quilombo Xis \u2013 A\u00e7\u00e3o Cultural Comunit\u00e1ria \u2013 BA<\/p>\n<p>&#8211; Aldeia Maracan\u00e3 \u2013 RJ<\/p>\n<p>&#8211; Rio40Caos \u2013 RJ<\/p>\n<p>&#8211; Laborat\u00f3rio de Direitos Humanos de Manguinhos \u2013 RJ<\/p>\n<p>&#8211; Jornal O Cidad\u00e3o da Favela da Mar\u00e9 \u2013 RJ<\/p>\n<p>&#8211; Justi\u00e7a Global \u2013 RJ<\/p>\n<p>&#8211; Rede Universidade N\u00f4made<\/p>\n<p>&#8211; Ocupa-Belem \u2013 PA<\/p>\n<p>&#8211; Amazonia em Chamas \u2013 PA<\/p>\n<p>&#8211; Coletivo Projeta\u00e7\u00e3o \u2013 RJ<\/p>\n<p>&#8211; Coletivo Baderna Midi\u00e1tica \u2013 SP<\/p>\n<p>&#8211; Favela N\u00e3o Se Cala \u2013 RJ<\/p>\n<p>&#8211; UniNomade Garoa \u2013 SP<\/p>\n<p>&#8211; Pr\u00e9-Vestibular para Negros e Carentes \u2013 PVNC \u2013 RJ<\/p>\n<p>MAIS INFOS:<br \/>\n<a href=\"http:\/\/www.cimi.org.br\/site\/pt-br\/?system=news&#038;conteudo_id=6962&#038;action=read\">Carta dos Munduruku ao Governo Federal<\/a><\/p>\n<p><a href=\"\nhttp:\/\/daslutas.wordpress.com\/2013\/09\/16\/nota-de-apoio-ao-povo-munduruku\/\"><br \/>\nhttp:\/\/daslutas.wordpress.com\/2013\/09\/16\/nota-de-apoio-ao-povo-munduruku\/<\/a><\/p>","protected":false},"excerpt":{"rendered":"<p>Das ruas em revolta, dos mascarados que n\u00e3o se ajoelham perante a repress\u00e3o que segue, dos negros e negras maloqueiras que reagem contra o racismo, dos renegados que n\u00e3o se envergam na luta contra o capital, das favelas que teimam em n\u00e3o se emudecer ao som da bala, das mulheres que sobejam coragem e dizem [&hellip;]<\/p>\n","protected":false},"author":13,"featured_media":0,"comment_status":"open","ping_status":"closed","sticky":false,"template":"","format":"standard","meta":{"inline_featured_image":false,"footnotes":""},"categories":[1],"tags":[],"anos":[],"projetos":[],"autorias":[],"eixos_tematicos":[],"locais":[],"pessoas":[],"estado":[],"academia":[],"sociedade_civil":[],"class_list":["post-7063","post","type-post","status-publish","format-standard","hentry","category-noticias"],"_links":{"self":[{"href":"https:\/\/forumjustica.com.br\/en\/wp-json\/wp\/v2\/posts\/7063","targetHints":{"allow":["GET"]}}],"collection":[{"href":"https:\/\/forumjustica.com.br\/en\/wp-json\/wp\/v2\/posts"}],"about":[{"href":"https:\/\/forumjustica.com.br\/en\/wp-json\/wp\/v2\/types\/post"}],"author":[{"embeddable":true,"href":"https:\/\/forumjustica.com.br\/en\/wp-json\/wp\/v2\/users\/13"}],"replies":[{"embeddable":true,"href":"https:\/\/forumjustica.com.br\/en\/wp-json\/wp\/v2\/comments?post=7063"}],"version-history":[{"count":1,"href":"https:\/\/forumjustica.com.br\/en\/wp-json\/wp\/v2\/posts\/7063\/revisions"}],"predecessor-version":[{"id":17512,"href":"https:\/\/forumjustica.com.br\/en\/wp-json\/wp\/v2\/posts\/7063\/revisions\/17512"}],"wp:attachment":[{"href":"https:\/\/forumjustica.com.br\/en\/wp-json\/wp\/v2\/media?parent=7063"}],"wp:term":[{"taxonomy":"category","embeddable":true,"href":"https:\/\/forumjustica.com.br\/en\/wp-json\/wp\/v2\/categories?post=7063"},{"taxonomy":"post_tag","embeddable":true,"href":"https:\/\/forumjustica.com.br\/en\/wp-json\/wp\/v2\/tags?post=7063"},{"taxonomy":"anos","embeddable":true,"href":"https:\/\/forumjustica.com.br\/en\/wp-json\/wp\/v2\/anos?post=7063"},{"taxonomy":"projetos","embeddable":true,"href":"https:\/\/forumjustica.com.br\/en\/wp-json\/wp\/v2\/projetos?post=7063"},{"taxonomy":"autorias","embeddable":true,"href":"https:\/\/forumjustica.com.br\/en\/wp-json\/wp\/v2\/autorias?post=7063"},{"taxonomy":"eixos_tematicos","embeddable":true,"href":"https:\/\/forumjustica.com.br\/en\/wp-json\/wp\/v2\/eixos_tematicos?post=7063"},{"taxonomy":"locais","embeddable":true,"href":"https:\/\/forumjustica.com.br\/en\/wp-json\/wp\/v2\/locais?post=7063"},{"taxonomy":"pessoas","embeddable":true,"href":"https:\/\/forumjustica.com.br\/en\/wp-json\/wp\/v2\/pessoas?post=7063"},{"taxonomy":"estado","embeddable":true,"href":"https:\/\/forumjustica.com.br\/en\/wp-json\/wp\/v2\/estado?post=7063"},{"taxonomy":"academia","embeddable":true,"href":"https:\/\/forumjustica.com.br\/en\/wp-json\/wp\/v2\/academia?post=7063"},{"taxonomy":"sociedade_civil","embeddable":true,"href":"https:\/\/forumjustica.com.br\/en\/wp-json\/wp\/v2\/sociedade_civil?post=7063"}],"curies":[{"name":"wp","href":"https:\/\/api.w.org\/{rel}","templated":true}]}}