{"id":7083,"date":"2013-09-25T11:15:38","date_gmt":"2013-09-25T13:15:38","guid":{"rendered":"https:\/\/forumjustica.vlannetwork.com\/?p=7083"},"modified":"2022-09-04T21:16:12","modified_gmt":"2022-09-05T00:16:12","slug":"renovamos-o-compromisso-solidario-com-os-povos-indigenas-que-em-suas-praticas-cotidianas-renovam-a-esperanca-de-dias-melhores","status":"publish","type":"post","link":"https:\/\/forumjustica.com.br\/en\/renovamos-o-compromisso-solidario-com-os-povos-indigenas-que-em-suas-praticas-cotidianas-renovam-a-esperanca-de-dias-melhores\/","title":{"rendered":"\u201cRenovamos o compromisso solid\u00e1rio com os povos ind\u00edgenas que em suas pr\u00e1ticas cotidianas renovam a esperan\u00e7a de dias melhores\u201d"},"content":{"rendered":"<p><\/p>\n<h2><span style=\"font-size: 13px; font-weight: normal; line-height: 19px;\">Por <\/span><a style=\"font-size: 13px; font-weight: normal; line-height: 19px;\" title=\"Posts by CombateRacismoAmbiental\" rel=\"author\" href=\"http:\/\/racismoambiental.net.br\/author\/racismoambiental\/\">CombateRacismoAmbiental<\/a><span style=\"font-size: 13px; font-weight: normal; line-height: 19px;\">, 11\/09\/2013 10:46<\/span><\/h2>\n<div>\n<div><a href=\"https:\/\/forumjustica.com.br\/wp-content\/uploads\/2013\/09\/Cimi-40anos-300x184-1.jpg\"><img loading=\"lazy\" decoding=\"async\" class=\"aligncenter size-full wp-image-7088\" title=\"Cimi-40anos-300x184\" src=\"https:\/\/forumjustica.com.br\/wp-content\/uploads\/2013\/09\/Cimi-40anos-300x184-1.jpg\" alt=\"\" width=\"300\" height=\"184\" \/><\/a><\/div>\n<div><a style=\"font-size: 13px; line-height: 19px;\" href=\"http:\/\/www.cimi.org.br\/\">Cimi Regional Rond\u00f4nia<\/a><\/div>\n<p>N\u00f3s, membros do Conselho Indigenista Mission\u00e1rio \u2013 Regional Rond\u00f4nia, estivemos reunidos\u00a0em nossa XXVIII Assembleia Regional, nos dias 04 e 05 de setembro de 2013, no Centro de Forma\u00e7\u00e3o Diocesano \u2013 CFD de Ji-Paran\u00e1. Marcaram presen\u00e7a: Dom Bruno Pedron, bispo de Ji-Paran\u00e1; Dom Francisco Merkel, Bispo da Diocese de Humait\u00e1; representantes dos povos ind\u00edgenas Cassup\u00e1, Guarasugwe, Gavi\u00e3o, Arara, Purubor\u00e1; Irm\u00e3 Ana Salete Vick, representante da Prov\u00edncia das Irm\u00e3s Catequistas Franciscanas; Jos\u00e9 Iborra Plans, representante da CPT-RO; Jandira Keppi \u2013 COMIN; e outros aliados das causas populares, que lutam e acreditam no projeto milenar dos povos ind\u00edgenas, o \u2018Bem Viver\u2019 para todos.<\/p>\n<p>Motivados pelo tema: \u201c40 anos, desafios e perspectiva na constru\u00e7\u00e3o do bem viver\u201d e o lema: \u201cSomos afligidos de todos os lados, mas n\u00e3o vencidos pela ang\u00fastia; postos entre as maiores tribula\u00e7\u00f5es, mas sem perder a esperan\u00e7a\u201d (2 Cor 4,8), iniciamos a assembleia. A partir da an\u00e1lise de conjuntura constatamos que \u00e9 crescente a viola\u00e7\u00e3o dos direitos dos povos ind\u00edgenas pelos in\u00fameros projetos legislativos que atualmente tramitam no Congresso Nacional, que reafirmam um modelo econ\u00f4mico desenvolvimentista do governo federal, na implanta\u00e7\u00e3o dos grandes projetos e da ambi\u00e7\u00e3o do agroneg\u00f3cio que amea\u00e7am a exist\u00eancia f\u00edsica e cultural dos povos.<\/p>\n<p><strong>Denunciamos:<\/strong><\/p>\n<p>A pol\u00edtica indigenista do governo que usa o aparato policial para coibir a resist\u00eancia e as mobiliza\u00e7\u00f5es ind\u00edgenas no enfrentamento \u00e0s empresas construtoras de hidrel\u00e9tricas, rodovias, ferrovias, mineradoras, empreiteiras entre outras, para atender a press\u00e3o e interesses dos inimigos hist\u00f3ricos dos povos ind\u00edgenas, invasores de seus territ\u00f3rios. Ressaltamos que muitos avan\u00e7os foram conquistados, a partir da Constitui\u00e7\u00e3o Federal de 1988 e da ratifica\u00e7\u00e3o da Conven\u00e7\u00e3o 169 da OIT. No entanto, todas estas conquistas correm o risco de serem atropeladas por empreendimentos, em execu\u00e7\u00e3o ou projetados, para essa regi\u00e3o que afetam os territ\u00f3rios e pelas iniciativas do Congresso Nacional que tenta anular os direitos ind\u00edgenas conquistados e garantidos na Constitui\u00e7\u00e3o Federal de 1988, atrav\u00e9s de in\u00fameras propostas legislativas: PEC 215\/2000 e 038\/99; 237\/13; PL 1610\/96, PLP 227\/12 e da Portaria 303\/12 da Advocacia Geral da Uni\u00e3o e o Decreto 7957\/13.<\/p>\n<p><strong>Exigimos:<\/strong><\/p>\n<p>&#8211; Reconhecimento \u00e9tnico e territorial do povo ind\u00edgena Guarasugwe, em Pimenteiras;<\/p>\n<p>&#8211; Revis\u00e3o dos limites da terra ind\u00edgena Igarap\u00e9 Lourdes para incorporar as terras tradicionais dos Gavi\u00e3o e dos Arara que ficaram fora dos atuais limites;<\/p>\n<p>&#8211; Imediata conclus\u00e3o do grupo de trabalho de revis\u00e3o de limites da terra ind\u00edgena Karitiana;<\/p>\n<p>&#8211; Continua\u00e7\u00e3o do grupo de trabalho de revis\u00e3o de limites da terra Ind\u00edgena Kaxarari;<\/p>\n<p>&#8211; Demarca\u00e7\u00e3o das terras ind\u00edgenas Cassup\u00e1, Salam\u00e3i e Aikan\u00e3 (Chupinguaia),<\/p>\n<p>&#8211; Imediata demarca\u00e7\u00e3o das terras ind\u00edgenas Purubor\u00e1, Migueleno, Wajoro e Cujubim;<\/p>\n<p>&#8211; Interdi\u00e7\u00e3o e demarca\u00e7\u00e3o das terras dos povos ind\u00edgenas livres (sem contato volunt\u00e1rio);<\/p>\n<p>&#8211; Conclus\u00e3o da regulariza\u00e7\u00e3o da Terra Ind\u00edgena Rio Negro Ocaia com o reassentamento dos seringueiros.<\/p>\n<p><strong> <\/strong><\/p>\n<p><strong>Repudiamos:<\/strong><\/p>\n<p>A constru\u00e7\u00e3o da Hidrel\u00e9trica de Tabajara, no rio Machado, que atingir\u00e1 os povos Tenharin, Diahoi, povos isolados daquela regi\u00e3o, Arara e Gavi\u00e3o da terra ind\u00edgena Igarap\u00e9 Lourdes, al\u00e9m de outras popula\u00e7\u00f5es tradicionais e unidades de conserva\u00e7\u00e3o. De igual forma, nosso rep\u00fadio \u00e0 poss\u00edvel constru\u00e7\u00e3o da Hidrel\u00e9trica Ribeir\u00e3o,\u00a0em Nova Mamor\u00e9. Os\u00a0povos ind\u00edgenas daquela regi\u00e3o j\u00e1 est\u00e3o sendo afetados pela Hidrel\u00e9trica de Jirau.<\/p>\n<p><strong>Renovamos:<\/strong><\/p>\n<p>O compromisso solid\u00e1rio com os povos ind\u00edgenas, que em suas pr\u00e1ticas cotidianas, renovam a esperan\u00e7a de dias melhores e a nossa indigna\u00e7\u00e3o frente \u00e0s constantes viola\u00e7\u00f5es dos direitos conquistados na Constitui\u00e7\u00e3o Federal de 1988 e Conven\u00e7\u00e3o 169 da OIT, com a constante resist\u00eancia, luta e mobiliza\u00e7\u00e3o dos povos ind\u00edgenas e seus aliados.<\/p>\n<p>Ji-Paran\u00e1, 05 de setembro de 2013.<\/p>\n<p>\u00a0<\/p>\n<p><a href=\"http:\/\/racismoambiental.net.br\/2013\/09\/renovamos-o-compromisso-solidario-com-os-povos-indigenas-que-em-suas-praticas-cotidianas-renovam-a-esperanca-de-dias-melhores\/\">http:\/\/racismoambiental.net.br\/2013\/09\/renovamos-o-compromisso-solidario-com-os-povos-indigenas-que-em-suas-praticas-cotidianas-renovam-a-esperanca-de-dias-melhores\/<\/a><\/p>\n<\/div>\n<p>\u00a0<\/p>","protected":false},"excerpt":{"rendered":"<p>Por CombateRacismoAmbiental, 11\/09\/2013 10:46 Cimi Regional Rond\u00f4nia N\u00f3s, membros do Conselho Indigenista Mission\u00e1rio \u2013 Regional Rond\u00f4nia, estivemos reunidos\u00a0em nossa XXVIII Assembleia Regional, nos dias 04 e 05 de setembro de 2013, no Centro de Forma\u00e7\u00e3o Diocesano \u2013 CFD de Ji-Paran\u00e1. Marcaram presen\u00e7a: Dom Bruno Pedron, bispo de Ji-Paran\u00e1; Dom Francisco Merkel, Bispo da Diocese de [&hellip;]<\/p>\n","protected":false},"author":13,"featured_media":0,"comment_status":"open","ping_status":"closed","sticky":false,"template":"","format":"standard","meta":{"inline_featured_image":false,"footnotes":""},"categories":[1],"tags":[],"anos":[],"projetos":[],"autorias":[],"eixos_tematicos":[],"locais":[],"pessoas":[],"estado":[],"academia":[],"sociedade_civil":[],"class_list":["post-7083","post","type-post","status-publish","format-standard","hentry","category-noticias"],"_links":{"self":[{"href":"https:\/\/forumjustica.com.br\/en\/wp-json\/wp\/v2\/posts\/7083","targetHints":{"allow":["GET"]}}],"collection":[{"href":"https:\/\/forumjustica.com.br\/en\/wp-json\/wp\/v2\/posts"}],"about":[{"href":"https:\/\/forumjustica.com.br\/en\/wp-json\/wp\/v2\/types\/post"}],"author":[{"embeddable":true,"href":"https:\/\/forumjustica.com.br\/en\/wp-json\/wp\/v2\/users\/13"}],"replies":[{"embeddable":true,"href":"https:\/\/forumjustica.com.br\/en\/wp-json\/wp\/v2\/comments?post=7083"}],"version-history":[{"count":1,"href":"https:\/\/forumjustica.com.br\/en\/wp-json\/wp\/v2\/posts\/7083\/revisions"}],"predecessor-version":[{"id":17502,"href":"https:\/\/forumjustica.com.br\/en\/wp-json\/wp\/v2\/posts\/7083\/revisions\/17502"}],"wp:attachment":[{"href":"https:\/\/forumjustica.com.br\/en\/wp-json\/wp\/v2\/media?parent=7083"}],"wp:term":[{"taxonomy":"category","embeddable":true,"href":"https:\/\/forumjustica.com.br\/en\/wp-json\/wp\/v2\/categories?post=7083"},{"taxonomy":"post_tag","embeddable":true,"href":"https:\/\/forumjustica.com.br\/en\/wp-json\/wp\/v2\/tags?post=7083"},{"taxonomy":"anos","embeddable":true,"href":"https:\/\/forumjustica.com.br\/en\/wp-json\/wp\/v2\/anos?post=7083"},{"taxonomy":"projetos","embeddable":true,"href":"https:\/\/forumjustica.com.br\/en\/wp-json\/wp\/v2\/projetos?post=7083"},{"taxonomy":"autorias","embeddable":true,"href":"https:\/\/forumjustica.com.br\/en\/wp-json\/wp\/v2\/autorias?post=7083"},{"taxonomy":"eixos_tematicos","embeddable":true,"href":"https:\/\/forumjustica.com.br\/en\/wp-json\/wp\/v2\/eixos_tematicos?post=7083"},{"taxonomy":"locais","embeddable":true,"href":"https:\/\/forumjustica.com.br\/en\/wp-json\/wp\/v2\/locais?post=7083"},{"taxonomy":"pessoas","embeddable":true,"href":"https:\/\/forumjustica.com.br\/en\/wp-json\/wp\/v2\/pessoas?post=7083"},{"taxonomy":"estado","embeddable":true,"href":"https:\/\/forumjustica.com.br\/en\/wp-json\/wp\/v2\/estado?post=7083"},{"taxonomy":"academia","embeddable":true,"href":"https:\/\/forumjustica.com.br\/en\/wp-json\/wp\/v2\/academia?post=7083"},{"taxonomy":"sociedade_civil","embeddable":true,"href":"https:\/\/forumjustica.com.br\/en\/wp-json\/wp\/v2\/sociedade_civil?post=7083"}],"curies":[{"name":"wp","href":"https:\/\/api.w.org\/{rel}","templated":true}]}}