{"id":7104,"date":"2013-09-23T12:09:45","date_gmt":"2013-09-23T14:09:45","guid":{"rendered":"https:\/\/forumjustica.vlannetwork.com\/?p=7104"},"modified":"2022-09-04T21:16:12","modified_gmt":"2022-09-05T00:16:12","slug":"a-justica-e-a-resistencia-na-providencia-um-morador-conta","status":"publish","type":"post","link":"https:\/\/forumjustica.com.br\/en\/a-justica-e-a-resistencia-na-providencia-um-morador-conta\/","title":{"rendered":"A Justi\u00e7a e a Resist\u00eancia na Provid\u00eancia: Um Morador Conta"},"content":{"rendered":"<p><\/p>\n<h1><a href=\"https:\/\/forumjustica.com.br\/wp-content\/uploads\/2013\/09\/Morar-Carioca-para-os-moradores.jpg\"><img loading=\"lazy\" decoding=\"async\" class=\"aligncenter size-medium wp-image-7105\" title=\"Morar-Carioca-para-os-moradores\" src=\"https:\/\/forumjustica.com.br\/wp-content\/uploads\/2013\/09\/Morar-Carioca-para-os-moradores-300x225-1.jpg\" alt=\"\" width=\"300\" height=\"225\" \/><\/a><\/h1>\n<h1><span style=\"font-size: 13px; font-weight: normal; line-height: 19px;\">A liminar que paralisava as obras do <\/span><a style=\"font-size: 13px; font-weight: normal; line-height: 19px;\" href=\"http:\/\/bit.ly\/104CmUd\" target=\"_blank\" rel=\"noopener\">Morar Carioca<\/a><span style=\"font-size: 13px; font-weight: normal; line-height: 19px;\"> foi agravada pela Prefeitura do Rio de Janeiro no in\u00edcio deste ano, ou seja, a Prefeitura entrou com um recurso em uma inst\u00e2ncia superior para derrubar a liminar e dar continuidade nas obras do Morar Carioca e por conseq\u00fc\u00eancia as remo\u00e7\u00f5es dentro da comunidade.<\/span><\/h1>\n<div>\n<p>No final de agosto, \u00faltimo dia 28, foram julgados na Sexta C\u00e2mara C\u00edvel os agravos de instrumentos do processo que paralisou as obras do Morar Carioca no Morro da Provid\u00eancia. Os processos de agravos s\u00e3o dois:<\/p>\n<p>Processo No: 0001542-97.2013.8.19.0000 onde o agravante \u00e9 o Munic\u00edpio do Rio de Janeiro e o agravado \u00e9 a Defensoria P\u00fablica do Estado do Rio de Janeiro.<\/p>\n<p>Processo No: 0003162-47.2013.8.19.0000 onde o agravante \u00e9 a Defensoria P\u00fablica do Estado do Rio de Janeiro e o agravado \u00e9 o Munic\u00edpio do Rio de Janeiro.<\/p>\n<p>Os processos tiveram como Relatora a Desembargadora Claudia Pires dos Santos Ferreira.<\/p>\n<p><a rel=\"attachment wp-att-7448\" href=\"https:\/\/forumjustica.com.br\/?attachment_id=7448\"><img loading=\"lazy\" decoding=\"async\" title=\"Escadaria local do Plano Inclinado\" src=\"http:\/\/rioonwatch.org.br\/wp-content\/uploads\/2013\/09\/Escadaria-Local-do-Plano-Inclinado.jpg\" alt=\"\" width=\"252\" height=\"336\" \/><\/a>Com o julgamento dos agravos mantendo a decis\u00e3o da liminar de paralisa\u00e7\u00e3o das obras do Morar Carioca, a Prefeitura s\u00f3 tem autoriza\u00e7\u00e3o a continuar com as obras do<a href=\"http:\/\/bit.ly\/Sh0wXv\" target=\"_blank\" rel=\"noopener\">telef\u00e9rico<\/a>, que j\u00e1 est\u00e3o finalizadas. O telef\u00e9rico s\u00f3 n\u00e3o est\u00e1 funcionando por causa da pr\u00f3pria Prefeitura. Para os moradores do\u00a0<a href=\"http:\/\/bit.ly\/UiTCSh\" target=\"_blank\" rel=\"noopener\">Morro da Provid\u00eancia<\/a> que est\u00e3o amea\u00e7ados por conta das\u00a0<a href=\"http:\/\/bit.ly\/X51Qvb\" target=\"_blank\" rel=\"noopener\">remo\u00e7\u00f5es<\/a> isso d\u00e1 uma aliviada moment\u00e2nea e resguarda o direito de continuarem residindo em suas casas sem sofrer tais remo\u00e7\u00f5es. Contudo, a luta de resist\u00eancia continua, pois queremos que seja respeitado o nosso direito de moradia digna e justa. Isso n\u00e3o \u00e9 um favor do governo, \u00e9 um direito garantido pela Constitui\u00e7\u00e3o Federal.<\/p>\n<p>Com essa decis\u00e3o judicial, a Prefeitura mudou a estrat\u00e9gia de atua\u00e7\u00e3o dentro do morro. Eles fazem reuni\u00f5es em grupos separados para tentar convencer e ludibriar os moradores que n\u00e3o tem conhecimento do processo que tramita na justi\u00e7a. Chegaram ao ponto de incitar o embate entre os moradores que est\u00e3o aguardando a entrega dos apartamentos na Rua Nabuco de Freitas pela Prefeitura e os moradores que lutam para continuarem em suas casas dentro do morro. S\u00f3 que a Secretaria Municipal de Habita\u00e7\u00e3o (SMH) na pessoa do Sr. Secret\u00e1rio Pierre Batista, n\u00e3o informa a comunidade que a culpa pela n\u00e3o continua\u00e7\u00e3o da obra n\u00e3o \u00e9 de 5 moradores como vem sendo divulgado na TV ou nos jornais, e sim da Prefeitura que n\u00e3o apresentou laudos de impactos ambientais, impactos de vizinhan\u00e7a, realiza\u00e7\u00e3o de audi\u00eancias p\u00fablicas, al\u00e9m de n\u00e3o ter havido participa\u00e7\u00e3o dos moradores no desenvolvimento do projeto. 800 fam\u00edlias ser\u00e3o removidas da Provid\u00eancia, conforme informa\u00e7\u00e3o da pr\u00f3pria Prefeitura. Quem s\u00e3o essas fam\u00edlias? Onde est\u00e3o as unidades habitacionais constru\u00eddas e finalizadas dentro da comunidade e\/ou nos arredores? A quantidade de unidades habitacionais constru\u00eddas ser\u00e1 suficiente para realocar essas 800 fam\u00edlias em toda a Provid\u00eancia? Onde est\u00e1 o laudo de risco que comprove o risco das \u00e1reas que eles querem remover?<\/p>\n<p><a rel=\"attachment wp-att-7449\" href=\"https:\/\/forumjustica.com.br\/?attachment_id=\"><img loading=\"lazy\" decoding=\"async\" title=\"Conjunto Habitacional inacabado Nabuco de Freitas\" src=\"http:\/\/rioonwatch.org.br\/wp-content\/uploads\/2013\/09\/Conj.-Habitacional-inacabado-Nabuco-de-Freitas.jpg\" alt=\"\" width=\"336\" height=\"252\" \/><\/a>H\u00e1 muitas perguntas que n\u00e3o s\u00e3o respondidas pela SMH. N\u00e3o somos contra nenhum projeto, desde que esses projetos sejam para\u00a0<a href=\"http:\/\/bit.ly\/Sshp1j\" target=\"_blank\" rel=\"noopener\">n\u00f3s moradores, que lutamos e batalhamos<\/a> ao longo de\u00a0<a href=\"http:\/\/bit.ly\/TuIRuN\" target=\"_blank\" rel=\"noopener\">mais de cem anos de hist\u00f3ria<\/a> do Morro da Provid\u00eancia, a primeira favela da Am\u00e9rica Latina. A hist\u00f3ria do Brasil passa por aqui tamb\u00e9m. N\u00e3o se pode trocar cem anos de hist\u00f3ria por trinta dias de Copa do Mundo e Olimp\u00edadas e apagar tudo isso para satisfazer interesses da iniciativa privada e do pr\u00f3prio governo, que s\u00e3o parceiros nesta empreitada e s\u00f3 est\u00e3o interessados nos lucros que podem obter. O Prefeito quer reescrever a nossa hist\u00f3ria com telef\u00e9rico, plano inclinado, motovia e centro hist\u00f3rico. Para quem? A nossa hist\u00f3ria foi escrita com muito sangue, suor e l\u00e1grimas. N\u00e3o existe hist\u00f3ria nas favelas sem os seus moradores.<\/p>\n<p>Essa luta contra as remo\u00e7\u00f5es, n\u00e3o \u00e9 s\u00f3 do Morro da Provid\u00eancia, mas tamb\u00e9m da\u00a0<a href=\"http:\/\/bit.ly\/14LU2Tv\" target=\"_blank\" rel=\"noopener\">Estradinha<\/a>,\u00a0<a href=\"http:\/\/bit.ly\/Nfddvg\" target=\"_blank\" rel=\"noopener\">Vila Aut\u00f3dromo<\/a>,\u00a0<a href=\"http:\/\/bit.ly\/133Itux\" target=\"_blank\" rel=\"noopener\">Indiana<\/a>,\u00a0<a href=\"http:\/\/bit.ly\/ZC9b6z\" target=\"_blank\" rel=\"noopener\">Manguinhos<\/a> e outras mais.<\/p>\n<p>Quando falamos de pol\u00edtica habitacional temos que lembrar que n\u00e3o se trata somente sobre realoca\u00e7\u00e3o de fam\u00edlias que est\u00e3o sendo removidas na cidade do Rio de Janeiro, mas das pessoas que tamb\u00e9m n\u00e3o t\u00eam onde morar e necessitam de aux\u00edlio do governo para terem uma moradia digna.<\/p>\n<p><em>Roberto Marinho \u00e9 morador do Morro da Provid\u00eancia, cuja fam\u00edlia mora no mesmo local\u00a0<a href=\"http:\/\/bit.ly\/Sshp1j\" target=\"_blank\" rel=\"noopener\">desde 1942<\/a>.<\/em><\/p>\n<\/div>\n<p><a href=\"http:\/\/rioonwatch.org.br\/?p=7444\">http:\/\/rioonwatch.org.br\/?p=7444<\/a><\/p>","protected":false},"excerpt":{"rendered":"<p>A liminar que paralisava as obras do Morar Carioca foi agravada pela Prefeitura do Rio de Janeiro no in\u00edcio deste ano, ou seja, a Prefeitura entrou com um recurso em uma inst\u00e2ncia superior para derrubar a liminar e dar continuidade nas obras do Morar Carioca e por conseq\u00fc\u00eancia as remo\u00e7\u00f5es dentro da comunidade. No final [&hellip;]<\/p>\n","protected":false},"author":13,"featured_media":0,"comment_status":"open","ping_status":"closed","sticky":false,"template":"","format":"standard","meta":{"inline_featured_image":false,"footnotes":""},"categories":[1],"tags":[],"anos":[],"projetos":[],"autorias":[],"eixos_tematicos":[],"locais":[],"pessoas":[],"estado":[],"academia":[],"sociedade_civil":[],"class_list":["post-7104","post","type-post","status-publish","format-standard","hentry","category-noticias"],"_links":{"self":[{"href":"https:\/\/forumjustica.com.br\/en\/wp-json\/wp\/v2\/posts\/7104","targetHints":{"allow":["GET"]}}],"collection":[{"href":"https:\/\/forumjustica.com.br\/en\/wp-json\/wp\/v2\/posts"}],"about":[{"href":"https:\/\/forumjustica.com.br\/en\/wp-json\/wp\/v2\/types\/post"}],"author":[{"embeddable":true,"href":"https:\/\/forumjustica.com.br\/en\/wp-json\/wp\/v2\/users\/13"}],"replies":[{"embeddable":true,"href":"https:\/\/forumjustica.com.br\/en\/wp-json\/wp\/v2\/comments?post=7104"}],"version-history":[{"count":1,"href":"https:\/\/forumjustica.com.br\/en\/wp-json\/wp\/v2\/posts\/7104\/revisions"}],"predecessor-version":[{"id":17506,"href":"https:\/\/forumjustica.com.br\/en\/wp-json\/wp\/v2\/posts\/7104\/revisions\/17506"}],"wp:attachment":[{"href":"https:\/\/forumjustica.com.br\/en\/wp-json\/wp\/v2\/media?parent=7104"}],"wp:term":[{"taxonomy":"category","embeddable":true,"href":"https:\/\/forumjustica.com.br\/en\/wp-json\/wp\/v2\/categories?post=7104"},{"taxonomy":"post_tag","embeddable":true,"href":"https:\/\/forumjustica.com.br\/en\/wp-json\/wp\/v2\/tags?post=7104"},{"taxonomy":"anos","embeddable":true,"href":"https:\/\/forumjustica.com.br\/en\/wp-json\/wp\/v2\/anos?post=7104"},{"taxonomy":"projetos","embeddable":true,"href":"https:\/\/forumjustica.com.br\/en\/wp-json\/wp\/v2\/projetos?post=7104"},{"taxonomy":"autorias","embeddable":true,"href":"https:\/\/forumjustica.com.br\/en\/wp-json\/wp\/v2\/autorias?post=7104"},{"taxonomy":"eixos_tematicos","embeddable":true,"href":"https:\/\/forumjustica.com.br\/en\/wp-json\/wp\/v2\/eixos_tematicos?post=7104"},{"taxonomy":"locais","embeddable":true,"href":"https:\/\/forumjustica.com.br\/en\/wp-json\/wp\/v2\/locais?post=7104"},{"taxonomy":"pessoas","embeddable":true,"href":"https:\/\/forumjustica.com.br\/en\/wp-json\/wp\/v2\/pessoas?post=7104"},{"taxonomy":"estado","embeddable":true,"href":"https:\/\/forumjustica.com.br\/en\/wp-json\/wp\/v2\/estado?post=7104"},{"taxonomy":"academia","embeddable":true,"href":"https:\/\/forumjustica.com.br\/en\/wp-json\/wp\/v2\/academia?post=7104"},{"taxonomy":"sociedade_civil","embeddable":true,"href":"https:\/\/forumjustica.com.br\/en\/wp-json\/wp\/v2\/sociedade_civil?post=7104"}],"curies":[{"name":"wp","href":"https:\/\/api.w.org\/{rel}","templated":true}]}}