{"id":7136,"date":"2013-09-27T09:00:20","date_gmt":"2013-09-27T11:00:20","guid":{"rendered":"https:\/\/forumjustica.vlannetwork.com\/?p=7136"},"modified":"2022-09-04T21:16:12","modified_gmt":"2022-09-05T00:16:12","slug":"lancamento-do-programa-mulher-viver-sem-violencia-no-rio-de-janeiro","status":"publish","type":"post","link":"https:\/\/forumjustica.com.br\/en\/lancamento-do-programa-mulher-viver-sem-violencia-no-rio-de-janeiro\/","title":{"rendered":"Lan\u00e7amento do programa \u2018Mulher, Viver sem Viol\u00eancia\u2019, no Rio de Janeiro"},"content":{"rendered":"<div>No dia 1\u00ba de outubro, o Governo do Estado, Prefeitura do Rio e representantes do Sistema Estadual de Justi\u00e7a firmar\u00e3o a ades\u00e3o ao\u00a0<a rel=\"nofollow noopener\" href=\"http:\/\/mulheres.gov.br\/mulher-viver-sem-violencia\/Mulher-viver-sem-violencia-apresentacao\" target=\"_blank\">programa\u2018Mulher, Viver sem Viol\u00eancia\u2019<\/a>. No ato, a ministra Eleonora Menicucci, da Secretaria de Pol\u00edticas para as Mulheres da Presid\u00eancia da Rep\u00fablica (SPM-PR), far\u00e1 a entrega das Unidades M\u00f3veis para Mulheres em Situa\u00e7\u00e3o de Viol\u00eancia nas \u00e1reas rurais do RJ.<\/div>\n<div><strong>Sua presen\u00e7a \u00e9 muito importante!<\/strong><\/div>\n<div><strong><br \/>\n<\/strong><\/div>\n<div><strong>Data:<\/strong> 1\u00ba de outubro de 2013 (ter\u00e7a-feira)<\/div>\n<div><strong>Hor\u00e1rio:<\/strong> 15h<\/div>\n<div><strong>Local:<\/strong> Pal\u00e1cio Guanabara (Rua Pinheiro Machado, S\/N \u2013 Laranjeiras).<\/div>\n<div><strong><em> <\/em><\/strong><\/div>\n<div><strong><em>ANA ROCHA<\/em><\/strong><\/div>\n<div>Secret\u00e1ria da SPM-Rio<\/div>\n","protected":false},"excerpt":{"rendered":"<p>No dia 1\u00ba de outubro, o Governo do Estado, Prefeitura do Rio e representantes do Sistema Estadual de Justi\u00e7a firmar\u00e3o a ades\u00e3o ao\u00a0programa\u2018Mulher, Viver sem Viol\u00eancia\u2019. No ato, a ministra Eleonora Menicucci, da Secretaria de Pol\u00edticas para as Mulheres da Presid\u00eancia da Rep\u00fablica (SPM-PR), far\u00e1 a entrega das Unidades M\u00f3veis para Mulheres em Situa\u00e7\u00e3o de [&hellip;]<\/p>\n","protected":false},"author":13,"featured_media":0,"comment_status":"open","ping_status":"closed","sticky":false,"template":"","format":"standard","meta":{"inline_featured_image":false,"footnotes":""},"categories":[1],"tags":[],"anos":[],"projetos":[],"autorias":[],"eixos_tematicos":[],"locais":[],"pessoas":[],"estado":[],"academia":[],"sociedade_civil":[],"class_list":["post-7136","post","type-post","status-publish","format-standard","hentry","category-noticias"],"_links":{"self":[{"href":"https:\/\/forumjustica.com.br\/en\/wp-json\/wp\/v2\/posts\/7136","targetHints":{"allow":["GET"]}}],"collection":[{"href":"https:\/\/forumjustica.com.br\/en\/wp-json\/wp\/v2\/posts"}],"about":[{"href":"https:\/\/forumjustica.com.br\/en\/wp-json\/wp\/v2\/types\/post"}],"author":[{"embeddable":true,"href":"https:\/\/forumjustica.com.br\/en\/wp-json\/wp\/v2\/users\/13"}],"replies":[{"embeddable":true,"href":"https:\/\/forumjustica.com.br\/en\/wp-json\/wp\/v2\/comments?post=7136"}],"version-history":[{"count":1,"href":"https:\/\/forumjustica.com.br\/en\/wp-json\/wp\/v2\/posts\/7136\/revisions"}],"predecessor-version":[{"id":17500,"href":"https:\/\/forumjustica.com.br\/en\/wp-json\/wp\/v2\/posts\/7136\/revisions\/17500"}],"wp:attachment":[{"href":"https:\/\/forumjustica.com.br\/en\/wp-json\/wp\/v2\/media?parent=7136"}],"wp:term":[{"taxonomy":"category","embeddable":true,"href":"https:\/\/forumjustica.com.br\/en\/wp-json\/wp\/v2\/categories?post=7136"},{"taxonomy":"post_tag","embeddable":true,"href":"https:\/\/forumjustica.com.br\/en\/wp-json\/wp\/v2\/tags?post=7136"},{"taxonomy":"anos","embeddable":true,"href":"https:\/\/forumjustica.com.br\/en\/wp-json\/wp\/v2\/anos?post=7136"},{"taxonomy":"projetos","embeddable":true,"href":"https:\/\/forumjustica.com.br\/en\/wp-json\/wp\/v2\/projetos?post=7136"},{"taxonomy":"autorias","embeddable":true,"href":"https:\/\/forumjustica.com.br\/en\/wp-json\/wp\/v2\/autorias?post=7136"},{"taxonomy":"eixos_tematicos","embeddable":true,"href":"https:\/\/forumjustica.com.br\/en\/wp-json\/wp\/v2\/eixos_tematicos?post=7136"},{"taxonomy":"locais","embeddable":true,"href":"https:\/\/forumjustica.com.br\/en\/wp-json\/wp\/v2\/locais?post=7136"},{"taxonomy":"pessoas","embeddable":true,"href":"https:\/\/forumjustica.com.br\/en\/wp-json\/wp\/v2\/pessoas?post=7136"},{"taxonomy":"estado","embeddable":true,"href":"https:\/\/forumjustica.com.br\/en\/wp-json\/wp\/v2\/estado?post=7136"},{"taxonomy":"academia","embeddable":true,"href":"https:\/\/forumjustica.com.br\/en\/wp-json\/wp\/v2\/academia?post=7136"},{"taxonomy":"sociedade_civil","embeddable":true,"href":"https:\/\/forumjustica.com.br\/en\/wp-json\/wp\/v2\/sociedade_civil?post=7136"}],"curies":[{"name":"wp","href":"https:\/\/api.w.org\/{rel}","templated":true}]}}